{"id":144963,"date":"2026-06-27T17:06:20","date_gmt":"2026-06-27T20:06:20","guid":{"rendered":"https:\/\/grandepremio.com\/br\/?p=144963"},"modified":"2026-06-27T17:06:21","modified_gmt":"2026-06-27T20:06:21","slug":"speed-trap-confira-velocidades-maximas-classificacao-gp-austria-f1-2026","status":"publish","type":"post","link":"https:\/\/grandepremio.com\/br\/f1\/speed-trap-confira-velocidades-maximas-classificacao-gp-austria-f1-2026\/","title":{"rendered":"Speed Trap: confira velocidades m\u00e1ximas da classifica\u00e7\u00e3o GP da \u00c1ustria da F1 2026"},"content":{"rendered":"\n<p class=\"wp-block-paragraph\">Al\u00e9m de garantir a pole-position do <strong>GP da \u00c1ustria<\/strong>, <strong>George Russell<\/strong> tamb\u00e9m foi respons\u00e1vel por liderar o <strong>Speed Trap<\/strong> da <a href=\"https:\/\/grandepremio.com\/br\/f1\/george-russell-conta-batida-max-verstappen-poe-mercedes-pole-gp-austria\/\">classifica\u00e7\u00e3o deste s\u00e1bado (27)<\/a>. Ao atingir a velocidade de 323,9 km\/h, o brit\u00e2nico ficou logo \u00e0 frente de <strong>Andrea Kimi Antonelli<\/strong>, companheiro de <strong>Mercedes<\/strong>, que cravou 321,9 km\/h na atividade.<\/p>\n\n\n\n<p class=\"wp-block-paragraph\">O terceiro e o quarto lugares ficaram com <strong>Pierre Gasly<\/strong> e <strong>Franco Colapinto<\/strong>, respectivamente, dupla da <strong>Alpine<\/strong>, que anotaram 319,1 km\/h e 319 km\/h. <strong>Oscar Piastri<\/strong> foi quem fechou a lista dos cinco primeiros, com 317,9 km\/h, enquanto <strong>Carlos Sainz<\/strong> (317,3 km\/h), <strong>Liam Lawson<\/strong> (316,4 km\/h), <strong>Alexander Albon<\/strong> (316,3 km\/h), <strong>Max Verstappen<\/strong> (316,2 km\/h) e <strong>Arvid Lindblad<\/strong> (315,9 km\/h) completaram o top-10.<\/p>\n\n\n\n<figure class=\"wp-block-embed is-type-video is-provider-youtube wp-block-embed-youtube wp-embed-aspect-16-9 wp-has-aspect-ratio\"><div class=\"wp-block-embed__wrapper\">\n<iframe loading=\"lazy\" title=\"F1 2026: RUSSELL POLE, VERSTAPPEN BATE NA \u00c1USTRIA: GRID DE LARGADA [narra\u00e7\u00e3o + Briefing]\" width=\"500\" height=\"281\" src=\"https:\/\/www.youtube.com\/embed\/d2YUVBr0Vhs?feature=oembed\" frameborder=\"0\" allow=\"accelerometer; autoplay; clipboard-write; encrypted-media; gyroscope; picture-in-picture; web-share\" referrerpolicy=\"strict-origin-when-cross-origin\" allowfullscreen><\/iframe>\n<\/div><\/figure>\n\n\n\n<p class=\"wp-block-paragraph\"><strong>Gabriel Bortoleto<\/strong>, que<a href=\"https:\/\/grandepremio.com\/br\/f1\/gabriel-bortoleto-culpa-motor-audi-queda-q2-austria-perdemos-muito-retas\/\"> culpou a falta de velocidade de reta do motor <strong>Audi<\/strong> pela queda no Q2<\/a>, ficou em 16\u00ba no Speed Trap, com 311,1 km\/h, logo atr\u00e1s de <strong>Nico H\u00fclkenberg<\/strong> (311,6 km\/h). Como n\u00e3o poderia ser diferente, <strong>Fernando Alonso<\/strong> e <strong>Lance Stroll<\/strong> voltaram a ocupar as \u00faltimas posi\u00e7\u00f5es com a <strong>Aston Martin<\/strong>.<\/p>\n\n\n\n<p class=\"wp-block-paragraph\">O&nbsp;<strong>GRANDE PR\u00caMIO<\/strong>&nbsp;acompanha todas as atividades do&nbsp;<strong>GP da \u00c1ustria<\/strong>&nbsp;<a href=\"https:\/\/www.grandepremio.com\/br\/ao-vivo\/f1\/\">&nbsp;<strong>AO VIVO E EM&nbsp;<\/strong><\/a><strong><a href=\"https:\/\/www.grandepremio.com\/br\/ao-vivo\/\" target=\"_blank\" rel=\"noreferrer noopener\">TEMPO REAL<\/a><\/strong>,&nbsp;<a href=\"https:\/\/www.youtube.com\/@GrandePremio1\/streams\">al\u00e9m de classifica\u00e7\u00e3o e corrida em&nbsp;<strong>SEGUNDA TELA&nbsp;<\/strong>no YouTube<\/a>, em parceria com a&nbsp;<strong>Voz do Esporte<\/strong>. O&nbsp;<strong>Briefing&nbsp;<\/strong>chega para analisar ap\u00f3s o fim de cada dia de atividades nas redes sociais e na&nbsp;<strong>GPTV<\/strong>.<\/p>\n\n\n\n<p class=\"wp-block-paragraph\">Al\u00e9m da cobertura completa das atividades, o\u00a0<strong>GRANDE PR\u00caMIO<\/strong>\u00a0tamb\u00e9m est\u00e1 in loco em\u00a0<strong>Spielberg<\/strong>\u00a0com o rep\u00f3rter\u00a0<strong>Leonid Kliuev<\/strong>.<\/p>\n\n\n\n<h2 class=\"wp-block-heading\"><strong>F1 2026: Speed Trap da classifica\u00e7\u00e3o do GP da \u00c1ustria<\/strong><\/h2>\n\n\n\n<figure class=\"wp-block-table is-style-stripes\"><table class=\"has-fixed-layout\"><tbody><tr><td><strong>1<\/strong><\/td><td>G RUSSELL<\/td><td>Mercedes<\/td><td>323.9<\/td><\/tr><tr><td><strong>2<\/strong><\/td><td>A K ANTONELLI<\/td><td>Mercedes<\/td><td>321.9<\/td><\/tr><tr><td><strong>3<\/strong><\/td><td>P GASLY<\/td><td>Alpine Mercedes<\/td><td>319.1<\/td><\/tr><tr><td><strong>4<\/strong><\/td><td>F COLAPINTO<\/td><td>Alpine Mercedes<\/td><td>319.0<\/td><\/tr><tr><td><strong>5<\/strong><\/td><td>O PIASTRI<\/td><td>McLaren Mercedes<\/td><td>317.9<\/td><\/tr><tr><td><strong>6<\/strong><\/td><td>C SAINZ<\/td><td>Williams Mercedes<\/td><td>317.3<\/td><\/tr><tr><td><strong>7<\/strong><\/td><td>L LAWSON<\/td><td>Racing Bulls RBPT Ford<\/td><td>316.4<\/td><\/tr><tr><td><strong>8<\/strong><\/td><td>A ALBON<\/td><td>Williams Mercedes<\/td><td>316.3<\/td><\/tr><tr><td><strong>9<\/strong><\/td><td>M VERSTAPPEN<\/td><td>Red Bull RBPT Ford<\/td><td>316.2<\/td><\/tr><tr><td><strong>10<\/strong><\/td><td>A LINDBLAD<\/td><td>Racing Bulls RBPT Ford<\/td><td>315.9<\/td><\/tr><tr><td><strong>11<\/strong><\/td><td>L NORRIS<\/td><td>McLaren Mercedes<\/td><td>315.6<\/td><\/tr><tr><td><strong>12<\/strong><\/td><td>I HADJAR<\/td><td>Red Bull RBPT Ford<\/td><td>314.5<\/td><\/tr><tr><td><strong>13<\/strong><\/td><td>L HAMILTON<\/td><td>Ferrari<\/td><td>314.0<\/td><\/tr><tr><td><strong>14<\/strong><\/td><td>V BOTTAS<\/td><td>Cadillac Ferrari<\/td><td>313.2<\/td><\/tr><tr><td><strong>15<\/strong><\/td><td>N H\u00dcLKENBERG<\/td><td>Audi<\/td><td>311.6<\/td><\/tr><tr><td><strong>16<\/strong><\/td><td>G BORTOLETO<\/td><td>Audi<\/td><td>311.1<\/td><\/tr><tr><td><strong>17<\/strong><\/td><td>O BEARMAN<\/td><td>Haas Ferrari<\/td><td>310.7<\/td><\/tr><tr><td><strong>18<\/strong><\/td><td>S P\u00c9REZ<\/td><td>Cadillac Ferrari<\/td><td>310.5<\/td><\/tr><tr><td><strong>19<\/strong><\/td><td>E OCON<\/td><td>Haas Ferrari<\/td><td>308.3<\/td><\/tr><tr><td><strong>20<\/strong><\/td><td>C LECLERC<\/td><td>Ferrari<\/td><td>308.0<\/td><\/tr><tr><td><strong>21<\/strong><\/td><td>F ALONSO<\/td><td>Aston Martin Honda<\/td><td>301.9<\/td><\/tr><tr><td><strong>22<\/strong><\/td><td>L STROLL<\/td><td>Aston Martin Honda<\/td><td>299.1<\/td><\/tr><\/tbody><\/table><\/figure>\n\n\n\n<h2 class=\"wp-block-heading\">GP da \u00c1ustria&nbsp;de F1: veja os hor\u00e1rios em Brasil, Cabo Verde,&nbsp;<a href=\"https:\/\/grandepremio.pt\/\" target=\"_blank\" rel=\"noreferrer noopener\"><strong>Portugal<\/strong><\/a>, Angola e Mo\u00e7ambique:<\/h2>\n\n\n\n<figure class=\"wp-block-table\"><table class=\"has-fixed-layout\"><tbody><tr><td><strong>Sess\u00e3o<\/strong><\/td><td><strong>BRA*<\/strong><\/td><td><strong>CBV<\/strong><\/td><td><strong>POR<\/strong><br><strong>ANG<\/strong><\/td><td><strong>MOZ<\/strong><\/td><\/tr><tr><td>Corrida<\/td><td>10:00<\/td><td>12:00<\/td><td>14:00<\/td><td>15:00<\/td><\/tr><\/tbody><\/table><\/figure>\n\n\n\n<p class=\"wp-block-paragraph\"><em>*Hor\u00e1rio de Bras\u00edlia<\/em><\/p>\n\n\n\n<p class=\"wp-block-paragraph\">\u25b6\ufe0f\u00a0<strong>F1:\u00a0<a href=\"https:\/\/www.grandepremio.com\/br\/f1\/calendario\/\">confira o calend\u00e1rio completo de 2026<\/a><\/strong><br>\u25b6\ufe0f\u00a0<strong>Inscreva-se nos dois canais do GRANDE PR\u00caMIO no YouTube:\u00a0<a href=\"https:\/\/www.youtube.com\/channel\/UC9OlHEgxoaY6QY6nWPoiqQg?sub_confirmation=1\">GP<\/a>\u00a0|\u00a0<a href=\"https:\/\/www.youtube.com\/channel\/UC9csiS6q_C3C0FYhyr1rnFA?sub_confirmation=1\">GPTV<\/a><\/strong><\/p>\n\n\n\n<h2 class=\"wp-block-heading\"><strong>F1 hoje: saiba aqui as not\u00edcias mais importantes do dia da F\u00f3rmula 1<\/strong><\/h2>\n\n\n\n<p class=\"wp-block-paragraph\">A reda\u00e7\u00e3o do&nbsp;<strong>GRANDE PR\u00caMIO<\/strong>&nbsp;selecionou as not\u00edcias mais importantes das \u00faltimas horas para voc\u00ea ficar por dentro de tudo que acontece na F1.<\/p>\n\n\n\n<p class=\"wp-block-paragraph\">\u25b6\ufe0f\u00a0<a href=\"https:\/\/grandepremio.com\/br\/f1\/george-russell-conta-batida-max-verstappen-poe-mercedes-pole-gp-austria\/\"><strong>Russell conta com batida de Verstappen e p\u00f5e Mercedes na pole do GP da \u00c1ustria<\/strong><\/a><br>\u25b6\ufe0f\u00a0<a href=\"https:\/\/grandepremio.com\/br\/f1\/red-bull-enaltece-dialogo-fia-teme-consequencias-graves-aduo-f1\/\"><strong>Red Bull enaltece di\u00e1logo com FIA, mas teme \u201cconsequ\u00eancias graves\u201d com ADUO na F1<\/strong><\/a><br>\u25b6\ufe0f\u00a0<a href=\"https:\/\/grandepremio.com\/br\/f1\/george-russell-minimiza-polemica-pole-bandeira-amarela-austria-perdi-0s25\/\"><strong>Russell minimiza pol\u00eamica por pole com bandeira amarela na \u00c1ustria: \u201cPerdi 0s25\u201d<\/strong><\/a><br>\u25b6\ufe0f\u00a0<a href=\"https:\/\/grandepremio.com\/br\/f1\/charles-leclerc-admite-surpresa-2o-lugar-grid-austria-aprova-pacote-ferrari\/\"><strong>Leclerc admite surpresa com 2\u00ba lugar no grid da \u00c1ustria e aprova pacote da Ferrari<\/strong><\/a><br>\u25b6\ufe0f\u00a0<a href=\"https:\/\/grandepremio.com\/br\/f1\/lewis-hamilton-diz-3o-lugar-grid-austria-reflete-trabalho-incrivel-ferrari\/\"><strong>Hamilton diz que 3\u00ba lugar no grid da \u00c1ustria \u201creflete trabalho incr\u00edvel\u201d da Ferrari<\/strong><\/a><br>\u25b6\ufe0f\u00a0<a href=\"https:\/\/grandepremio.com\/br\/f1\/gabriel-bortoleto-culpa-motor-audi-queda-q2-austria-perdemos-muito-retas\/\"><strong>Bortoleto culpa motor Audi por queda no Q2 da \u00c1ustria: \u201cPerdemos muito nas retas\u201d<\/strong><\/a><\/p>\n","protected":false},"excerpt":{"rendered":"<p>George Russell liderou tamb\u00e9m a tabela do Speed Trap da classifica\u00e7\u00e3o do GP da \u00c1ustria. Andrea Kimi Antonelli e Pierre Gasly fecharam o top-3<\/p>\n","protected":false},"author":19,"featured_media":1020307729,"comment_status":"closed","ping_status":"closed","sticky":false,"template":"","format":"standard","meta":{"42wp_featured_image_caption":"F1 2026, AUSTRIA, CLASSIFICA\u00c7\u00c3O, MERCEDES, GEORGE RUSSELL, CARRO","42wp_featured_image_credits":"F1 2026, AUSTRIA, CLASSIFICA\u00c7\u00c3O, MERCEDES, GEORGE RUSSELL, CARRO","42wp_featured_video":"","42wp_featured_image_hidden":false,"42wp_authors_list":[],"footnotes":""},"categories":[2],"tags":[26271,147,29516,29148,24868,31425,28995,24888,40100,24836,28285,36194,35129,1763,4613,47291,31955,31470],"42wp_author":[47160],"class_list":["post-144963","post","type-post","status-publish","format-standard","has-post-thumbnail","hentry","category-f1","tag-calendario-f1","tag-f1","tag-f1-2026","tag-f1-hoje","tag-formula-1-3","tag-formula-1-2026","tag-formula-1-hoje","tag-gp-da-austria-2","tag-gp-da-austria-f1","tag-grande-premio-2","tag-grandepremio","tag-horarios-f1-2","tag-onde-assistir-f1","tag-red-bull-ring","tag-spielberg","tag-spielberg-2026","tag-spielberg-f1","tag-temporada-2026-f1","42wp_author-vicente-soella"],"_links":{"self":[{"href":"https:\/\/grandepremio.com\/br\/wp-json\/wp\/v2\/posts\/144963","targetHints":{"allow":["GET"]}}],"collection":[{"href":"https:\/\/grandepremio.com\/br\/wp-json\/wp\/v2\/posts"}],"about":[{"href":"https:\/\/grandepremio.com\/br\/wp-json\/wp\/v2\/types\/post"}],"author":[{"embeddable":true,"href":"https:\/\/grandepremio.com\/br\/wp-json\/wp\/v2\/users\/19"}],"replies":[{"embeddable":true,"href":"https:\/\/grandepremio.com\/br\/wp-json\/wp\/v2\/comments?post=144963"}],"version-history":[{"count":4,"href":"https:\/\/grandepremio.com\/br\/wp-json\/wp\/v2\/posts\/144963\/revisions"}],"predecessor-version":[{"id":144979,"href":"https:\/\/grandepremio.com\/br\/wp-json\/wp\/v2\/posts\/144963\/revisions\/144979"}],"wp:featuredmedia":[{"embeddable":true,"href":"https:\/\/grandepremio.com\/br\/wp-json\/wp\/v2\/media\/1020307729"}],"wp:attachment":[{"href":"https:\/\/grandepremio.com\/br\/wp-json\/wp\/v2\/media?parent=144963"}],"wp:term":[{"taxonomy":"category","embeddable":true,"href":"https:\/\/grandepremio.com\/br\/wp-json\/wp\/v2\/categories?post=144963"},{"taxonomy":"post_tag","embeddable":true,"href":"https:\/\/grandepremio.com\/br\/wp-json\/wp\/v2\/tags?post=144963"},{"taxonomy":"42wp_author","embeddable":true,"href":"https:\/\/grandepremio.com\/br\/wp-json\/wp\/v2\/42wp_author?post=144963"}],"curies":[{"name":"wp","href":"https:\/\/api.w.org\/{rel}","templated":true}]}}