{"id":145028,"date":"2026-06-28T03:45:00","date_gmt":"2026-06-28T06:45:00","guid":{"rendered":"https:\/\/grandepremio.com\/br\/?p=145028"},"modified":"2026-06-27T21:37:23","modified_gmt":"2026-06-28T00:37:23","slug":"formula-1-vai-passar-tv-hoje-qual-horario-gp-da-austria","status":"publish","type":"post","link":"https:\/\/grandepremio.com\/br\/f1\/formula-1-vai-passar-tv-hoje-qual-horario-gp-da-austria\/","title":{"rendered":"F\u00f3rmula 1 vai passar na TV hoje? Qual o hor\u00e1rio do GP da \u00c1ustria"},"content":{"rendered":"\n<p class=\"wp-block-paragraph\">A <strong>F\u00f3rmula 1<\/strong> est\u00e1 no <strong>Red Bull Ring<\/strong> para disputar o <strong>GP da \u00c1ustria<\/strong>, 8\u00aa etapa da temporada 2026. A programa\u00e7\u00e3o come\u00e7ou na sexta-feira, com os dois primeiros treinos livres. O TL3 e a classifica\u00e7\u00e3o aconteceram no s\u00e1bado e a corrida ser\u00e1 neste domingo (28). Portanto, fique ligado nos hor\u00e1rios e onde assistir \u00e0 prova.<\/p>\n\n\n\n<p class=\"wp-block-paragraph\">O GP da \u00c1ustria \u00e9 disputado no formato tradicional, com tr\u00eas treinos livres, classifica\u00e7\u00e3o e corrida. Assim como na etapa na Catalunha, as atividades acontecem durante a manh\u00e3 no Brasil.<\/p>\n\n\n\n<figure class=\"wp-block-embed is-type-video is-provider-youtube wp-block-embed-youtube wp-embed-aspect-16-9 wp-has-aspect-ratio\"><div class=\"wp-block-embed__wrapper\">\n<iframe loading=\"lazy\" title=\"F1 2026: RUSSELL POLE, VERSTAPPEN BATE NA \u00c1USTRIA: GRID DE LARGADA [narra\u00e7\u00e3o + Briefing]\" width=\"500\" height=\"281\" src=\"https:\/\/www.youtube.com\/embed\/d2YUVBr0Vhs?feature=oembed\" frameborder=\"0\" allow=\"accelerometer; autoplay; clipboard-write; encrypted-media; gyroscope; picture-in-picture; web-share\" referrerpolicy=\"strict-origin-when-cross-origin\" allowfullscreen><\/iframe>\n<\/div><\/figure>\n\n\n\n<p class=\"wp-block-paragraph\">Neste domingo, a largada do GP da \u00c1ustria est\u00e1 marcada para 10h (hor\u00e1rio de Bras\u00edlia, GMT-3). A corrida ter\u00e1 transmiss\u00e3o ao vivo da <em>Globo<\/em> na TV aberta, al\u00e9m do <em>sportv3<\/em>, <em>GloboPlay <\/em>e <em>F1 TV<\/em>, streaming oficial da categoria.<\/p>\n\n\n\n<p class=\"wp-block-paragraph\">O&nbsp;<strong>GRANDE PR\u00caMIO<\/strong>&nbsp;acompanha todas as atividades<a href=\"https:\/\/www.grandepremio.com\/br\/ao-vivo\/f1\/\">&nbsp;<strong>AO VIVO E EM&nbsp;<\/strong><\/a><strong><a href=\"https:\/\/www.grandepremio.com\/br\/ao-vivo\/\" target=\"_blank\" rel=\"noreferrer noopener\">TEMPO REAL<\/a><\/strong>,&nbsp;<a href=\"https:\/\/www.youtube.com\/@GrandePremio1\/streams\">al\u00e9m de classifica\u00e7\u00e3o e corrida em&nbsp;<strong>SEGUNDA TELA&nbsp;<\/strong>no YouTube<\/a>, em parceria com a&nbsp;<strong>Voz do Esporte<\/strong>. O&nbsp;<strong>Briefing&nbsp;<\/strong>chega para analisar ap\u00f3s o fim de cada dia de atividades nas redes sociais e na&nbsp;<strong>GPTV<\/strong>.<\/p>\n\n\n\n<p class=\"wp-block-paragraph\">Al\u00e9m da cobertura completa das atividades, o&nbsp;<strong>GRANDE PR\u00caMIO<\/strong>&nbsp;tamb\u00e9m estar\u00e1&nbsp;<strong>IN LOCO<\/strong>&nbsp;em&nbsp;Barcelona com o rep\u00f3rter&nbsp;<strong>Leonid Kliuev<\/strong>.<\/p>\n\n\n\n<h2 id=\"h-gp-da-catalunha-de-f1-veja-os-horarios-em-brasil-cabo-verde-nbsp-portugal-angola-e-mocambique\" class=\"wp-block-heading\"><strong>GP da \u00c1ustria de F1: veja os hor\u00e1rios em Brasil, Cabo Verde,\u00a0<a href=\"https:\/\/grandepremio.pt\/\" target=\"_blank\" rel=\"noreferrer noopener\">Portugal<\/a>, Angola e Mo\u00e7ambique:<\/strong><\/h2>\n\n\n\n<figure class=\"wp-block-table\"><table class=\"has-fixed-layout\"><tbody><tr><td class=\"has-text-align-left\" data-align=\"left\"><strong>Sess\u00e3o<\/strong><\/td><td class=\"has-text-align-left\" data-align=\"left\"><strong>BRA*<\/strong><\/td><td class=\"has-text-align-left\" data-align=\"left\"><strong>CBV<\/strong><\/td><td class=\"has-text-align-left\" data-align=\"left\"><strong>POR<\/strong><br><strong>ANG<\/strong><\/td><td class=\"has-text-align-left\" data-align=\"left\"><strong>MOZ<\/strong><\/td><\/tr><tr><td class=\"has-text-align-left\" data-align=\"left\">Corrida<\/td><td class=\"has-text-align-left\" data-align=\"left\">10:00<\/td><td class=\"has-text-align-left\" data-align=\"left\">12:00<\/td><td class=\"has-text-align-left\" data-align=\"left\">14:00<\/td><td class=\"has-text-align-left\" data-align=\"left\">15:00<\/td><\/tr><\/tbody><\/table><\/figure>\n\n\n\n<p class=\"wp-block-paragraph\"><em>*Hor\u00e1rio de Bras\u00edlia<\/em><\/p>\n\n\n\n<p class=\"wp-block-paragraph\">\u25b6\ufe0f&nbsp;<a href=\"%C2%A0confira%20o%20calend%C3%A1rio%20completo%20de%202026\"><strong>F1: confira o calend\u00e1rio completo de 2026<\/strong><\/a><br>\u25b6\ufe0f&nbsp;<strong>Inscreva-se nos dois canais do GRANDE PR\u00caMIO no YouTube:&nbsp;<a href=\"https:\/\/www.youtube.com\/channel\/UC9OlHEgxoaY6QY6nWPoiqQg?sub_confirmation=1\">GP<\/a>&nbsp;|&nbsp;<a href=\"https:\/\/www.youtube.com\/channel\/UC9csiS6q_C3C0FYhyr1rnFA?sub_confirmation=1\">GPTV<\/a><\/strong><\/p>\n\n\n\n<h2 id=\"h-f1-hoje-saiba-aqui-as-noticias-mais-importantes-do-dia-da-formula-1\" class=\"wp-block-heading\"><strong>F1 hoje: saiba aqui as not\u00edcias mais importantes do dia da F\u00f3rmula 1<\/strong><\/h2>\n\n\n\n<p class=\"wp-block-paragraph\">A reda\u00e7\u00e3o do&nbsp;<strong>GRANDE PR\u00caMIO<\/strong>&nbsp;selecionou as not\u00edcias mais importantes das \u00faltimas horas para voc\u00ea ficar por dentro de tudo que acontece na F1.<\/p>\n\n\n\n<p class=\"wp-block-paragraph\"><strong>F1 hoje: saiba aqui as not\u00edcias mais importantes do dia da F\u00f3rmula 1<\/strong><\/p>\n\n\n\n<p class=\"wp-block-paragraph\">A reda\u00e7\u00e3o do&nbsp;<strong>GRANDE PR\u00caMIO<\/strong>&nbsp;selecionou as not\u00edcias mais importantes das \u00faltimas horas para voc\u00ea ficar por dentro de tudo que acontece na F1.<\/p>\n\n\n\n<p class=\"wp-block-paragraph\"><a href=\"https:\/\/grandepremio.com\/br\/f1\/george-russell-minimiza-polemica-pole-bandeira-amarela-austria-perdi-0s25\/\"><strong>Russell minimiza pol\u00eamica por pole com bandeira amarela na \u00c1ustria: \u201cPerdi 0s25\u201d<\/strong><\/a><br><a href=\"https:\/\/grandepremio.com\/br\/f1\/charles-leclerc-admite-surpresa-2o-lugar-grid-austria-aprova-pacote-ferrari\/\"><strong>Leclerc admite surpresa com 2\u00ba lugar no grid da \u00c1ustria e aprova pacote da Ferrari<\/strong><\/a><br><a href=\"https:\/\/grandepremio.com\/br\/f1\/lewis-hamilton-diz-3o-lugar-grid-austria-reflete-trabalho-incrivel-ferrari\/\"><strong>Hamilton diz que 3\u00ba lugar no grid da \u00c1ustria \u201creflete trabalho incr\u00edvel\u201d da Ferrari<\/strong><\/a><br><a href=\"https:\/\/grandepremio.com\/br\/f1\/gabriel-bortoleto-culpa-motor-audi-queda-q2-austria-perdemos-muito-retas\/\"><strong>Bortoleto culpa motor Audi por queda no Q2 da \u00c1ustria: \u201cPerdemos muito nas retas\u201d<\/strong><\/a><\/p>\n\n\n\n<p class=\"wp-block-paragraph\"><\/p>\n","protected":false},"excerpt":{"rendered":"<p>A F\u00f3rmula 1 disputa, neste domingo (28), o GP da \u00c1ustria. Confira a programa\u00e7\u00e3o do dia e saiba como assistir<\/p>\n","protected":false},"author":14,"featured_media":1020307678,"comment_status":"closed","ping_status":"closed","sticky":false,"template":"","format":"standard","meta":{"42wp_featured_image_caption":"F1 2026, AUSTRIA, TREINO LIVRE, ALPINE, FRANCO COLAPINTO, CARRO","42wp_featured_image_credits":"F1 2026, AUSTRIA, TREINO LIVRE, ALPINE, FRANCO COLAPINTO, CARRO","42wp_featured_video":"","42wp_featured_image_hidden":false,"42wp_authors_list":[],"footnotes":""},"categories":[2],"tags":[26271,5273,147,29516,29148,180,31425,28995,23783,40100,1491,28285,30840,35129,1763,4613,47291,31955,31470],"42wp_author":[],"class_list":["post-145028","post","type-post","status-publish","format-standard","has-post-thumbnail","hentry","category-f1","tag-calendario-f1","tag-classificacao-f1","tag-f1","tag-f1-2026","tag-f1-hoje","tag-formula-1","tag-formula-1-2026","tag-formula-1-hoje","tag-gp-da-austria","tag-gp-da-austria-f1","tag-grande-premio","tag-grandepremio","tag-horarios-f1","tag-onde-assistir-f1","tag-red-bull-ring","tag-spielberg","tag-spielberg-2026","tag-spielberg-f1","tag-temporada-2026-f1"],"_links":{"self":[{"href":"https:\/\/grandepremio.com\/br\/wp-json\/wp\/v2\/posts\/145028","targetHints":{"allow":["GET"]}}],"collection":[{"href":"https:\/\/grandepremio.com\/br\/wp-json\/wp\/v2\/posts"}],"about":[{"href":"https:\/\/grandepremio.com\/br\/wp-json\/wp\/v2\/types\/post"}],"author":[{"embeddable":true,"href":"https:\/\/grandepremio.com\/br\/wp-json\/wp\/v2\/users\/14"}],"replies":[{"embeddable":true,"href":"https:\/\/grandepremio.com\/br\/wp-json\/wp\/v2\/comments?post=145028"}],"version-history":[{"count":1,"href":"https:\/\/grandepremio.com\/br\/wp-json\/wp\/v2\/posts\/145028\/revisions"}],"predecessor-version":[{"id":145029,"href":"https:\/\/grandepremio.com\/br\/wp-json\/wp\/v2\/posts\/145028\/revisions\/145029"}],"wp:featuredmedia":[{"embeddable":true,"href":"https:\/\/grandepremio.com\/br\/wp-json\/wp\/v2\/media\/1020307678"}],"wp:attachment":[{"href":"https:\/\/grandepremio.com\/br\/wp-json\/wp\/v2\/media?parent=145028"}],"wp:term":[{"taxonomy":"category","embeddable":true,"href":"https:\/\/grandepremio.com\/br\/wp-json\/wp\/v2\/categories?post=145028"},{"taxonomy":"post_tag","embeddable":true,"href":"https:\/\/grandepremio.com\/br\/wp-json\/wp\/v2\/tags?post=145028"},{"taxonomy":"42wp_author","embeddable":true,"href":"https:\/\/grandepremio.com\/br\/wp-json\/wp\/v2\/42wp_author?post=145028"}],"curies":[{"name":"wp","href":"https:\/\/api.w.org\/{rel}","templated":true}]}}