{"id":14511,"date":"2025-11-29T16:03:51","date_gmt":"2025-11-29T19:03:51","guid":{"rendered":"https:\/\/grandepremio.com\/br\/noticias\/adesivo-solta-carro-carlos-sainz-forca-bandeira-vermelha-q3-catar\/"},"modified":"2025-11-30T18:06:36","modified_gmt":"2025-11-30T21:06:36","slug":"adesivo-solta-carro-carlos-sainz-forca-bandeira-vermelha-q3-catar","status":"publish","type":"post","link":"https:\/\/grandepremio.com\/br\/f1\/adesivo-solta-carro-carlos-sainz-forca-bandeira-vermelha-q3-catar\/","title":{"rendered":"Adesivo se solta de carro de Sainz e for\u00e7a bandeira vermelha no Q3 do Catar"},"content":{"rendered":"\n<p class=\"wp-block-paragraph\">A classifica\u00e7\u00e3o do <strong>GP do Catar<\/strong>, realizada neste s\u00e1bado (29), foi interrompida. Quando a regressiva do Q3 marcava aproximadamente 5m30s, um adesivo colado no carro de <strong>Carlos Sainz<\/strong> se soltou durante volta de aquecimento de pneus, ficando na pista do <strong>Circuito Internacional de Lusail<\/strong>. Como consequ\u00eancia, a dire\u00e7\u00e3o de prova interrompeu a sess\u00e3o para limpeza do tra\u00e7ado.<\/p>\n\n\n\n<p class=\"wp-block-paragraph\">Ao sair dos boxes para a tentativa final de volta na parte decisiva da classifica\u00e7\u00e3o, Sainz relatou ter um objeto colado que tornava seu carro &#8220;imposs\u00edvel de guiar&#8221;. O adesivo se desprendeu ao longo da volta e ficou na pista, exigindo a paralisa\u00e7\u00e3o para que um fiscal o removesse. Na retomada da sess\u00e3o, o espanhol anotou 1min20s287 e ficou com o s\u00e9timo lugar para o grid de largada da corrida desde domingo.<\/p>\n\n\n\n<p class=\"wp-block-paragraph\">O&nbsp;<strong>GRANDE PR\u00caMIO<\/strong>&nbsp;acompanha todas as atividades<a href=\"https:\/\/www.grandepremio.com\/br\/ao-vivo\/f1\/\">&nbsp;<strong>AO VIVO E EM&nbsp;<\/strong><\/a><strong><a href=\"https:\/\/www.grandepremio.com\/br\/ao-vivo\/\" target=\"_blank\" rel=\"noreferrer noopener\">TEMPO REAL<\/a><\/strong>,&nbsp;<a href=\"https:\/\/www.youtube.com\/@GrandePremio1\/streams\">al\u00e9m de classifica\u00e7\u00f5es e corridas em&nbsp;<strong>SEGUNDA TELA&nbsp;<\/strong>no YouTube<\/a>, em parceria com a&nbsp;<strong>Voz do Esporte<\/strong>. O&nbsp;<strong>Briefing&nbsp;<\/strong>chega para analisar ap\u00f3s o fim de cada dia de atividades nas redes sociais e na&nbsp;<strong>GPTV<\/strong>.<\/p>\n\n\n\n<p class=\"wp-block-paragraph\">Al\u00e9m da cobertura tradicional, o<strong>&nbsp;GRANDE PR\u00caMIO<\/strong>&nbsp;estar\u00e1&nbsp;<strong>IN LOCO<\/strong>&nbsp;em&nbsp;<strong><a href=\"https:\/\/www.grandepremio.com\/br\/circuito\/lusail\/\" target=\"_blank\" rel=\"noreferrer noopener\">Lusail<\/a><\/strong>&nbsp;para acompanhar todas as emo\u00e7\u00f5es da etapa com o rep\u00f3rter&nbsp;<strong>Leonid Kliuev<\/strong>.<\/p>\n\n\n\n<p class=\"wp-block-paragraph\"><strong>GP do Catar de F1: veja os hor\u00e1rios em Brasil, Cabo Verde,&nbsp;<a href=\"https:\/\/grandepremio.pt\/\" target=\"_blank\" rel=\"noreferrer noopener\">Portugal<\/a>, Angola e Mo\u00e7ambique:<\/strong><\/p>\n\n\n\n<figure class=\"wp-block-table\"><table class=\"has-fixed-layout\"><tbody><tr><td><strong>Sess\u00e3o<\/strong><\/td><td><strong>BRA*<\/strong><\/td><td><strong>CBV<\/strong><\/td><td><strong>POR<\/strong><br><strong>ANG<\/strong><\/td><td><strong>MOZ<\/strong><\/td><\/tr><tr><td>Corrida<\/td><td>13:00<\/td><td>15:00<\/td><td>17:00<\/td><td>18:00<\/td><\/tr><\/tbody><\/table><\/figure>\n\n\n\n<p class=\"wp-block-paragraph\"><em>*Hor\u00e1rio de Bras\u00edlia<\/em><\/p>\n\n\n\n<p class=\"wp-block-paragraph\">\u25b6\ufe0f&nbsp;<strong>Onde assistir F1?&nbsp;<a href=\"https:\/\/www.grandepremio.com\/br\/programacao-tv\/noticias\/onde-assistir-corridas-do-fim-de-semana-tv-streaming-28-30-de-novembro\/\">Veja aqui todas as informa\u00e7\u00f5es<\/a><\/strong><br>\u25b6\ufe0f&nbsp;<strong>F1: faltam quantas corridas?&nbsp;<a href=\"https:\/\/www.grandepremio.com\/br\/f1\/calendario\/\" target=\"_blank\" rel=\"noreferrer noopener\">Veja o calend\u00e1rio da F1<\/a><\/strong><br>\u25b6\ufe0f&nbsp;<strong>Inscreva-se nos dois canais do GRANDE PR\u00caMIO no YouTube:&nbsp;<a href=\"https:\/\/www.youtube.com\/channel\/UC9OlHEgxoaY6QY6nWPoiqQg?sub_confirmation=1\" target=\"_blank\" rel=\"noreferrer noopener\">GP<\/a>&nbsp;|&nbsp;<a href=\"https:\/\/www.youtube.com\/channel\/UC9csiS6q_C3C0FYhyr1rnFA?sub_confirmation=1\" target=\"_blank\" rel=\"noreferrer noopener\">GP2<\/a><\/strong><\/p>\n\n\n\n<figure class=\"wp-block-embed is-type-video is-provider-youtube wp-block-embed-youtube wp-embed-aspect-16-9 wp-has-aspect-ratio\"><div class=\"wp-block-embed__wrapper\">\n<iframe loading=\"lazy\" title=\"GP DO CATAR F1 2025 AO VIVO: TUDO SOBRE A CLASSIFICA\u00c7\u00c3O | BRIEFING [grande premio]\" width=\"500\" height=\"281\" src=\"https:\/\/www.youtube.com\/embed\/pyUzCwd2Cyg?feature=oembed\" frameborder=\"0\" allow=\"accelerometer; autoplay; clipboard-write; encrypted-media; gyroscope; picture-in-picture; web-share\" referrerpolicy=\"strict-origin-when-cross-origin\" allowfullscreen><\/iframe>\n<\/div><\/figure>\n","protected":false},"excerpt":{"rendered":"<p>Adesivo ficou preso no carro de Carlos Sainz ao deixar os boxes, se soltou do carro da Williams e ficou no meio da pista, for\u00e7ando interrup\u00e7\u00e3o do Q3 no Catar<\/p>\n","protected":false},"author":0,"featured_media":1001038696,"comment_status":"closed","ping_status":"closed","sticky":false,"template":"","format":"standard","meta":{"42wp_featured_image_caption":"","42wp_featured_image_credits":"","42wp_featured_video":"","42wp_featured_image_hidden":false,"42wp_authors_list":[],"footnotes":""},"categories":[2],"tags":[26271,546,1113,5273,147,3630,180,3628,600,41740,1491,28285,30840,31014,43265,36668,35129,42001,215],"42wp_author":[47164],"class_list":["post-14511","post","type-post","status-publish","format-standard","has-post-thumbnail","hentry","category-f1","tag-calendario-f1","tag-carlos-sainz","tag-catar","tag-classificacao-f1","tag-f1","tag-f1-2025","tag-formula-1","tag-formula-1-2025","tag-gp-do-catar","tag-gp-do-catar-f1","tag-grande-premio","tag-grandepremio","tag-horarios-f1","tag-lusail","tag-lusail-2025","tag-lusail-f1","tag-onde-assistir-f1","tag-temporada-2025-f1","tag-williams","42wp_author-marcos-gil-ribeiro"],"_links":{"self":[{"href":"https:\/\/grandepremio.com\/br\/wp-json\/wp\/v2\/posts\/14511","targetHints":{"allow":["GET"]}}],"collection":[{"href":"https:\/\/grandepremio.com\/br\/wp-json\/wp\/v2\/posts"}],"about":[{"href":"https:\/\/grandepremio.com\/br\/wp-json\/wp\/v2\/types\/post"}],"replies":[{"embeddable":true,"href":"https:\/\/grandepremio.com\/br\/wp-json\/wp\/v2\/comments?post=14511"}],"version-history":[{"count":0,"href":"https:\/\/grandepremio.com\/br\/wp-json\/wp\/v2\/posts\/14511\/revisions"}],"wp:featuredmedia":[{"embeddable":true,"href":"https:\/\/grandepremio.com\/br\/wp-json\/wp\/v2\/media\/1001038696"}],"wp:attachment":[{"href":"https:\/\/grandepremio.com\/br\/wp-json\/wp\/v2\/media?parent=14511"}],"wp:term":[{"taxonomy":"category","embeddable":true,"href":"https:\/\/grandepremio.com\/br\/wp-json\/wp\/v2\/categories?post=14511"},{"taxonomy":"post_tag","embeddable":true,"href":"https:\/\/grandepremio.com\/br\/wp-json\/wp\/v2\/tags?post=14511"},{"taxonomy":"42wp_author","embeddable":true,"href":"https:\/\/grandepremio.com\/br\/wp-json\/wp\/v2\/42wp_author?post=14511"}],"curies":[{"name":"wp","href":"https:\/\/api.w.org\/{rel}","templated":true}]}}