{"id":145226,"date":"2026-06-28T12:41:54","date_gmt":"2026-06-28T15:41:54","guid":{"rendered":"https:\/\/grandepremio.com\/br\/?p=145226"},"modified":"2026-06-28T12:41:56","modified_gmt":"2026-06-28T15:41:56","slug":"charles-leclerc-busca-respostas-8o-lugar-ferrari-austria-um-pouco-tudo","status":"publish","type":"post","link":"https:\/\/grandepremio.com\/br\/f1\/charles-leclerc-busca-respostas-8o-lugar-ferrari-austria-um-pouco-tudo\/","title":{"rendered":"Leclerc busca respostas para 8\u00ba lugar com Ferrari na \u00c1ustria: &#8220;\u00c9 um pouco de tudo&#8221;"},"content":{"rendered":"\n<p class=\"wp-block-paragraph\"><strong>Charles Leclerc<\/strong> confessou que ainda n\u00e3o entende a falta de desempenho da <strong>Ferrari<\/strong> no <a href=\"https:\/\/grandepremio.com\/br\/f1\/george-russell-neutraliza-max-verstappen-vence-escaldante-gp-austria-gabriel-bortoleto-11o\/\"><strong>GP da \u00c1ustria<\/strong> deste domingo (28)<\/a>, oitava etapa da temporada 2026 da <strong>F\u00f3rmula 1<\/strong>. Em entrevista acompanhada pelo <strong>GRANDE PR\u00caMIO<\/strong>, o monegasco tamb\u00e9m voltou a falar da disputa interna contra <strong>Lewis Hamilton<\/strong>, admitindo que o heptacampe\u00e3o mais uma vez apresentou um melhor ritmo.<\/p>\n\n\n\n<p class=\"wp-block-paragraph\">Ao largar da segunda posi\u00e7\u00e3o, o <strong>#16<\/strong> n\u00e3o foi capaz de superar o pole <strong>George Russell<\/strong> e, inclusive, perdeu algumas posi\u00e7\u00f5es. Depois de parar nos boxes pela primeira vez, na 13\u00aa volta, nunca se mostrou capaz de acompanhar os carros de <strong>Mercedes<\/strong>, <strong>Red Bull<\/strong> e <strong>McLaren<\/strong>, cruzando a linha de chegada na oitava coloca\u00e7\u00e3o.<\/p>\n\n\n\n<figure class=\"wp-block-embed is-type-video is-provider-youtube wp-block-embed-youtube wp-embed-aspect-16-9 wp-has-aspect-ratio\"><div class=\"wp-block-embed__wrapper\">\n<iframe loading=\"lazy\" title=\"\ud83d\udd34 F1 2026 AO VIVO: RUSSELL VENCE NA \u00c1USTRIA. VEJA CLASSIFICA\u00c7\u00c2O [narra\u00e7\u00e3o + Briefing]\" width=\"500\" height=\"281\" src=\"https:\/\/www.youtube.com\/embed\/wbgBIbzS4WM?feature=oembed\" frameborder=\"0\" allow=\"accelerometer; autoplay; clipboard-write; encrypted-media; gyroscope; picture-in-picture; web-share\" referrerpolicy=\"strict-origin-when-cross-origin\" allowfullscreen><\/iframe>\n<\/div><\/figure>\n\n\n\n<p class=\"wp-block-paragraph\">&#8220;Foi uma corrida extremamente dif\u00edcil. No geral, tivemos muito pouca ader\u00eancia e foi complicado fazer os pneus trabalharem, principalmente na janela ideal de funcionamento. Especialmente os traseiros, que sofreram com muita falta de ader\u00eancia&#8221;, come\u00e7ou Leclerc.<\/p>\n\n\n\n<p class=\"wp-block-paragraph\">&#8220;Ainda h\u00e1 muito trabalho pela frente. Acho que tenho trabalhado muito nas \u00faltimas semanas, porque sempre houve um motivo ou outro que me fez sofrer no domingo ou no s\u00e1bado. Mas, neste momento, sempre h\u00e1 alguma raz\u00e3o para as dificuldades, e isso provavelmente significa que ainda n\u00e3o tenho uma ideia clara do que preciso do carro. \u00c9 isso que preciso descobrir&#8221;, seguiu.<\/p>\n\n\n\n<p class=\"wp-block-paragraph\">&#8220;Neste fim de semana, estivemos bem mais atr\u00e1s do que o normal, especialmente na corrida. Na classifica\u00e7\u00e3o, at\u00e9 n\u00e3o fomos t\u00e3o mal, mas, no conjunto, fomos menos competitivos. Ent\u00e3o, \u00e9 um pouco de tudo, mas provavelmente o principal fator foi o equil\u00edbrio do carro&#8221;, completou o monegasco, que foi questionado pelo <strong>GRANDE PR\u00caMIO<\/strong> se sentiu que estava mais pr\u00f3ximo do ritmo de Hamilton em <strong>Spielberg<\/strong>.<\/p>\n\n\n\n<p class=\"wp-block-paragraph\">&#8220;Lewis fez uma boa largada e conquistou posi\u00e7\u00e3o de pista, o que talvez tenha ajudado um pouco no in\u00edcio. Mas, mesmo quando est\u00e1vamos em ar limpo, acho que ele tinha um pouco mais de ritmo do que eu&#8221;, encerrou.<\/p>\n\n\n\n<figure class=\"wp-block-image size-large\"><img loading=\"lazy\" decoding=\"async\" width=\"1024\" height=\"576\" src=\"https:\/\/grandepremio.com\/br\/wp-content\/uploads\/2026\/06\/f1-2026-austria-classificacao-ferrari-charles-leclerc-01-1024x576.jpg\" alt=\"F1 2026, AUSTRIA, CLASSIFICA\u00c7\u00c3O, FERRARI, CHARLES LECLERC, RETRATO ROSTO\" class=\"wp-image-1020307867\" srcset=\"https:\/\/grandepremio.com\/wp-content\/uploads\/2026\/06\/f1-2026-austria-classificacao-ferrari-charles-leclerc-01-1024x576.jpg 1024w, https:\/\/grandepremio.com\/wp-content\/uploads\/2026\/06\/f1-2026-austria-classificacao-ferrari-charles-leclerc-01-300x169.jpg 300w, https:\/\/grandepremio.com\/wp-content\/uploads\/2026\/06\/f1-2026-austria-classificacao-ferrari-charles-leclerc-01-768x432.jpg 768w, https:\/\/grandepremio.com\/wp-content\/uploads\/2026\/06\/f1-2026-austria-classificacao-ferrari-charles-leclerc-01-1536x864.jpg 1536w, https:\/\/grandepremio.com\/wp-content\/uploads\/2026\/06\/f1-2026-austria-classificacao-ferrari-charles-leclerc-01-1200x675.jpg 1200w, https:\/\/grandepremio.com\/wp-content\/uploads\/2026\/06\/f1-2026-austria-classificacao-ferrari-charles-leclerc-01-150x84.jpg 150w, https:\/\/grandepremio.com\/wp-content\/uploads\/2026\/06\/f1-2026-austria-classificacao-ferrari-charles-leclerc-01.jpg 1920w\" sizes=\"(max-width: 1024px) 100vw, 1024px\" \/><figcaption class=\"wp-element-caption\">Charles Leclerc teve uma corrida para esquecer no GP da \u00c1ustria (Foto: Ferrari)<\/figcaption><\/figure>\n\n\n\n<p class=\"wp-block-paragraph\">A F\u00f3rmula 1 volta de 3 a 5 de julho com o&nbsp;<strong>GP da Inglaterra<\/strong>, em&nbsp;<strong>Silverstone<\/strong>, nona etapa da temporada 2026.<\/p>\n\n\n\n<p class=\"wp-block-paragraph\">\u25b6\ufe0f\u00a0<strong>F1:\u00a0<a href=\"https:\/\/www.grandepremio.com\/br\/f1\/calendario\/\">confira o calend\u00e1rio completo de 2026<\/a><\/strong><br>\u25b6\ufe0f\u00a0<strong>Inscreva-se nos dois canais do GRANDE PR\u00caMIO no YouTube:\u00a0<a href=\"https:\/\/www.youtube.com\/channel\/UC9OlHEgxoaY6QY6nWPoiqQg?sub_confirmation=1\">GP<\/a>\u00a0|\u00a0<a href=\"https:\/\/www.youtube.com\/channel\/UC9csiS6q_C3C0FYhyr1rnFA?sub_confirmation=1\">GPTV<\/a><\/strong><\/p>\n\n\n\n<h2 class=\"wp-block-heading\"><strong>F1 hoje: saiba aqui as not\u00edcias mais importantes do dia da F\u00f3rmula 1<\/strong><\/h2>\n\n\n\n<p class=\"wp-block-paragraph\">A reda\u00e7\u00e3o do&nbsp;<strong>GRANDE PR\u00caMIO<\/strong>&nbsp;selecionou as not\u00edcias mais importantes das \u00faltimas horas para voc\u00ea ficar por dentro de tudo que acontece na F1.<\/p>\n\n\n\n<p class=\"wp-block-paragraph\">\u25b6\ufe0f\u00a0<strong><a href=\"https:\/\/grandepremio.com\/br\/f1\/george-russell-neutraliza-max-verstappen-vence-escaldante-gp-austria-gabriel-bortoleto-11o\/\">Russell neutraliza Verstappen e vence escaldante GP da \u00c1ustria. Bortoleto \u00e9 11\u00ba<\/a><\/strong><br>\u25b6\ufe0f <strong><a href=\"https:\/\/grandepremio.com\/br\/f1\/george-russell-festeja-vitoria-complicado-gp-da-austria-teste-psicologico\/\">Russell festeja vit\u00f3ria em \u201ccomplicado\u201d GP da \u00c1ustria: \u201cFoi um teste psicol\u00f3gico\u201d<\/a><\/strong><br>\u25b6\ufe0f <strong><a href=\"https:\/\/grandepremio.com\/br\/f1\/max-verstappen-celebra-2o-lugar-extremamente-positivo-gp-austria-otima-corrida\/\">Verstappen celebra 2\u00ba lugar \u201cextremamente positivo\u201d na \u00c1ustria: \u201c\u00d3tima corrida\u201d<\/a><\/strong><br>\u25b6\ufe0f\u00a0<strong><a href=\"https:\/\/grandepremio.com\/br\/f1\/andrea-kimi-antonelli-reconhece-muitos-erros-briga-vitoria-austria-nao-fui-bem\/\">Antonelli reconhece \u201cmuitos erros\u201d em briga por vit\u00f3ria na \u00c1ustria: \u201cN\u00e3o fui bem\u201d<\/a><\/strong><br>\u25b6\ufe0f <strong><a href=\"https:\/\/grandepremio.com\/br\/f1\/gabriel-bortoleto-ve-grande-evolucao-austria-apesar-frustracao-11o-lugar\/\">Bortoleto v\u00ea \u201cgrande evolu\u00e7\u00e3o\u201d na \u00c1ustria apesar de frustra\u00e7\u00e3o com 11\u00ba lugar<\/a><\/strong><\/p>\n","protected":false},"excerpt":{"rendered":"<p>Charles Leclerc reclamou da falta de equil\u00edbrio do carro da Ferrari e admitiu que voltou a apresentar um ritmo inferior em compara\u00e7\u00e3o a Lewis Hamilton<\/p>\n","protected":false},"author":19,"featured_media":1020307942,"comment_status":"closed","ping_status":"closed","sticky":false,"template":"","format":"standard","meta":{"42wp_featured_image_caption":"F1 2026, AUSTRIA, CORRIDA, FERRARI, CHARLES LECLERC, CARRO","42wp_featured_image_credits":"F1 2026, AUSTRIA, CORRIDA, FERRARI, CHARLES LECLERC, CARRO","42wp_featured_video":"","42wp_featured_image_hidden":false,"42wp_authors_list":[],"footnotes":""},"categories":[2],"tags":[26271,209,147,29516,29148,207,24868,31425,28995,24888,40100,24836,28285,36194,35129,1763,4613,47291,31955,31470],"42wp_author":[47165,47160],"class_list":["post-145226","post","type-post","status-publish","format-standard","has-post-thumbnail","hentry","category-f1","tag-calendario-f1","tag-charles-leclerc","tag-f1","tag-f1-2026","tag-f1-hoje","tag-ferrari","tag-formula-1-3","tag-formula-1-2026","tag-formula-1-hoje","tag-gp-da-austria-2","tag-gp-da-austria-f1","tag-grande-premio-2","tag-grandepremio","tag-horarios-f1-2","tag-onde-assistir-f1","tag-red-bull-ring","tag-spielberg","tag-spielberg-2026","tag-spielberg-f1","tag-temporada-2026-f1","42wp_author-leonid-kluiev","42wp_author-vicente-soella"],"_links":{"self":[{"href":"https:\/\/grandepremio.com\/br\/wp-json\/wp\/v2\/posts\/145226","targetHints":{"allow":["GET"]}}],"collection":[{"href":"https:\/\/grandepremio.com\/br\/wp-json\/wp\/v2\/posts"}],"about":[{"href":"https:\/\/grandepremio.com\/br\/wp-json\/wp\/v2\/types\/post"}],"author":[{"embeddable":true,"href":"https:\/\/grandepremio.com\/br\/wp-json\/wp\/v2\/users\/19"}],"replies":[{"embeddable":true,"href":"https:\/\/grandepremio.com\/br\/wp-json\/wp\/v2\/comments?post=145226"}],"version-history":[{"count":4,"href":"https:\/\/grandepremio.com\/br\/wp-json\/wp\/v2\/posts\/145226\/revisions"}],"predecessor-version":[{"id":145253,"href":"https:\/\/grandepremio.com\/br\/wp-json\/wp\/v2\/posts\/145226\/revisions\/145253"}],"wp:featuredmedia":[{"embeddable":true,"href":"https:\/\/grandepremio.com\/br\/wp-json\/wp\/v2\/media\/1020307942"}],"wp:attachment":[{"href":"https:\/\/grandepremio.com\/br\/wp-json\/wp\/v2\/media?parent=145226"}],"wp:term":[{"taxonomy":"category","embeddable":true,"href":"https:\/\/grandepremio.com\/br\/wp-json\/wp\/v2\/categories?post=145226"},{"taxonomy":"post_tag","embeddable":true,"href":"https:\/\/grandepremio.com\/br\/wp-json\/wp\/v2\/tags?post=145226"},{"taxonomy":"42wp_author","embeddable":true,"href":"https:\/\/grandepremio.com\/br\/wp-json\/wp\/v2\/42wp_author?post=145226"}],"curies":[{"name":"wp","href":"https:\/\/api.w.org\/{rel}","templated":true}]}}