{"id":145258,"date":"2026-06-28T13:10:00","date_gmt":"2026-06-28T16:10:00","guid":{"rendered":"https:\/\/grandepremio.com\/br\/?p=145258"},"modified":"2026-06-28T13:10:32","modified_gmt":"2026-06-28T16:10:32","slug":"lando-norris-admite-surpresa-ritmo-ferrari-austria-fiquei-pena-deles","status":"publish","type":"post","link":"https:\/\/grandepremio.com\/br\/f1\/lando-norris-admite-surpresa-ritmo-ferrari-austria-fiquei-pena-deles\/","title":{"rendered":"Norris admite surpresa com ritmo da Ferrari na \u00c1ustria: &#8220;Fiquei com pena deles&#8221;"},"content":{"rendered":"\n<p class=\"wp-block-paragraph\">Com exce\u00e7\u00e3o das altas temperaturas, que atingiu a todos, <strong>Lando Norris<\/strong> afirmou que n\u00e3o tem muito do que reclamar da <strong>McLaren<\/strong> no <a href=\"https:\/\/grandepremio.com\/br\/f1\/george-russell-neutraliza-max-verstappen-vence-escaldante-gp-austria-gabriel-bortoleto-11o\/\"><strong>GP da \u00c1ustria<\/strong> deste domingo (28)<\/a>, oitava etapa da temporada 2026 da <strong>F\u00f3rmula 1<\/strong>. O atual campe\u00e3o mundial ainda tratou a <strong>Ferrari<\/strong> como surpresa negativa do dia, uma vez que os rivais de Maranello n\u00e3o apresentaram o ritmo que era esperado inicialmente.<\/p>\n\n\n\n<p class=\"wp-block-paragraph\">Ao largar do sexto lugar, o brit\u00e2nico n\u00e3o foi capaz de impor press\u00e3o para cima dos principais concorrentes, concluindo as 71 voltas \u00e0 frente apenas de <strong>Charles Leclerc<\/strong>, na s\u00e9tima coloca\u00e7\u00e3o. Em entrevista acompanhada pelo <strong>GRANDE PR\u00caMIO<\/strong>, admitiu que n\u00e3o tinha muito o que dizer sobre a prova em <strong>Spielberg<\/strong>.<\/p>\n\n\n\n<figure class=\"wp-block-embed is-type-video is-provider-youtube wp-block-embed-youtube wp-embed-aspect-16-9 wp-has-aspect-ratio\"><div class=\"wp-block-embed__wrapper\">\n<iframe loading=\"lazy\" title=\"\ud83d\udd34 F1 2026 AO VIVO: RUSSELL VENCE NA \u00c1USTRIA. VEJA CLASSIFICA\u00c7\u00c2O [narra\u00e7\u00e3o + Briefing]\" width=\"500\" height=\"281\" src=\"https:\/\/www.youtube.com\/embed\/wbgBIbzS4WM?feature=oembed\" frameborder=\"0\" allow=\"accelerometer; autoplay; clipboard-write; encrypted-media; gyroscope; picture-in-picture; web-share\" referrerpolicy=\"strict-origin-when-cross-origin\" allowfullscreen><\/iframe>\n<\/div><\/figure>\n\n\n\n<p class=\"wp-block-paragraph\">&#8220;Foi uma corrida dif\u00edcil para todo mundo. N\u00e3o houve nada de f\u00e1cil com as temperaturas que enfrentamos. Na primeira volta, perdi posi\u00e7\u00f5es para alguns carros e tamb\u00e9m fui prejudicado nos pit-stops, porque tivemos de chamar <strong>Oscar<\/strong> [<strong>Piastri<\/strong>] primeiro para cobrir [<strong>Isack<\/strong>] <strong>Hadjar<\/strong>. Com isso, perdi posi\u00e7\u00e3o de pista, e foi basicamente isso&#8221;, come\u00e7ou Norris.<\/p>\n\n\n\n<p class=\"wp-block-paragraph\">&#8220;Fora isso, n\u00e3o h\u00e1 muito do que reclamar. Hoje, posi\u00e7\u00e3o de pista era o fator mais importante, ent\u00e3o foi uma pena, mas faz parte. Diria que o nosso ritmo pareceu um pouco melhor do que esper\u00e1vamos para a corrida. A grande surpresa foi a Ferrari ter sofrido tanto&#8221;, acrescentou.<\/p>\n\n\n\n<p class=\"wp-block-paragraph\">&#8220;Sinceramente, at\u00e9 fiquei com pena deles. Quando voc\u00ea n\u00e3o tem pot\u00eancia, precisa for\u00e7ar muito nas retas e tamb\u00e9m nas curvas, e simplesmente n\u00e3o d\u00e1 para fazer isso com esse tipo de pneu. Ent\u00e3o, foi uma corrida muito dif\u00edcil para eles. Dito isso, n\u00e3o foi uma corrida ruim para n\u00f3s&#8221;, avaliou Norris.<\/p>\n\n\n\n<p class=\"wp-block-paragraph\">&#8220;Ainda tivemos dificuldades com o equil\u00edbrio do carro, que continua extremamente complicado de pilotar, mas imagino que essa tenha sido uma realidade parecida para todos hoje. N\u00e3o mudamos nada: continuamos enfrentando os mesmos problemas e ainda precisamos de tempo para evoluir&#8221;, encerrou.<\/p>\n\n\n\n<figure class=\"wp-block-image size-large\"><img loading=\"lazy\" decoding=\"async\" width=\"1024\" height=\"576\" src=\"https:\/\/grandepremio.com\/br\/wp-content\/uploads\/2026\/06\/f1-2026-austria-corrida-mclaren-lando-norris-01-1024x576.jpg\" alt=\"F1 2026, AUSTRIA, CORRIDA, MCLAREN, LANDO NORRIS, CARRO PIT STOP\" class=\"wp-image-1020307909\" srcset=\"https:\/\/grandepremio.com\/wp-content\/uploads\/2026\/06\/f1-2026-austria-corrida-mclaren-lando-norris-01-1024x576.jpg 1024w, https:\/\/grandepremio.com\/wp-content\/uploads\/2026\/06\/f1-2026-austria-corrida-mclaren-lando-norris-01-300x169.jpg 300w, https:\/\/grandepremio.com\/wp-content\/uploads\/2026\/06\/f1-2026-austria-corrida-mclaren-lando-norris-01-768x432.jpg 768w, https:\/\/grandepremio.com\/wp-content\/uploads\/2026\/06\/f1-2026-austria-corrida-mclaren-lando-norris-01-1536x864.jpg 1536w, https:\/\/grandepremio.com\/wp-content\/uploads\/2026\/06\/f1-2026-austria-corrida-mclaren-lando-norris-01-1200x675.jpg 1200w, https:\/\/grandepremio.com\/wp-content\/uploads\/2026\/06\/f1-2026-austria-corrida-mclaren-lando-norris-01-150x84.jpg 150w, https:\/\/grandepremio.com\/wp-content\/uploads\/2026\/06\/f1-2026-austria-corrida-mclaren-lando-norris-01.jpg 1920w\" sizes=\"(max-width: 1024px) 100vw, 1024px\" \/><figcaption class=\"wp-element-caption\">Lando Norris n\u00e3o teve muito o que falar sobre o GP da \u00c1ustria da McLaren (Foto: McLaren)<\/figcaption><\/figure>\n\n\n\n<p class=\"wp-block-paragraph\">A F\u00f3rmula 1 volta de 3 a 5 de julho com o&nbsp;<strong>GP da Inglaterra<\/strong>, em&nbsp;<strong>Silverstone<\/strong>, nona etapa da temporada 2026.<\/p>\n\n\n\n<p class=\"wp-block-paragraph\">\u25b6\ufe0f\u00a0<strong>F1:\u00a0<a href=\"https:\/\/www.grandepremio.com\/br\/f1\/calendario\/\">confira o calend\u00e1rio completo de 2026<\/a><\/strong><br>\u25b6\ufe0f\u00a0<strong>Inscreva-se nos dois canais do GRANDE PR\u00caMIO no YouTube:\u00a0<a href=\"https:\/\/www.youtube.com\/channel\/UC9OlHEgxoaY6QY6nWPoiqQg?sub_confirmation=1\">GP<\/a>\u00a0|\u00a0<a href=\"https:\/\/www.youtube.com\/channel\/UC9csiS6q_C3C0FYhyr1rnFA?sub_confirmation=1\">GPTV<\/a><\/strong><\/p>\n\n\n\n<h2 class=\"wp-block-heading\"><strong>F1 hoje: saiba aqui as not\u00edcias mais importantes do dia da F\u00f3rmula 1<\/strong><\/h2>\n\n\n\n<p class=\"wp-block-paragraph\">A reda\u00e7\u00e3o do&nbsp;<strong>GRANDE PR\u00caMIO<\/strong>&nbsp;selecionou as not\u00edcias mais importantes das \u00faltimas horas para voc\u00ea ficar por dentro de tudo que acontece na F1.<\/p>\n\n\n\n<p class=\"wp-block-paragraph\">\u25b6\ufe0f\u00a0<strong><a href=\"https:\/\/grandepremio.com\/br\/f1\/george-russell-neutraliza-max-verstappen-vence-escaldante-gp-austria-gabriel-bortoleto-11o\/\">Russell neutraliza Verstappen e vence escaldante GP da \u00c1ustria. Bortoleto \u00e9 11\u00ba<\/a><\/strong><br>\u25b6\ufe0f\u00a0<strong><a href=\"https:\/\/grandepremio.com\/br\/f1\/george-russell-festeja-vitoria-complicado-gp-da-austria-teste-psicologico\/\">Russell festeja vit\u00f3ria em \u201ccomplicado\u201d GP da \u00c1ustria: \u201cFoi um teste psicol\u00f3gico\u201d<\/a><\/strong><br>\u25b6\ufe0f\u00a0<strong><a href=\"https:\/\/grandepremio.com\/br\/f1\/max-verstappen-celebra-2o-lugar-extremamente-positivo-gp-austria-otima-corrida\/\">Verstappen celebra 2\u00ba lugar \u201cextremamente positivo\u201d na \u00c1ustria: \u201c\u00d3tima corrida\u201d<\/a><\/strong><br>\u25b6\ufe0f\u00a0<strong><a href=\"https:\/\/grandepremio.com\/br\/f1\/andrea-kimi-antonelli-reconhece-muitos-erros-briga-vitoria-austria-nao-fui-bem\/\">Antonelli reconhece \u201cmuitos erros\u201d em briga por vit\u00f3ria na \u00c1ustria: \u201cN\u00e3o fui bem\u201d<\/a><\/strong><br>\u25b6\ufe0f\u00a0<strong><a href=\"https:\/\/grandepremio.com\/br\/f1\/gabriel-bortoleto-ve-grande-evolucao-austria-apesar-frustracao-11o-lugar\/\">Bortoleto v\u00ea \u201cgrande evolu\u00e7\u00e3o\u201d na \u00c1ustria apesar de frustra\u00e7\u00e3o com 11\u00ba lugar<\/a><\/strong><\/p>\n","protected":false},"excerpt":{"rendered":"<p>Sobre a McLaren, Lando Norris disse que nada mudou, uma vez que a equipe segue exatamente com os mesmo problemas das corridas anteriores<\/p>\n","protected":false},"author":19,"featured_media":1020307932,"comment_status":"closed","ping_status":"closed","sticky":false,"template":"","format":"standard","meta":{"42wp_featured_image_caption":"F1 2026, AUSTRIA, CORRIDA, MCLAREN, LANDO NORRIS, CARRO","42wp_featured_image_credits":"F1 2026, AUSTRIA, CORRIDA, MCLAREN, LANDO NORRIS, CARRO","42wp_featured_video":"","42wp_featured_image_hidden":false,"42wp_authors_list":[],"footnotes":""},"categories":[2],"tags":[26271,147,29516,29148,24868,31425,28995,24888,40100,24836,28285,36194,547,90,35129,1763,4613,47291,31955,31470],"42wp_author":[47165,47160],"class_list":["post-145258","post","type-post","status-publish","format-standard","has-post-thumbnail","hentry","category-f1","tag-calendario-f1","tag-f1","tag-f1-2026","tag-f1-hoje","tag-formula-1-3","tag-formula-1-2026","tag-formula-1-hoje","tag-gp-da-austria-2","tag-gp-da-austria-f1","tag-grande-premio-2","tag-grandepremio","tag-horarios-f1-2","tag-lando-norris","tag-mclaren","tag-onde-assistir-f1","tag-red-bull-ring","tag-spielberg","tag-spielberg-2026","tag-spielberg-f1","tag-temporada-2026-f1","42wp_author-leonid-kluiev","42wp_author-vicente-soella"],"_links":{"self":[{"href":"https:\/\/grandepremio.com\/br\/wp-json\/wp\/v2\/posts\/145258","targetHints":{"allow":["GET"]}}],"collection":[{"href":"https:\/\/grandepremio.com\/br\/wp-json\/wp\/v2\/posts"}],"about":[{"href":"https:\/\/grandepremio.com\/br\/wp-json\/wp\/v2\/types\/post"}],"author":[{"embeddable":true,"href":"https:\/\/grandepremio.com\/br\/wp-json\/wp\/v2\/users\/19"}],"replies":[{"embeddable":true,"href":"https:\/\/grandepremio.com\/br\/wp-json\/wp\/v2\/comments?post=145258"}],"version-history":[{"count":3,"href":"https:\/\/grandepremio.com\/br\/wp-json\/wp\/v2\/posts\/145258\/revisions"}],"predecessor-version":[{"id":145272,"href":"https:\/\/grandepremio.com\/br\/wp-json\/wp\/v2\/posts\/145258\/revisions\/145272"}],"wp:featuredmedia":[{"embeddable":true,"href":"https:\/\/grandepremio.com\/br\/wp-json\/wp\/v2\/media\/1020307932"}],"wp:attachment":[{"href":"https:\/\/grandepremio.com\/br\/wp-json\/wp\/v2\/media?parent=145258"}],"wp:term":[{"taxonomy":"category","embeddable":true,"href":"https:\/\/grandepremio.com\/br\/wp-json\/wp\/v2\/categories?post=145258"},{"taxonomy":"post_tag","embeddable":true,"href":"https:\/\/grandepremio.com\/br\/wp-json\/wp\/v2\/tags?post=145258"},{"taxonomy":"42wp_author","embeddable":true,"href":"https:\/\/grandepremio.com\/br\/wp-json\/wp\/v2\/42wp_author?post=145258"}],"curies":[{"name":"wp","href":"https:\/\/api.w.org\/{rel}","templated":true}]}}