{"id":14534,"date":"2025-11-29T09:52:59","date_gmt":"2025-11-29T12:52:59","guid":{"rendered":"https:\/\/grandepremio.com\/br\/noticias\/formula-1-tem-sabado-clima-estavel-umido-catar-corrida-sprint-classificacao\/"},"modified":"2025-11-30T18:07:21","modified_gmt":"2025-11-30T21:07:21","slug":"formula-1-tem-sabado-clima-estavel-umido-catar-corrida-sprint-classificacao","status":"publish","type":"post","link":"https:\/\/grandepremio.com\/br\/f1\/formula-1-tem-sabado-clima-estavel-umido-catar-corrida-sprint-classificacao\/","title":{"rendered":"F1 tem s\u00e1bado de clima est\u00e1vel e \u00famido no Catar para corrida sprint e classifica\u00e7\u00e3o"},"content":{"rendered":"\n<p class=\"wp-block-paragraph\">O <strong>GP do Catar de F1<\/strong> segue sem sustos meteorol\u00f3gicos. Tanto a corrida sprint quanto a classifica\u00e7\u00e3o, marcadas para este s\u00e1bado (29), ter\u00e3o condi\u00e7\u00f5es est\u00e1veis, com temperaturas moderadas, baixa nebulosidade e praticamente nenhuma possibilidade de chuva. O cen\u00e1rio clim\u00e1tico deve favorecer um fim de semana de ritmo forte e disputas diretas ap\u00f3s uma classifica\u00e7\u00e3o sprint movimentada e dominada pela <strong>McLaren<\/strong>.<\/p>\n\n\n\n<p class=\"wp-block-paragraph\">A largada da corrida sprint est\u00e1 prevista para 17h no hor\u00e1rio local (11h de Bras\u00edlia, GMT-3). De acordo com proje\u00e7\u00f5es do <em>The Weather Channel<\/em>, Lusail ter\u00e1 24 \u00b0C, com sensa\u00e7\u00e3o t\u00e9rmica id\u00eantica, al\u00e9m de umidade de 62% e ventos chegando a 17 km\/h. A nebulosidade fica em 19% e a chance de chuva \u00e9 zero, garantindo pista completamente seca para as 19 voltas da prova.<\/p>\n\n\n\n<p class=\"wp-block-paragraph\"><strong>Oscar Piastri<\/strong><a href=\"https:\/\/www.grandepremio.com\/br\/f1\/noticias\/oscar-piastri-mostra-garras-conquista-pole-sprint-gp-do-catar-lando-norris-3o\/\"> larga na pole-position<\/a> ap\u00f3s superar <strong>George Russell<\/strong> por somente 0s032 j\u00e1 com o cron\u00f4metro zerado. <strong>Lando Norris<\/strong>, l\u00edder do <strong>Mundial de Pilotos<\/strong>, ficou em terceiro. <strong>Fernando Alonso<\/strong> e <strong>Yuki Tsunoda<\/strong> fecham o top-5.<\/p>\n\n\n\n<p class=\"wp-block-paragraph\"><strong>Max Verstappen<\/strong>, que ainda sonha com o pentacampeonato, <strong>Andrea Kimi Antonelli<\/strong>, <strong>Carlos Sainz<\/strong>, <strong>Charles Leclerc<\/strong> e <strong>Alexander Albon<\/strong> completam os dez primeiros. O brasileiro <strong>Gabriel Bortoleto<\/strong>, da <strong>Sauber<\/strong>, larga na 13\u00aa posi\u00e7\u00e3o.<\/p>\n\n\n\n<figure class=\"wp-block-image size-large\"><img decoding=\"async\" src=\"https:\/\/www.grandepremio.com\/br\/wp-content\/uploads\/2025\/11\/IMG_1125-1200x801.jpg\" alt=\"\" class=\"wp-image-1038538\"\/><figcaption class=\"wp-element-caption\">F1 encara c\u00e9u com poucas n\u00favens e sem chance de chuva em Lusail (Foto: Leonid Kliuev\/GRANDE PR\u00caMIO)<\/figcaption><\/figure>\n\n\n\n<p class=\"wp-block-paragraph\">O cen\u00e1rio para a classifica\u00e7\u00e3o, marcada para 21h (15h de Bras\u00edlia), tamb\u00e9m \u00e9 tranquilo. A temperatura e sensa\u00e7\u00e3o t\u00e9rmica caem para 22 \u00b0C, com umidade mais alta, em 69%, enquanto os ventos diminuem para 13 km\/h. A nebulosidade quase desaparece \u2014 apenas 1% \u2014 e a chance de chuva \u00e9 de 1%, praticamente descartada.<\/p>\n\n\n\n<p class=\"wp-block-paragraph\">O&nbsp;<strong>GRANDE PR\u00caMIO<\/strong>&nbsp;acompanha todas as atividades<a href=\"https:\/\/www.grandepremio.com\/br\/ao-vivo\/f1\/\">&nbsp;<strong>AO VIVO E EM&nbsp;<\/strong><\/a><strong><a href=\"https:\/\/www.grandepremio.com\/br\/ao-vivo\/\" target=\"_blank\" rel=\"noreferrer noopener\">TEMPO REAL<\/a><\/strong>,&nbsp;<a href=\"https:\/\/www.youtube.com\/@GrandePremio1\/streams\">al\u00e9m de classifica\u00e7\u00f5es e corridas em&nbsp;<strong>SEGUNDA TELA&nbsp;<\/strong>no YouTube<\/a>, em parceria com a&nbsp;<strong>Voz do Esporte<\/strong>. O&nbsp;<strong>Briefing&nbsp;<\/strong>chega para analisar ap\u00f3s o fim de cada dia de atividades nas redes sociais e na&nbsp;<strong>GPTV<\/strong>.<\/p>\n\n\n\n<p class=\"wp-block-paragraph\">Al\u00e9m da cobertura tradicional, o<strong>&nbsp;GRANDE PR\u00caMIO<\/strong>&nbsp;estar\u00e1&nbsp;<strong>IN LOCO<\/strong>&nbsp;em&nbsp;<strong><a href=\"https:\/\/www.grandepremio.com\/br\/circuito\/lusail\/\" target=\"_blank\" rel=\"noreferrer noopener\">Lusail<\/a><\/strong>&nbsp;para acompanhar todas as emo\u00e7\u00f5es da etapa com o rep\u00f3rter&nbsp;<strong>Leonid Kliuev<\/strong>.<\/p>\n\n\n\n<p class=\"wp-block-paragraph\"><strong>GP do Catar de F1: veja os hor\u00e1rios em Brasil, Cabo Verde,&nbsp;<a href=\"https:\/\/grandepremio.pt\/\" target=\"_blank\" rel=\"noreferrer noopener\">Portugal<\/a>, Angola e Mo\u00e7ambique:<\/strong><\/p>\n\n\n\n<figure class=\"wp-block-table\"><table class=\"has-fixed-layout\"><tbody><tr><td><strong>Sess\u00e3o<\/strong><\/td><td><strong>BRA*<\/strong><\/td><td><strong>CBV<\/strong><\/td><td><strong>POR<\/strong><br><strong>ANG<\/strong><\/td><td><strong>MOZ<\/strong><\/td><\/tr><tr><td>Corrida sprint<\/td><td>11:00<\/td><td>13:00<\/td><td>15:00<\/td><td>16:00<\/td><\/tr><tr><td>Classifica\u00e7\u00e3o<\/td><td>15:00<\/td><td>17:00<\/td><td>19:00<\/td><td>20:00<\/td><\/tr><tr><td>Corrida<\/td><td>13:00<\/td><td>15:00<\/td><td>17:00<\/td><td>18:00<\/td><\/tr><\/tbody><\/table><\/figure>\n\n\n\n<p class=\"wp-block-paragraph\"><em>*Hor\u00e1rio de Bras\u00edlia<\/em><\/p>\n\n\n\n<p class=\"wp-block-paragraph\">\u25b6\ufe0f&nbsp;<strong>Onde assistir F1?&nbsp;<a href=\"https:\/\/www.grandepremio.com\/br\/programacao-tv\/noticias\/onde-assistir-corridas-do-fim-de-semana-tv-streaming-28-30-de-novembro\/\">Veja aqui todas as informa\u00e7\u00f5es<\/a><\/strong><br>\u25b6\ufe0f&nbsp;<strong>F1: faltam quantas corridas?&nbsp;<a href=\"https:\/\/www.grandepremio.com\/br\/f1\/calendario\/\" target=\"_blank\" rel=\"noreferrer noopener\">Veja o calend\u00e1rio da F1<\/a><\/strong><br>\u25b6\ufe0f&nbsp;<strong>Inscreva-se nos dois canais do GRANDE PR\u00caMIO no YouTube:&nbsp;<a href=\"https:\/\/www.youtube.com\/channel\/UC9OlHEgxoaY6QY6nWPoiqQg?sub_confirmation=1\" target=\"_blank\" rel=\"noreferrer noopener\">GP<\/a>&nbsp;|&nbsp;<a href=\"https:\/\/www.youtube.com\/channel\/UC9csiS6q_C3C0FYhyr1rnFA?sub_confirmation=1\" target=\"_blank\" rel=\"noreferrer noopener\">GP2<\/a><\/strong><\/p>\n\n\n\n<figure class=\"wp-block-embed is-type-video is-provider-youtube wp-block-embed-youtube wp-embed-aspect-16-9 wp-has-aspect-ratio\"><div class=\"wp-block-embed__wrapper\">\n<iframe loading=\"lazy\" title=\"GRID DE LARGADA DA F1 SPRINT NO CATAR | BRIEFING\" width=\"500\" height=\"281\" src=\"https:\/\/www.youtube.com\/embed\/RRdEa_eteZA?feature=oembed\" frameborder=\"0\" allow=\"accelerometer; autoplay; clipboard-write; encrypted-media; gyroscope; picture-in-picture; web-share\" referrerpolicy=\"strict-origin-when-cross-origin\" allowfullscreen><\/iframe>\n<\/div><\/figure>\n","protected":false},"excerpt":{"rendered":"<p>Pista seca e estabilidade clim\u00e1tica marcam s\u00e1bado no Catar. Previs\u00e3o indica clima ameno e ventos moderados para corrida sprint e classifica\u00e7\u00e3o da F\u00f3rmula 1<\/p>\n","protected":false},"author":0,"featured_media":1001038555,"comment_status":"closed","ping_status":"closed","sticky":false,"template":"","format":"standard","meta":{"42wp_featured_image_caption":"","42wp_featured_image_credits":"","42wp_featured_video":"","42wp_featured_image_hidden":false,"42wp_authors_list":[],"footnotes":""},"categories":[2],"tags":[26271,1113,45192,30090,5273,147,3630,180,3628,600,41740,1491,28285,30840,31014,43265,36668,35129,42001],"42wp_author":[47164],"class_list":["post-14534","post","type-post","status-publish","format-standard","has-post-thumbnail","hentry","category-f1","tag-calendario-f1","tag-catar","tag-catar-2025","tag-catar-f1","tag-classificacao-f1","tag-f1","tag-f1-2025","tag-formula-1","tag-formula-1-2025","tag-gp-do-catar","tag-gp-do-catar-f1","tag-grande-premio","tag-grandepremio","tag-horarios-f1","tag-lusail","tag-lusail-2025","tag-lusail-f1","tag-onde-assistir-f1","tag-temporada-2025-f1","42wp_author-marcos-gil-ribeiro"],"_links":{"self":[{"href":"https:\/\/grandepremio.com\/br\/wp-json\/wp\/v2\/posts\/14534","targetHints":{"allow":["GET"]}}],"collection":[{"href":"https:\/\/grandepremio.com\/br\/wp-json\/wp\/v2\/posts"}],"about":[{"href":"https:\/\/grandepremio.com\/br\/wp-json\/wp\/v2\/types\/post"}],"replies":[{"embeddable":true,"href":"https:\/\/grandepremio.com\/br\/wp-json\/wp\/v2\/comments?post=14534"}],"version-history":[{"count":0,"href":"https:\/\/grandepremio.com\/br\/wp-json\/wp\/v2\/posts\/14534\/revisions"}],"wp:featuredmedia":[{"embeddable":true,"href":"https:\/\/grandepremio.com\/br\/wp-json\/wp\/v2\/media\/1001038555"}],"wp:attachment":[{"href":"https:\/\/grandepremio.com\/br\/wp-json\/wp\/v2\/media?parent=14534"}],"wp:term":[{"taxonomy":"category","embeddable":true,"href":"https:\/\/grandepremio.com\/br\/wp-json\/wp\/v2\/categories?post=14534"},{"taxonomy":"post_tag","embeddable":true,"href":"https:\/\/grandepremio.com\/br\/wp-json\/wp\/v2\/tags?post=14534"},{"taxonomy":"42wp_author","embeddable":true,"href":"https:\/\/grandepremio.com\/br\/wp-json\/wp\/v2\/42wp_author?post=14534"}],"curies":[{"name":"wp","href":"https:\/\/api.w.org\/{rel}","templated":true}]}}