{"id":14536,"date":"2025-11-29T04:00:00","date_gmt":"2025-11-29T07:00:00","guid":{"rendered":"https:\/\/grandepremio.com\/br\/noticias\/chefes-minimizam-newey-em-comando-da-aston-martin-nao-muda-nada-para-nos\/"},"modified":"2025-11-28T21:52:46","modified_gmt":"2025-11-29T00:52:46","slug":"chefes-minimizam-newey-em-comando-da-aston-martin-nao-muda-nada-para-nos","status":"publish","type":"post","link":"https:\/\/grandepremio.com\/br\/f1\/chefes-minimizam-newey-em-comando-da-aston-martin-nao-muda-nada-para-nos\/","title":{"rendered":"Chefes minimizam Newey em comando da Aston Martin: \u201cN\u00e3o muda nada para n\u00f3s\u201d"},"content":{"rendered":"\n<p class=\"wp-block-paragraph\">A confirma\u00e7\u00e3o de <strong>Adrian Newey <\/strong>como chefe de equipe da <strong>Aston Martin<\/strong> a partir de 2026 foi o assunto dominante da coletiva desta sexta-feira (28), no <strong>Catar<\/strong>. A mudan\u00e7a, tratada como uma das mais inesperadas da <strong>F\u00f3rmula 1<\/strong> recente, pautou a pergunta do<strong> GRANDE PR\u00caMIO<\/strong>, que buscou entender se a presen\u00e7a do projetista mais vitorioso da hist\u00f3ria no comando de uma equipe poderia alterar a din\u00e2mica entre os chefes no paddock.<\/p>\n\n\n\n<p class=\"wp-block-paragraph\"><strong>Steve Nielsen<\/strong>, diretor-geral da <strong>Alpine<\/strong>, garantiu que n\u00e3o. \u201cHonestamente, nada. Somos bastante focados internamente. Temos a estrutura que temos por nossas raz\u00f5es. Outras equipes t\u00eam estruturas diferentes por raz\u00f5es delas. Em termos de intera\u00e7\u00e3o, n\u00e3o muda nada para n\u00f3s\u201d, afirmou ao <strong>GP<\/strong>.<strong> Fr\u00e9d\u00e9ric Vasseur<\/strong>, da <strong>Ferrari<\/strong>, completou: \u201cNada a acrescentar.\u201d<\/p>\n\n\n\n<p class=\"wp-block-paragraph\">A promo\u00e7\u00e3o marca a primeira vez em que Newey assumir\u00e1 oficialmente o comando esportivo de uma equipe em temporada completa. Ele suceder\u00e1<strong> Andy Cowell<\/strong>, que passa a atuar como diretor de estrat\u00e9gia, enquanto a <strong>Aston Martin<\/strong> se reorganiza para a grande mudan\u00e7a regulat\u00f3ria de 2026.<\/p>\n\n\n\n<p class=\"wp-block-paragraph\">\u201cEstou ansioso para assumir essa nova fun\u00e7\u00e3o e colocar a equipe na melhor posi\u00e7\u00e3o poss\u00edvel para competir em 2026, quando enfrentaremos desafios in\u00e9ditos com o status de equipe de f\u00e1brica e o novo regulamento\u201d, disse Newey no an\u00fancio oficial.<\/p>\n\n\n\n<figure class=\"wp-block-image size-full\"><img decoding=\"async\" src=\"https:\/\/www.grandepremio.com\/br\/wp-content\/uploads\/2023\/12\/imagem_2023-12-23_122145967.png\" alt=\"\" class=\"wp-image-765737\"\/><figcaption class=\"wp-element-caption\">Steve Nielsen falou sobre o que significa ter Adrian Newey na chefia da Aston Martin (Foto: F\u00f3rmula 1)<\/figcaption><\/figure>\n\n\n\n<p class=\"wp-block-paragraph\">A reestrutura\u00e7\u00e3o interna vinha sendo discutida h\u00e1 meses, sobretudo ap\u00f3s a sa\u00edda de nomes importantes, como<strong> Eric Blandin<\/strong> e <strong>Akio Haga<\/strong>, al\u00e9m de diverg\u00eancias envolvendo o pr\u00f3prio Newey. <strong>Lawrence Stroll <\/strong>classificou a transi\u00e7\u00e3o como uma decis\u00e3o conjunta e destacou que o brit\u00e2nico ter\u00e1 liberdade plena para conduzir o projeto t\u00e9cnico e operacional da Aston Martin.<\/p>\n\n\n\n<p class=\"wp-block-paragraph\">O&nbsp;<strong>GRANDE PR\u00caMIO<\/strong>&nbsp;acompanha todas as atividades<a href=\"https:\/\/www.grandepremio.com\/br\/ao-vivo\/f1\/\">&nbsp;<strong>AO VIVO E EM&nbsp;<\/strong><\/a><strong><a href=\"https:\/\/www.grandepremio.com\/br\/ao-vivo\/\" target=\"_blank\" rel=\"noreferrer noopener\">TEMPO REAL<\/a><\/strong>,&nbsp;<a href=\"https:\/\/www.youtube.com\/@GrandePremio1\/streams\">al\u00e9m de classifica\u00e7\u00f5es e corridas em&nbsp;<strong>SEGUNDA TELA&nbsp;<\/strong>no YouTube<\/a>, em parceria com a&nbsp;<strong>Voz do Esporte<\/strong>. O&nbsp;<strong>Briefing&nbsp;<\/strong>chega para analisar ap\u00f3s o fim de cada dia de atividades nas redes sociais e na&nbsp;<strong>GPTV<\/strong>.<\/p>\n\n\n\n<p class=\"wp-block-paragraph\">Al\u00e9m da cobertura tradicional, o<strong>&nbsp;GRANDE PR\u00caMIO<\/strong>&nbsp;estar\u00e1&nbsp;<strong>IN LOCO<\/strong>&nbsp;em&nbsp;<strong><a href=\"https:\/\/www.grandepremio.com\/br\/circuito\/lusail\/\" target=\"_blank\" rel=\"noreferrer noopener\">Lusail<\/a><\/strong>&nbsp;para acompanhar todas as emo\u00e7\u00f5es da etapa com o rep\u00f3rter&nbsp;<strong>Leonid Kliuev<\/strong>.<\/p>\n\n\n\n<p class=\"wp-block-paragraph\"><strong>GP do Catar de F1: veja os hor\u00e1rios em Brasil, Cabo Verde,&nbsp;<a href=\"https:\/\/grandepremio.pt\/\" target=\"_blank\" rel=\"noreferrer noopener\">Portugal<\/a>, Angola e Mo\u00e7ambique:<\/strong><\/p>\n\n\n\n<figure class=\"wp-block-table\"><table class=\"has-fixed-layout\"><tbody><tr><td><strong>Sess\u00e3o<\/strong><\/td><td><strong>BRA*<\/strong><\/td><td><strong>CBV<\/strong><\/td><td><strong>POR<\/strong><br><strong>ANG<\/strong><\/td><td><strong>MOZ<\/strong><\/td><\/tr><tr><td>Corrida sprint<\/td><td>11:00<\/td><td>13:00<\/td><td>15:00<\/td><td>16:00<\/td><\/tr><tr><td>Classifica\u00e7\u00e3o<\/td><td>15:00<\/td><td>17:00<\/td><td>19:00<\/td><td>20:00<\/td><\/tr><tr><td>Corrida<\/td><td>13:00<\/td><td>15:00<\/td><td>17:00<\/td><td>18:00<\/td><\/tr><\/tbody><\/table><\/figure>\n\n\n\n<p class=\"wp-block-paragraph\"><em>*Hor\u00e1rio de Bras\u00edlia<\/em><\/p>\n\n\n\n<p class=\"wp-block-paragraph\"><strong>\u25b6\ufe0f<\/strong> <strong>Onde assistir F1?\u00a0<a href=\"https:\/\/www.grandepremio.com\/br\/programacao-tv\/noticias\/onde-assistir-corridas-do-fim-de-semana-tv-streaming-28-30-de-novembro\/\">Veja aqui todas as informa\u00e7\u00f5es<\/a><\/strong><br>\u25b6\ufe0f <strong>F1: faltam quantas corridas?\u00a0<a href=\"https:\/\/www.grandepremio.com\/br\/f1\/calendario\/\" target=\"_blank\" rel=\"noreferrer noopener\">Veja o calend\u00e1rio da F1<\/a><\/strong><\/p>\n","protected":false},"excerpt":{"rendered":"<p>Fr\u00e9d\u00e9ric Vasseur e Steve Nielsen afirmaram que promo\u00e7\u00e3o de Adrian Newey n\u00e3o altera rela\u00e7\u00e3o entre equipes na F\u00f3rmula 1<\/p>\n","protected":false},"author":0,"featured_media":1000971006,"comment_status":"closed","ping_status":"closed","sticky":false,"template":"","format":"standard","meta":{"42wp_featured_image_caption":"","42wp_featured_image_credits":"","42wp_featured_video":"","42wp_featured_image_hidden":false,"42wp_authors_list":[],"footnotes":""},"categories":[2],"tags":[3547,26271,1113,5273,147,3630,180,3628,600,41740,1491,28285,30840,31014,43265,36668,35129,42001],"42wp_author":[47165,47147,47169],"class_list":["post-14536","post","type-post","status-publish","format-standard","has-post-thumbnail","hentry","category-f1","tag-adrian-newey","tag-calendario-f1","tag-catar","tag-classificacao-f1","tag-f1","tag-f1-2025","tag-formula-1","tag-formula-1-2025","tag-gp-do-catar","tag-gp-do-catar-f1","tag-grande-premio","tag-grandepremio","tag-horarios-f1","tag-lusail","tag-lusail-2025","tag-lusail-f1","tag-onde-assistir-f1","tag-temporada-2025-f1","42wp_author-leonid-kluiev","42wp_author-luana-marino","42wp_author-rainne-yuka"],"_links":{"self":[{"href":"https:\/\/grandepremio.com\/br\/wp-json\/wp\/v2\/posts\/14536","targetHints":{"allow":["GET"]}}],"collection":[{"href":"https:\/\/grandepremio.com\/br\/wp-json\/wp\/v2\/posts"}],"about":[{"href":"https:\/\/grandepremio.com\/br\/wp-json\/wp\/v2\/types\/post"}],"replies":[{"embeddable":true,"href":"https:\/\/grandepremio.com\/br\/wp-json\/wp\/v2\/comments?post=14536"}],"version-history":[{"count":0,"href":"https:\/\/grandepremio.com\/br\/wp-json\/wp\/v2\/posts\/14536\/revisions"}],"wp:featuredmedia":[{"embeddable":true,"href":"https:\/\/grandepremio.com\/br\/wp-json\/wp\/v2\/media\/1000971006"}],"wp:attachment":[{"href":"https:\/\/grandepremio.com\/br\/wp-json\/wp\/v2\/media?parent=14536"}],"wp:term":[{"taxonomy":"category","embeddable":true,"href":"https:\/\/grandepremio.com\/br\/wp-json\/wp\/v2\/categories?post=14536"},{"taxonomy":"post_tag","embeddable":true,"href":"https:\/\/grandepremio.com\/br\/wp-json\/wp\/v2\/tags?post=14536"},{"taxonomy":"42wp_author","embeddable":true,"href":"https:\/\/grandepremio.com\/br\/wp-json\/wp\/v2\/42wp_author?post=14536"}],"curies":[{"name":"wp","href":"https:\/\/api.w.org\/{rel}","templated":true}]}}