{"id":145397,"date":"2026-06-28T17:14:22","date_gmt":"2026-06-28T20:14:22","guid":{"rendered":"https:\/\/grandepremio.com\/br\/?p=145397"},"modified":"2026-06-28T17:14:48","modified_gmt":"2026-06-28T20:14:48","slug":"sebastien-ogier-aproveita-furo-pneu-thierry-neuville-vence-rali-da-grecia-wrc","status":"publish","type":"post","link":"https:\/\/grandepremio.com\/br\/rally\/sebastien-ogier-aproveita-furo-pneu-thierry-neuville-vence-rali-da-grecia-wrc\/","title":{"rendered":"Ogier aproveita furo de pneu de Neuville e vence Rali da Gr\u00e9cia do WRC"},"content":{"rendered":"\n<p class=\"wp-block-paragraph\"><a href=\"https:\/\/grandepremio.com\/br\/rally\/thierry-neuville-segura-pressao-sebastien-ogier-lidera-dia-3-rali-grecia-wrc\/\">Entrando em desvantagem para as quatro \u00faltimas especiais<\/a> do domingo (28), <strong>S\u00e9bastien Ogier<\/strong> destronou o l\u00edder <strong>Thierry Neuville<\/strong> j\u00e1 no come\u00e7o do dia e garantiu a vit\u00f3ria do <strong>Rali da Gr\u00e9cia<\/strong>, oitava etapa do<strong> Mundial de Rali<\/strong> (<strong>WRC<\/strong>), com mais de 58s de vantagem. O belga da <strong>Hyundai <\/strong>sofreu um furo no pneu e sumiu da disputa, mas ainda terminou na vice-lideran\u00e7a. <strong>Takamoto Katsuta<\/strong>, do\u00a0<strong>Toyota #18<\/strong>, fechou o top-3. <\/p>\n\n\n\n<p class=\"wp-block-paragraph\">O dia, no entanto, come\u00e7ou com <strong>Adrien Fourmaux<\/strong> vencendo o 14\u00ba est\u00e1gio. Neuville ainda levou a 15\u00aa especial antes de sofrer o furo na pen\u00faltima fase da etapa grega. Com isso, nas duas \u00faltimas especiais, Ogier venceu para sacramentar o triunfo na oitava etapa. <\/p>\n\n\n\n<figure class=\"wp-block-embed is-type-video is-provider-youtube wp-block-embed-youtube wp-embed-aspect-16-9 wp-has-aspect-ratio\"><div class=\"wp-block-embed__wrapper\">\n<iframe loading=\"lazy\" title=\"F1 2026: RUSSELL VENCE NA \u00c1USTRIA. VEJA CLASSIFICA\u00c7\u00c3O [narra\u00e7\u00e3o + Briefing]\" width=\"500\" height=\"281\" src=\"https:\/\/www.youtube.com\/embed\/wbgBIbzS4WM?feature=oembed\" frameborder=\"0\" allow=\"accelerometer; autoplay; clipboard-write; encrypted-media; gyroscope; picture-in-picture; web-share\" referrerpolicy=\"strict-origin-when-cross-origin\" allowfullscreen><\/iframe>\n<\/div><\/figure>\n\n\n\n<p class=\"wp-block-paragraph\"><strong>Sami Pajari<\/strong> ficou com a quarta coloca\u00e7\u00e3o geral, \u00e0 frente de <strong>Elfyn Evans<\/strong>, que fechou o top-5. <strong>Josh McErlean<\/strong> veio logo atr\u00e1s, seguido por Fourmaux, <strong>Martin\u0161 Sesks<\/strong>, <strong>Robert Virves<\/strong> e <strong>Andreas Mikkelsen<\/strong>. O estoniano Virves, inclusive, levou a vit\u00f3ria no <strong>WRC2<\/strong> ao virar o jogo contra o noruegu\u00eas, que fechou o grupo dos dez primeiros na geral. <\/p>\n\n\n\n<p class=\"wp-block-paragraph\">Ogier, que venceu pela segunda vez no ano com a Toyota, celebrou muito o &#8220;fim de semana perfeito&#8221; na Gr\u00e9cia e ainda se recolocou na briga pelo d\u00e9cimo t\u00edtulo do Mundial. <\/p>\n\n\n\n<p class=\"wp-block-paragraph\">&#8220;No fim das contas, foi um fim de semana perfeito e era exatamente do que precis\u00e1vamos para o campeonato, para voltarmos \u00e0 briga. Ainda estamos muitos pontos atr\u00e1s, ent\u00e3o precisamos render muito mais do que isso. Quando cheguei aqui, sabia que este seria um ponto de virada da temporada. Sabia que precisava marcar mais pontos do que Elfyn [Evans] e, na minha cabe\u00e7a, a meta era recuperar pelo menos 10 pontos para come\u00e7armos, aos poucos, a diminuir a diferen\u00e7a. Conseguir tirar 28 pontos no fim de semana \u00e9 perfeito. Eu n\u00e3o esperava tanto assim, e isso representa um avan\u00e7o muito positivo&#8221;, disse Ogier ao portal brit\u00e2nico <em>Motorsport.com<\/em>.<\/p>\n\n\n\n<p class=\"wp-block-paragraph\">De momento, Evans ainda lidera o WRC, com 158 pontos somados, 7 a mais que Katsuta, que segue na vice-lideran\u00e7a. Ogier aparece em terceiro neste momento, com 125 tentos. <\/p>\n\n\n\n<p class=\"wp-block-paragraph\">Agora, o WRC volta \u00e0 a\u00e7\u00e3o entre os dias 17 e 19 de julho para o <strong>Rali da Est\u00f4nia<\/strong>, nona etapa da temporada 2026. <\/p>\n\n\n\n<p class=\"wp-block-paragraph\"><strong>Inscreva-se nos dois canais do GRANDE PR\u00caMIO no YouTube:\u00a0<a href=\"https:\/\/www.youtube.com\/channel\/UC9OlHEgxoaY6QY6nWPoiqQg?sub_confirmation=1\">GP<\/a>\u00a0|\u00a0<a href=\"https:\/\/www.youtube.com\/channel\/UC9csiS6q_C3C0FYhyr1rnFA?sub_confirmation=1\">GPTV<\/a><\/strong><\/p>\n","protected":false},"excerpt":{"rendered":"<p>Thierry Neuville entrou no \u00faltimo dia do Rali da Gr\u00e9cia na lideran\u00e7a por apenas 4s1, mas um furo no pneu tirou o belga da briga pela vit\u00f3ria. S\u00e9bastien Ogier, que acompanhou de perto o fim de semana todo, se aproveitou e venceu <\/p>\n","protected":false},"author":20,"featured_media":1020307986,"comment_status":"closed","ping_status":"closed","sticky":false,"template":"","format":"standard","meta":{"42wp_featured_image_caption":"","42wp_featured_image_credits":"","42wp_featured_video":"","42wp_featured_image_hidden":false,"42wp_authors_list":[],"footnotes":""},"categories":[5],"tags":[],"42wp_author":[47162],"class_list":["post-145397","post","type-post","status-publish","format-standard","has-post-thumbnail","hentry","category-rally","42wp_author-giovani-danjo"],"_links":{"self":[{"href":"https:\/\/grandepremio.com\/br\/wp-json\/wp\/v2\/posts\/145397","targetHints":{"allow":["GET"]}}],"collection":[{"href":"https:\/\/grandepremio.com\/br\/wp-json\/wp\/v2\/posts"}],"about":[{"href":"https:\/\/grandepremio.com\/br\/wp-json\/wp\/v2\/types\/post"}],"author":[{"embeddable":true,"href":"https:\/\/grandepremio.com\/br\/wp-json\/wp\/v2\/users\/20"}],"replies":[{"embeddable":true,"href":"https:\/\/grandepremio.com\/br\/wp-json\/wp\/v2\/comments?post=145397"}],"version-history":[{"count":6,"href":"https:\/\/grandepremio.com\/br\/wp-json\/wp\/v2\/posts\/145397\/revisions"}],"predecessor-version":[{"id":145403,"href":"https:\/\/grandepremio.com\/br\/wp-json\/wp\/v2\/posts\/145397\/revisions\/145403"}],"wp:featuredmedia":[{"embeddable":true,"href":"https:\/\/grandepremio.com\/br\/wp-json\/wp\/v2\/media\/1020307986"}],"wp:attachment":[{"href":"https:\/\/grandepremio.com\/br\/wp-json\/wp\/v2\/media?parent=145397"}],"wp:term":[{"taxonomy":"category","embeddable":true,"href":"https:\/\/grandepremio.com\/br\/wp-json\/wp\/v2\/categories?post=145397"},{"taxonomy":"post_tag","embeddable":true,"href":"https:\/\/grandepremio.com\/br\/wp-json\/wp\/v2\/tags?post=145397"},{"taxonomy":"42wp_author","embeddable":true,"href":"https:\/\/grandepremio.com\/br\/wp-json\/wp\/v2\/42wp_author?post=145397"}],"curies":[{"name":"wp","href":"https:\/\/api.w.org\/{rel}","templated":true}]}}