{"id":14548,"date":"2025-11-28T18:03:52","date_gmt":"2025-11-28T21:03:52","guid":{"rendered":"https:\/\/grandepremio.com\/br\/noticias\/carlos-sainz-festeja-ritmo-williams-classificacao-sprint-catar-mais-rapido-esperado\/"},"modified":"2025-11-28T18:08:57","modified_gmt":"2025-11-28T21:08:57","slug":"carlos-sainz-festeja-ritmo-williams-classificacao-sprint-catar-mais-rapido-esperado","status":"publish","type":"post","link":"https:\/\/grandepremio.com\/br\/f1\/carlos-sainz-festeja-ritmo-williams-classificacao-sprint-catar-mais-rapido-esperado\/","title":{"rendered":"Sainz festeja ritmo da Williams na classifica\u00e7\u00e3o sprint do Catar: &#8220;Mais r\u00e1pido que o esperado&#8221;"},"content":{"rendered":"\n<p class=\"wp-block-paragraph\"><strong>Carlos Sainz<\/strong> celebrou o oitavo lugar na classifica\u00e7\u00e3o da sprint do <strong>GP do Catar <\/strong>ap\u00f3s um dia que superou as proje\u00e7\u00f5es da <strong>Williams<\/strong>. O espanhol explicou que a equipe esperava ter mais dificuldades em <strong>Lusail<\/strong>, mas encontrou desempenho melhor do que o previsto na sess\u00e3o <a href=\"https:\/\/www.grandepremio.com\/br\/f1\/noticias\/oscar-piastri-mostra-garras-conquista-pole-sprint-gp-do-catar-lando-norris-3o\/\">desta sexta-feira (28)<\/a>.<\/p>\n\n\n\n<p class=\"wp-block-paragraph\">\u201cFoi um dia muito positivo para n\u00f3s, em uma pista que, no papel, n\u00e3o favorecia a Williams\u201d, afirmou Sainz em entrevista \u00e0 <em>F1 TV<\/em>. \u201cConseguimos ser mais r\u00e1pidos do que imagin\u00e1vamos, ent\u00e3o estou muito satisfeito.\u201d<\/p>\n\n\n\n<p class=\"wp-block-paragraph\">A classifica\u00e7\u00e3o refor\u00e7a a fase ascendente da Williams na reta final da temporada. Sainz vem de um quinto lugar em Las Vegas, resultado que ampliou a confian\u00e7a do time no pelot\u00e3o intermedi\u00e1rio. No Catar, a equipe confirmou o bom momento ao colocar os dois carros no SQ3, evidenciando um pacote consistente e competitivo desde o in\u00edcio do fim de semana.<\/p>\n\n\n\n<p class=\"wp-block-paragraph\">\u201c\u00c9 sempre encorajador ver os dois carros no SQ3\u201d, destacou o espanhol. \u201cO ritmo estava muito apertado entre a quarta e a oitava posi\u00e7\u00e3o, com menos de 0s1 de diferen\u00e7a. Vamos ver o que conseguimos fazer amanh\u00e3 na sprint e depois na classifica\u00e7\u00e3o.\u201d<\/p>\n\n\n\n<figure class=\"wp-block-image size-large\"><img decoding=\"async\" src=\"https:\/\/www.grandepremio.com\/br\/wp-content\/uploads\/2025\/11\/catar-2025-f1-classificacao-sprint-williams-carlos-sainz-01-1200x743.jpg\" alt=\"\" class=\"wp-image-1038266\"\/><figcaption class=\"wp-element-caption\">Carlos Sainz pegou o oitavo lugar no grid da sprint do Catar (Foto: Williams) <\/figcaption><\/figure>\n\n\n\n<p class=\"wp-block-paragraph\">Sainz acredita que a Williams pode brigar por pontos na corrida curta deste s\u00e1bado caso mantenha a solidez mostrada no treino, especialmente pela boa adapta\u00e7\u00e3o ao circuito de Lusail e pelo comportamento est\u00e1vel do FW48.<\/p>\n\n\n\n<p class=\"wp-block-paragraph\">O time ingl\u00eas segue em crescimento na reta final do campeonato e encara o Catar como nova oportunidade para consolidar resultados fortes antes das \u00faltimas etapas da temporada.<\/p>\n\n\n\n<p class=\"wp-block-paragraph\">O\u00a0<strong>GRANDE PR\u00caMIO<\/strong>\u00a0acompanha todas as atividades do\u00a0<strong>GP do Catar<\/strong><a href=\"https:\/\/www.grandepremio.com\/br\/ao-vivo\/f1\/\">\u00a0<strong>AO VIVO E EM\u00a0<\/strong><\/a><strong><a href=\"https:\/\/www.grandepremio.com\/br\/ao-vivo\/\" target=\"_blank\" rel=\"noreferrer noopener\">TEMPO REAL<\/a><\/strong>,\u00a0<a href=\"https:\/\/www.youtube.com\/@GrandePremio1\/streams\">al\u00e9m de classifica\u00e7\u00f5es e corridas em\u00a0<strong>SEGUNDA TELA\u00a0<\/strong>no YouTube<\/a>, em parceria com a\u00a0<strong>Voz do Esporte<\/strong>. O\u00a0<strong>Briefing\u00a0<\/strong>chega para analisar ap\u00f3s o fim de cada dia de atividades nas redes sociais e na\u00a0<strong>GPTV<\/strong>.<\/p>\n\n\n\n<p class=\"wp-block-paragraph\">Al\u00e9m da cobertura tradicional, o<strong>&nbsp;GRANDE PR\u00caMIO<\/strong>&nbsp;estar\u00e1&nbsp;<strong>IN LOCO<\/strong>&nbsp;em&nbsp;<strong><a href=\"https:\/\/www.grandepremio.com\/br\/circuito\/lusail\/\" target=\"_blank\" rel=\"noreferrer noopener\">Lusail<\/a><\/strong>&nbsp;para acompanhar todas as emo\u00e7\u00f5es da etapa com o rep\u00f3rter&nbsp;<strong>Leonid Kliuev<\/strong>.<\/p>\n\n\n\n<p class=\"wp-block-paragraph\"><strong>GP do Catar de F1: veja os hor\u00e1rios em Brasil, Cabo Verde,&nbsp;<a href=\"https:\/\/grandepremio.pt\/\" target=\"_blank\" rel=\"noreferrer noopener\">Portugal<\/a>, Angola e Mo\u00e7ambique:<\/strong><\/p>\n\n\n\n<figure class=\"wp-block-table\"><table class=\"has-fixed-layout\"><tbody><tr><td><strong>Sess\u00e3o<\/strong><\/td><td><strong>BRA*<\/strong><\/td><td><strong>CBV<\/strong><\/td><td><strong>POR<\/strong><br><strong>ANG<\/strong><\/td><td><strong>MOZ<\/strong><\/td><\/tr><tr><td>Corrida sprint<\/td><td>11:00<\/td><td>13:00<\/td><td>15:00<\/td><td>16:00<\/td><\/tr><tr><td>Classifica\u00e7\u00e3o<\/td><td>15:00<\/td><td>17:00<\/td><td>19:00<\/td><td>20:00<\/td><\/tr><tr><td>Corrida<\/td><td>13:00<\/td><td>15:00<\/td><td>17:00<\/td><td>18:00<\/td><\/tr><\/tbody><\/table><\/figure>\n\n\n\n<p class=\"wp-block-paragraph\"><em>*Hor\u00e1rio de Bras\u00edlia<\/em><\/p>\n\n\n\n<p class=\"wp-block-paragraph\">\u25b6\ufe0f\u00a0<strong>Onde assistir F1?\u00a0<a href=\"https:\/\/www.grandepremio.com\/br\/programacao-tv\/noticias\/onde-assistir-corridas-do-fim-de-semana-tv-streaming-28-30-de-novembro\/\">Veja aqui todas as informa\u00e7\u00f5es<\/a><\/strong><br><strong>\u25b6\ufe0f<\/strong> <strong>F1: faltam quantas corridas?\u00a0<a href=\"https:\/\/www.grandepremio.com\/br\/f1\/calendario\/\" target=\"_blank\" rel=\"noreferrer noopener\">Veja o calend\u00e1rio da F1<\/a><\/strong><br>\u25b6\ufe0f <strong>Inscreva-se nos dois canais do GRANDE PR\u00caMIO no YouTube:\u00a0<a href=\"https:\/\/www.youtube.com\/channel\/UC9OlHEgxoaY6QY6nWPoiqQg?sub_confirmation=1\" target=\"_blank\" rel=\"noreferrer noopener\">GP<\/a>\u00a0|\u00a0<a href=\"https:\/\/www.youtube.com\/channel\/UC9csiS6q_C3C0FYhyr1rnFA?sub_confirmation=1\" target=\"_blank\" rel=\"noreferrer noopener\">GP2<\/a><\/strong><\/p>\n","protected":false},"excerpt":{"rendered":"<p>Carlos Sainz colocou a Williams no SQ3 do Catar com acerto experimental e manteve boa fase ap\u00f3s top 5 em Las Vegas<\/p>\n","protected":false},"author":0,"featured_media":1001038338,"comment_status":"closed","ping_status":"closed","sticky":false,"template":"","format":"standard","meta":{"42wp_featured_image_caption":"","42wp_featured_image_credits":"","42wp_featured_video":"","42wp_featured_image_hidden":false,"42wp_authors_list":[],"footnotes":""},"categories":[2],"tags":[26271,546,1113,45192,30090,5273,147,3630,180,3628,600,41740,1491,28285,30840,31014,43265,36668,35129,42001,215],"42wp_author":[47147,47169],"class_list":["post-14548","post","type-post","status-publish","format-standard","has-post-thumbnail","hentry","category-f1","tag-calendario-f1","tag-carlos-sainz","tag-catar","tag-catar-2025","tag-catar-f1","tag-classificacao-f1","tag-f1","tag-f1-2025","tag-formula-1","tag-formula-1-2025","tag-gp-do-catar","tag-gp-do-catar-f1","tag-grande-premio","tag-grandepremio","tag-horarios-f1","tag-lusail","tag-lusail-2025","tag-lusail-f1","tag-onde-assistir-f1","tag-temporada-2025-f1","tag-williams","42wp_author-luana-marino","42wp_author-rainne-yuka"],"_links":{"self":[{"href":"https:\/\/grandepremio.com\/br\/wp-json\/wp\/v2\/posts\/14548","targetHints":{"allow":["GET"]}}],"collection":[{"href":"https:\/\/grandepremio.com\/br\/wp-json\/wp\/v2\/posts"}],"about":[{"href":"https:\/\/grandepremio.com\/br\/wp-json\/wp\/v2\/types\/post"}],"replies":[{"embeddable":true,"href":"https:\/\/grandepremio.com\/br\/wp-json\/wp\/v2\/comments?post=14548"}],"version-history":[{"count":0,"href":"https:\/\/grandepremio.com\/br\/wp-json\/wp\/v2\/posts\/14548\/revisions"}],"wp:featuredmedia":[{"embeddable":true,"href":"https:\/\/grandepremio.com\/br\/wp-json\/wp\/v2\/media\/1001038338"}],"wp:attachment":[{"href":"https:\/\/grandepremio.com\/br\/wp-json\/wp\/v2\/media?parent=14548"}],"wp:term":[{"taxonomy":"category","embeddable":true,"href":"https:\/\/grandepremio.com\/br\/wp-json\/wp\/v2\/categories?post=14548"},{"taxonomy":"post_tag","embeddable":true,"href":"https:\/\/grandepremio.com\/br\/wp-json\/wp\/v2\/tags?post=14548"},{"taxonomy":"42wp_author","embeddable":true,"href":"https:\/\/grandepremio.com\/br\/wp-json\/wp\/v2\/42wp_author?post=14548"}],"curies":[{"name":"wp","href":"https:\/\/api.w.org\/{rel}","templated":true}]}}