{"id":145485,"date":"2026-06-29T09:37:37","date_gmt":"2026-06-29T12:37:37","guid":{"rendered":"https:\/\/grandepremio.com\/br\/?p=145485"},"modified":"2026-06-29T09:44:53","modified_gmt":"2026-06-29T12:44:53","slug":"toprak-razgatlioglu-lamenta-top-10-perdido-problemas-vibracao-impossivel-pilotar","status":"publish","type":"post","link":"https:\/\/grandepremio.com\/br\/motogp\/toprak-razgatlioglu-lamenta-top-10-perdido-problemas-vibracao-impossivel-pilotar\/","title":{"rendered":"Razgatlioglu lamenta top-10 perdido por problemas de vibra\u00e7\u00e3o: &#8220;Imposs\u00edvel pilotar&#8221;"},"content":{"rendered":"\n<p class=\"wp-block-paragraph\"><strong>Toprak Razgatlioglu<\/strong> explicou que abandonou o <strong><a href=\"https:\/\/grandepremio.com\/br\/motogp\/ai-ogura-voa-em-assen-puxa-trinca-aprilia-e-vence-1-motogp-diogo-moreira-14\/\" data-type=\"link\" data-id=\"https:\/\/grandepremio.com\/br\/motogp\/ai-ogura-voa-em-assen-puxa-trinca-aprilia-e-vence-1-motogp-diogo-moreira-14\/\">GP dos Pa\u00edses Baixos<\/a><\/strong> da <strong><a href=\"https:\/\/grandepremio.com\/br\/motogp\/\" data-type=\"link\" data-id=\"https:\/\/grandepremio.com\/br\/motogp\/\">MotoGP<\/a><\/strong> por conta de uma forte vibra\u00e7\u00e3o na <strong>Yamaha<\/strong>, problema que classificou como imposs\u00edvel de contornar durante a corrida deste domingo (28), em <strong>Assen<\/strong>.<\/p>\n\n\n\n<p class=\"wp-block-paragraph\">Ap\u00f3s largar da \u00faltima posi\u00e7\u00e3o por conta de uma classifica\u00e7\u00e3o ruim, o turco fez uma excelente largada e ganhou diversas posi\u00e7\u00f5es ainda na primeira volta. Razgatlioglu chegou a entrar na disputa pelo <strong>top-10<\/strong>, mas abandonou o GP na 12\u00aa volta.<\/p>\n\n\n\n<figure class=\"wp-block-embed is-type-video is-provider-youtube wp-block-embed-youtube wp-embed-aspect-16-9 wp-has-aspect-ratio\"><div class=\"wp-block-embed__wrapper\">\n<iframe loading=\"lazy\" title=\"DE VOLTA \u00c0 BRIGA NA MOTOGP, MARC M\u00c1RQUEZ SE GARANTE NA DUCATI AT\u00c9 2028\" width=\"500\" height=\"281\" src=\"https:\/\/www.youtube.com\/embed\/u9sPHH0eWF0?feature=oembed\" frameborder=\"0\" allow=\"accelerometer; autoplay; clipboard-write; encrypted-media; gyroscope; picture-in-picture; web-share\" referrerpolicy=\"strict-origin-when-cross-origin\" allowfullscreen><\/iframe>\n<\/div><\/figure>\n\n\n\n<p class=\"wp-block-paragraph\">&#8220;Larguei bem. Tamb\u00e9m na curva 5, no meio da confus\u00e3o, escolhi uma boa trajet\u00f3ria e ultrapassei muitos pilotos ali&#8221;, explicou. &#8220;Depois que entrei no top-10, tudo estava indo muito bem, mas a moto come\u00e7ou a vibrar muito nas curvas para a esquerda. N\u00e3o entendo por qu\u00ea&#8221;, admitiu Razgatlioglu.<\/p>\n\n\n\n<p class=\"wp-block-paragraph\">&#8220;Conversei com <strong>Brad Binder<\/strong>, e ele disse: &#8216;Eu vi a moto, especialmente na curva 9. A vibra\u00e7\u00e3o era inacredit\u00e1vel, porque simplesmente n\u00e3o parava&#8217;.\u00a0Normalmente, quando a moto vibra, basta acelerar que\u00a0isso\u00a0desaparece. Mas dessa vez foi diferente. Ainda n\u00e3o sabemos o motivo.\u00a0S\u00f3 acontecia nas curvas para a esquerda. N\u00e3o\u00a0era apenas uma vibra\u00e7\u00e3o, a moto come\u00e7ava a pular de forma impressionante&#8221;, contou.<\/p>\n\n\n\n<figure class=\"wp-block-image size-large\"><img loading=\"lazy\" decoding=\"async\" width=\"1024\" height=\"683\" src=\"https:\/\/grandepremio.com\/br\/wp-content\/uploads\/2026\/06\/SI202606260162-1024x683.jpg\" alt=\"\" class=\"wp-image-1020307389\" srcset=\"https:\/\/grandepremio.com\/wp-content\/uploads\/2026\/06\/SI202606260162-1024x683.jpg 1024w, https:\/\/grandepremio.com\/wp-content\/uploads\/2026\/06\/SI202606260162-300x200.jpg 300w, https:\/\/grandepremio.com\/wp-content\/uploads\/2026\/06\/SI202606260162-768x512.jpg 768w, https:\/\/grandepremio.com\/wp-content\/uploads\/2026\/06\/SI202606260162-1536x1024.jpg 1536w, https:\/\/grandepremio.com\/wp-content\/uploads\/2026\/06\/SI202606260162-2048x1365.jpg 2048w, https:\/\/grandepremio.com\/wp-content\/uploads\/2026\/06\/SI202606260162-150x100.jpg 150w\" sizes=\"(max-width: 1024px) 100vw, 1024px\" \/><figcaption class=\"wp-element-caption\">Toprak Razgatlioglu (Foto: Gold &amp; Goose \/ Red Bull Content Pool)<\/figcaption><\/figure>\n\n\n\n<p class=\"wp-block-paragraph\">\u25b6\ufe0f<strong>Inscreva-se nos dois canais do GRANDE PR\u00caMIO no YouTube:\u00a0<a href=\"https:\/\/www.youtube.com\/channel\/UC9OlHEgxoaY6QY6nWPoiqQg?sub_confirmation=1\">GP<\/a>\u00a0|\u00a0<a href=\"https:\/\/www.youtube.com\/channel\/UC9csiS6q_C3C0FYhyr1rnFA?sub_confirmation=1\">GPTV<\/a><\/strong><\/p>\n\n\n\n<p class=\"wp-block-paragraph\">&#8220;Tentei administrar por algumas voltas, mas ficou imposs\u00edvel quando Binder e tamb\u00e9m \u00c1lex Rins me ultrapassaram.&nbsp;Depois forcei novamente na curva 15, que \u00e9 para a esquerda. Usei apenas o freio dianteiro e tentei v\u00e1rias coisas para encontrar o problema, mas continuei sentindo essa vibra\u00e7\u00e3o. Ent\u00e3o voltei aos boxes, porque era imposs\u00edvel pilotar desse jeito.&#8221;<\/p>\n\n\n\n<p class=\"wp-block-paragraph\">Antes do surgimento do problema, Razgatlioglu afirmou que estava satisfeito com o ritmo apresentado durante a prova.<\/p>\n\n\n\n<p class=\"wp-block-paragraph\">&#8220;Antes disso, o ritmo era incr\u00edvel, e eu ainda estava usando o pneu traseiro m\u00e9dio. Eu estava apenas administrando, porque vi que <strong>Fabio Quartararo<\/strong> come\u00e7ou a acelerar. Estava preservando o pneu traseiro e pilotando muito bem. Tamb\u00e9m pensei que, se ultrapassasse Fabio, talvez pudesse seguir <strong>Enea Bastianini<\/strong> por algumas voltas e abrir uma vantagem, porque sentia que tinha um pouco mais de ritmo, mas\u00a0quando cheguei em Fabio, essa vibra\u00e7\u00e3o come\u00e7ou. Perdi tempo e tentei encontrar uma forma de resolver o problema, mas n\u00e3o consegui.&#8221;<\/p>\n\n\n\n<p class=\"wp-block-paragraph\">Por fim, Razgatlioglu acredita que o problema custou uma primeira chegada entre os dez primeiros Catedral da Velocidade. &#8220;Come\u00e7amos muito bem. Estou realmente bravo, porque larguei muito bem. Pela primeira vez, parecia poss\u00edvel terminar no top-10, mas senti esse problema durante a corrida&#8221;, concluiu.<\/p>\n\n\n\n<p class=\"wp-block-paragraph\">A&nbsp;<strong>MotoGP<\/strong>&nbsp;volta a acelerar entre os dias 10 a 12 de julho, com o&nbsp;<strong>GP da Alemanha<\/strong>, em&nbsp;<strong>Sachsenring<\/strong>, para a 11\u00aa etapa da temporada 2026. O&nbsp;<strong>GRANDE PR\u00caMIO<\/strong>&nbsp;acompanha toda a programa\u00e7\u00e3o do fim de semana, assim como as demais categorias do&nbsp;<strong>Mundial de Motovelocidade<\/strong>.<\/p>\n\n\n\n<h2 class=\"wp-block-heading\"><strong>MotoGP hoje: saiba aqui as not\u00edcias mais importantes da MotoGP<\/strong><\/h2>\n\n\n\n<p class=\"wp-block-paragraph\">A reda\u00e7\u00e3o do&nbsp;<strong>GRANDE PR\u00caMIO&nbsp;<\/strong>selecionou as not\u00edcias mais importantes das \u00faltimas horas para voc\u00ea ficar por dentro de tudo que acontece na MotoGP.<\/p>\n\n\n\n<p class=\"wp-block-paragraph\">\u25b6\ufe0f<strong><a href=\"https:\/\/grandepremio.com\/br\/motogp\/jorge-martin-exalta-lideranca-motogp-apos-inferno-pontua-dificil-manter\/\">Mart\u00edn exalta lideran\u00e7a da MotoGP ap\u00f3s \u201cinferno\u201d, mas pontua: \u201cDif\u00edcil \u00e9 manter\u201d<\/a><\/strong><br>\u25b6\ufe0f<strong><a href=\"https:\/\/grandepremio.com\/br\/motogp\/diogo-moreira-assen-muito-dificil-contato-curva-1-tinha-so-sobreviver\/\">Moreira v\u00ea Assen \u201cmuito dif\u00edcil\u201d ap\u00f3s contato na curva 1: \u201cTinha s\u00f3 de sobreviver\u201d<\/a><\/strong><br>\u25b6\ufe0f<strong><a href=\"https:\/\/grandepremio.com\/br\/motogp\/francesco-bagnaia-culpa-freios-por-abandono-assen-foi-dificil-demais-continuar\/\">Bagnaia culpa freios por abandono em Assen: \u201cFoi dif\u00edcil demais continuar\u201d<\/a><\/strong><br>\u25b6\ufe0f<strong><a href=\"https:\/\/grandepremio.com\/br\/motogp\/marc-marquez-cobra-melhora-assen-evitar-pilotos-saiam-voando\/\">Marc M\u00e1rquez cobra melhora em Assen para evitar que pilotos saiam \u201cvoando\u201d<\/a><\/strong><br>\u25b6\ufe0f<strong><a href=\"https:\/\/grandepremio.com\/br\/motogp\/aprilia-celebra-forca-trackhouse-vitorias-assen-brinca-agora-chega\/\" data-type=\"link\" data-id=\"https:\/\/grandepremio.com\/br\/motogp\/aprilia-celebra-forca-trackhouse-vitorias-assen-brinca-agora-chega\/\">Aprilia celebra for\u00e7a da Trackhouse ap\u00f3s vit\u00f3rias em Assen e brinca: \u201cAgora chega\u201d<\/a><\/strong><br>\u25b6\ufe0f<strong><a href=\"https:\/\/grandepremio.com\/br\/motogp\/aprilia-atribui-queda-marco-bezzecchi-a-alta-velocidade-curva-15-assen\/\" data-type=\"link\" data-id=\"https:\/\/grandepremio.com\/br\/motogp\/aprilia-atribui-queda-marco-bezzecchi-a-alta-velocidade-curva-15-assen\/\">Aprilia atribui queda de Bezzecchi \u00e0 alta velocidade na curva 15 em Assen<\/a><\/strong><\/p>\n","protected":false},"excerpt":{"rendered":"<p>Toprak Razgatlioglu saiu da \u00faltima posi\u00e7\u00e3o em Assen, fez corrida de recupera\u00e7\u00e3o e entrou na briga pelo top-10, mas abandonou ap\u00f3s problemas de vibra\u00e7\u00e3o na M1 V4. Irritado, o turco afirmou que era &#8220;imposs\u00edvel&#8221; seguir na prova<\/p>\n","protected":false},"author":18,"featured_media":1020307392,"comment_status":"closed","ping_status":"closed","sticky":false,"template":"","format":"standard","meta":{"42wp_featured_image_caption":"MOTOGP 2026, GP DOS PA\u00cdSES BAIXOS, ASSEN, TOPRAK RAZGATLIOGLU, PRAMAC","42wp_featured_image_credits":"","42wp_featured_video":"","42wp_featured_image_hidden":false,"42wp_authors_list":[],"footnotes":""},"categories":[8],"tags":[4658,2090,2335,3463,151,5214,39473,26718,131,6513,110,28833,2327,29126,28285,3504,130,1975,187,144,24704,132,137,1661,1300,2287,813,79,78,27236,45225,45222,554,45223,45224,25819,29345,32257,28766,307,45226,36038,25667,27587,26690,136,25818,43603,2984,41398,45227,172],"42wp_author":[47161],"class_list":["post-145485","post","type-post","status-publish","format-standard","has-post-thumbnail","hentry","category-motogp","tag-ai-ogura","tag-alex-marquez","tag-alex-rins","tag-assen","tag-brad-binder","tag-classificacao-motogp","tag-corrida-motogp","tag-diogo-moreira","tag-ducati","tag-espn","tag-fabio-quartararo","tag-fermin-aldeguer","tag-francesco-bagnaia","tag-gp-dos-paises-baixos","tag-grandepremio","tag-gresini","tag-honda","tag-jack-miller","tag-joan-mir","tag-johann-zarco","tag-jorge-martin","tag-ktm","tag-lcr","tag-luca-marini","tag-marc-marquez","tag-marco-bezzecchi","tag-moto","tag-moto-gp","tag-motogp","tag-motogp-2026","tag-motogp-2026-calendario","tag-motogp-26","tag-motogp-ao-vivo","tag-motogp-calendario-2026","tag-motogp-classificacao-2026","tag-motogp-hoje","tag-motogp-horario","tag-motogp-sprint","tag-motogp-standings","tag-motor","tag-onde-assistir-motogp-2026","tag-paises-baixos","tag-pecco-bagnaia","tag-pedro-acosta","tag-pilotos-motogp","tag-pramac","tag-raul-fernandez","tag-resultado-motogp","tag-sprint","tag-temporada-motogp","tag-toprak-razgatliolgu","tag-yamaha","42wp_author-kaio-esteves"],"_links":{"self":[{"href":"https:\/\/grandepremio.com\/br\/wp-json\/wp\/v2\/posts\/145485","targetHints":{"allow":["GET"]}}],"collection":[{"href":"https:\/\/grandepremio.com\/br\/wp-json\/wp\/v2\/posts"}],"about":[{"href":"https:\/\/grandepremio.com\/br\/wp-json\/wp\/v2\/types\/post"}],"author":[{"embeddable":true,"href":"https:\/\/grandepremio.com\/br\/wp-json\/wp\/v2\/users\/18"}],"replies":[{"embeddable":true,"href":"https:\/\/grandepremio.com\/br\/wp-json\/wp\/v2\/comments?post=145485"}],"version-history":[{"count":5,"href":"https:\/\/grandepremio.com\/br\/wp-json\/wp\/v2\/posts\/145485\/revisions"}],"predecessor-version":[{"id":145508,"href":"https:\/\/grandepremio.com\/br\/wp-json\/wp\/v2\/posts\/145485\/revisions\/145508"}],"wp:featuredmedia":[{"embeddable":true,"href":"https:\/\/grandepremio.com\/br\/wp-json\/wp\/v2\/media\/1020307392"}],"wp:attachment":[{"href":"https:\/\/grandepremio.com\/br\/wp-json\/wp\/v2\/media?parent=145485"}],"wp:term":[{"taxonomy":"category","embeddable":true,"href":"https:\/\/grandepremio.com\/br\/wp-json\/wp\/v2\/categories?post=145485"},{"taxonomy":"post_tag","embeddable":true,"href":"https:\/\/grandepremio.com\/br\/wp-json\/wp\/v2\/tags?post=145485"},{"taxonomy":"42wp_author","embeddable":true,"href":"https:\/\/grandepremio.com\/br\/wp-json\/wp\/v2\/42wp_author?post=145485"}],"curies":[{"name":"wp","href":"https:\/\/api.w.org\/{rel}","templated":true}]}}