{"id":145490,"date":"2026-06-29T09:22:50","date_gmt":"2026-06-29T12:22:50","guid":{"rendered":"https:\/\/grandepremio.com\/br\/?p=145490"},"modified":"2026-06-29T11:14:44","modified_gmt":"2026-06-29T14:14:44","slug":"aprilia-atribui-queda-marco-bezzecchi-a-alta-velocidade-curva-15-assen","status":"publish","type":"post","link":"https:\/\/grandepremio.com\/br\/motogp\/aprilia-atribui-queda-marco-bezzecchi-a-alta-velocidade-curva-15-assen\/","title":{"rendered":"Aprilia atribui queda de Bezzecchi a alta velocidade na curva 15 em Assen"},"content":{"rendered":"\n<p class=\"wp-block-paragraph\">Diretor-executivo da <strong>Aprilia<\/strong>, <strong>Massimo Rivola <\/strong>afirmou que <strong>Marco Bezzecchi <\/strong>estava \u201csimplesmente r\u00e1pido demais\u201d na hora da queda no GP dos <strong>Pa\u00edses Baixos <\/strong>de domingo (28). O dirigente lamentou o erro do italiano, mas destacou que a prioridade agora \u00e9 a recupera\u00e7\u00e3o do <strong>#72<\/strong>.<\/p>\n\n\n\n<p class=\"wp-block-paragraph\">Na segunda volta da corrida em <strong>Assen<\/strong>, Bezzecchi perdeu a dianteira da <strong>RS-GP<\/strong> na curva 15 e sofreu uma queda violenta. O ent\u00e3o l\u00edder do <strong>Mundial de Pilotos<\/strong> executou uma s\u00e9rie de piruetas ao chegar na \u00e1rea de escape e passou muito perto de atingir o muro.<\/p>\n\n\n\n<figure class=\"wp-block-embed is-type-video is-provider-youtube wp-block-embed-youtube wp-embed-aspect-16-9 wp-has-aspect-ratio\"><div class=\"wp-block-embed__wrapper\">\n<iframe loading=\"lazy\" title=\"DE VOLTA \u00c0 BRIGA NA MOTOGP, MARC M\u00c1RQUEZ SE GARANTE NA DUCATI AT\u00c9 2028\" width=\"500\" height=\"281\" src=\"https:\/\/www.youtube.com\/embed\/u9sPHH0eWF0?feature=oembed\" frameborder=\"0\" allow=\"accelerometer; autoplay; clipboard-write; encrypted-media; gyroscope; picture-in-picture; web-share\" referrerpolicy=\"strict-origin-when-cross-origin\" allowfullscreen><\/iframe>\n<\/div><\/figure>\n\n\n\n<p class=\"wp-block-paragraph\">\u201c\u00c9 uma pena o erro de Marco\u201d, disse Rivola. \u201cEm um fim de semana onde ele mostrou \u00f3tima velocidade, ele deveria ter conquistado muito mais. No entanto, a prioridade agora \u00e9 recuperar da melhor forma que ele puder depois de uma queda feia\u201d, destacou.<\/p>\n\n\n\n<p class=\"wp-block-paragraph\">Com a queda, Bezzecchi perdeu a lideran\u00e7a do <strong>Mundial de Pilotos<\/strong> para <strong>Jorge Mart\u00edn<\/strong>, que agora tem sete pontos de frente na classifica\u00e7\u00e3o.<\/p>\n\n\n\n<figure class=\"wp-block-image size-large\"><img loading=\"lazy\" decoding=\"async\" width=\"1024\" height=\"576\" src=\"https:\/\/grandepremio.com\/br\/wp-content\/uploads\/2026\/06\/marco-bezzecchi-2-1024x576.jpg\" alt=\"\" class=\"wp-image-1020307892\" srcset=\"https:\/\/grandepremio.com\/wp-content\/uploads\/2026\/06\/marco-bezzecchi-2-1024x576.jpg 1024w, https:\/\/grandepremio.com\/wp-content\/uploads\/2026\/06\/marco-bezzecchi-2-300x169.jpg 300w, https:\/\/grandepremio.com\/wp-content\/uploads\/2026\/06\/marco-bezzecchi-2-768x432.jpg 768w, https:\/\/grandepremio.com\/wp-content\/uploads\/2026\/06\/marco-bezzecchi-2-1536x864.jpg 1536w, https:\/\/grandepremio.com\/wp-content\/uploads\/2026\/06\/marco-bezzecchi-2-1200x675.jpg 1200w, https:\/\/grandepremio.com\/wp-content\/uploads\/2026\/06\/marco-bezzecchi-2-150x84.jpg 150w, https:\/\/grandepremio.com\/wp-content\/uploads\/2026\/06\/marco-bezzecchi-2.jpg 1919w\" sizes=\"(max-width: 1024px) 100vw, 1024px\" \/><figcaption class=\"wp-element-caption\">Marco Bezzecchi sofreu um forte acidente no GP dos Pa\u00edses Baixos (Foto: Reprodu\u00e7\u00e3o\/ MotoGP)<\/figcaption><\/figure>\n\n\n\n<p class=\"wp-block-paragraph\">\u25b6\ufe0f&nbsp;<strong>Inscreva-se nos dois canais do GRANDE PR\u00caMIO no YouTube:&nbsp;<a href=\"https:\/\/www.youtube.com\/channel\/UC9OlHEgxoaY6QY6nWPoiqQg?sub_confirmation=1\">GP<\/a>&nbsp;|&nbsp;<a href=\"https:\/\/www.youtube.com\/channel\/UC9csiS6q_C3C0FYhyr1rnFA?sub_confirmation=1\">GPTV<\/a><\/strong><\/p>\n\n\n\n<p class=\"wp-block-paragraph\">\u201cHonestamente, acho que a Aprilia n\u00e3o foi forte apenas na curva 15. Em todos os trechos de alta velocidade da pista, a Aprilia normalmente demonstra algo especial\u201d, comentou. \u201cMas n\u00f3s precisamos extrair o m\u00e1ximo de todas as quatro motos\u201d, defendeu.<\/p>\n\n\n\n<p class=\"wp-block-paragraph\">Ap\u00f3s o acidente, Marco foi transferido ao centro m\u00e9dico de Assen, onde os primeiros exames constataram que ele estava \u201cplenamente consciente e mostrava mobilidade normal de todos os quatro membros, sem nenhum sinal imediato de maiores complica\u00e7\u00f5es neurol\u00f3gicas ou sist\u00eamica\u201d. Ainda assim, o #72 foi transferido para o Hospital Groningen para exames mais detalhados, que tampouco mostraram les\u00f5es.<\/p>\n\n\n\n<p class=\"wp-block-paragraph\">\u201cFelizmente, n\u00e3o parece nada para se preocupar\u201d, completou.<\/p>\n\n\n\n<p class=\"wp-block-paragraph\">A&nbsp;<strong>MotoGP<\/strong>&nbsp;volta a acelerar entre os dias 10 a 12 de julho, com o&nbsp;<strong>GP da Alemanha<\/strong>, em&nbsp;<strong>Sachsenring<\/strong>, para a 11\u00aa etapa da temporada 2026. O&nbsp;<strong>GRANDE PR\u00caMIO<\/strong>&nbsp;acompanha toda a programa\u00e7\u00e3o do fim de semana, assim como as demais categorias do&nbsp;<strong>Mundial de Motovelocidade<\/strong>.<\/p>\n\n\n\n<h2 class=\"wp-block-heading\"><strong>MotoGP hoje: saiba aqui as not\u00edcias mais importantes da MotoGP<\/strong><\/h2>\n\n\n\n<p class=\"wp-block-paragraph\">A reda\u00e7\u00e3o do&nbsp;<strong>GRANDE PR\u00caMIO&nbsp;<\/strong>selecionou as not\u00edcias mais importantes das \u00faltimas horas para voc\u00ea ficar por dentro de tudo que acontece na MotoGP.<\/p>\n\n\n\n<p class=\"wp-block-paragraph\">\u25b6\ufe0f&nbsp;<strong><a href=\"https:\/\/grandepremio.com\/br\/motogp\/jorge-martin-exalta-lideranca-motogp-apos-inferno-pontua-dificil-manter\/\">Mart\u00edn exalta lideran\u00e7a da MotoGP ap\u00f3s \u201cinferno\u201d, mas pontua: \u201cDif\u00edcil \u00e9 manter\u201d<\/a><\/strong><br>\u25b6\ufe0f&nbsp;<strong><a href=\"https:\/\/grandepremio.com\/br\/motogp\/diogo-moreira-assen-muito-dificil-contato-curva-1-tinha-so-sobreviver\/\">Moreira v\u00ea Assen \u201cmuito dif\u00edcil\u201d ap\u00f3s contato na curva 1: \u201cTinha s\u00f3 de sobreviver\u201d<\/a><\/strong><br>\u25b6\ufe0f&nbsp;<strong><a href=\"https:\/\/grandepremio.com\/br\/motogp\/francesco-bagnaia-culpa-freios-por-abandono-assen-foi-dificil-demais-continuar\/\">Bagnaia culpa freios por abandono em Assen: \u201cFoi dif\u00edcil demais continuar\u201d<\/a><\/strong><br>\u25b6\ufe0f&nbsp;<strong><a href=\"https:\/\/grandepremio.com\/br\/motogp\/marc-marquez-cobra-melhora-assen-evitar-pilotos-saiam-voando\/\">Marc M\u00e1rquez cobra melhora em Assen para evitar que pilotos saiam \u201cvoando\u201d<\/a><\/strong><br>\u25b6\ufe0f <strong><a href=\"https:\/\/grandepremio.com\/br\/motogp\/aprilia-celebra-forca-trackhouse-vitorias-assen-brinca-agora-chega\/\">Aprilia celebra for\u00e7a da Trackhouse ap\u00f3s vit\u00f3rias em Assen e brinca: \u201cAgora chega\u201d<\/a><br><\/strong><\/p>\n","protected":false},"excerpt":{"rendered":"<p>Diretor-executivo da Aprilia, Massimo Rivola avaliou que Marco Bezzecchi estava r\u00e1pido demais na hora da queda em Assen. Dirigente lamentou o erro, mas destacou que a prioridade \u00e9 a recupera\u00e7\u00e3o do italiano<\/p>\n","protected":false},"author":10,"featured_media":1020307646,"comment_status":"closed","ping_status":"closed","sticky":false,"template":"","format":"standard","meta":{"42wp_featured_image_caption":"MOTOGP 2026, GP DOS PA\u00cdSES BAIXOS, MARCO BEZZECCHI, APRILIA","42wp_featured_image_credits":"","42wp_featured_video":"","42wp_featured_image_hidden":false,"42wp_authors_list":[],"footnotes":""},"categories":[8],"tags":[4658,151,39473,26718,131,6513,110,28833,2327,28285,3504,130,1975,187,144,25552,132,137,1661,25007,2287,813,79,78,27236,45225,45222,554,45223,45224,25819,29345,32257,28766,307,45226,25667,27587,26690,136,25818,43603,2984,41398,45227,172],"42wp_author":[47113],"class_list":["post-145490","post","type-post","status-publish","format-standard","has-post-thumbnail","hentry","category-motogp","tag-ai-ogura","tag-brad-binder","tag-corrida-motogp","tag-diogo-moreira","tag-ducati","tag-espn","tag-fabio-quartararo","tag-fermin-aldeguer","tag-francesco-bagnaia","tag-grandepremio","tag-gresini","tag-honda","tag-jack-miller","tag-joan-mir","tag-johann-zarco","tag-jorge-martin-2","tag-ktm","tag-lcr","tag-luca-marini","tag-marc-marquez-3","tag-marco-bezzecchi","tag-moto","tag-moto-gp","tag-motogp","tag-motogp-2026","tag-motogp-2026-calendario","tag-motogp-26","tag-motogp-ao-vivo","tag-motogp-calendario-2026","tag-motogp-classificacao-2026","tag-motogp-hoje","tag-motogp-horario","tag-motogp-sprint","tag-motogp-standings","tag-motor","tag-onde-assistir-motogp-2026","tag-pecco-bagnaia","tag-pedro-acosta","tag-pilotos-motogp","tag-pramac","tag-raul-fernandez","tag-resultado-motogp","tag-sprint","tag-temporada-motogp","tag-toprak-razgatliolgu","tag-yamaha","42wp_author-juliana-tesser"],"_links":{"self":[{"href":"https:\/\/grandepremio.com\/br\/wp-json\/wp\/v2\/posts\/145490","targetHints":{"allow":["GET"]}}],"collection":[{"href":"https:\/\/grandepremio.com\/br\/wp-json\/wp\/v2\/posts"}],"about":[{"href":"https:\/\/grandepremio.com\/br\/wp-json\/wp\/v2\/types\/post"}],"author":[{"embeddable":true,"href":"https:\/\/grandepremio.com\/br\/wp-json\/wp\/v2\/users\/10"}],"replies":[{"embeddable":true,"href":"https:\/\/grandepremio.com\/br\/wp-json\/wp\/v2\/comments?post=145490"}],"version-history":[{"count":5,"href":"https:\/\/grandepremio.com\/br\/wp-json\/wp\/v2\/posts\/145490\/revisions"}],"predecessor-version":[{"id":145550,"href":"https:\/\/grandepremio.com\/br\/wp-json\/wp\/v2\/posts\/145490\/revisions\/145550"}],"wp:featuredmedia":[{"embeddable":true,"href":"https:\/\/grandepremio.com\/br\/wp-json\/wp\/v2\/media\/1020307646"}],"wp:attachment":[{"href":"https:\/\/grandepremio.com\/br\/wp-json\/wp\/v2\/media?parent=145490"}],"wp:term":[{"taxonomy":"category","embeddable":true,"href":"https:\/\/grandepremio.com\/br\/wp-json\/wp\/v2\/categories?post=145490"},{"taxonomy":"post_tag","embeddable":true,"href":"https:\/\/grandepremio.com\/br\/wp-json\/wp\/v2\/tags?post=145490"},{"taxonomy":"42wp_author","embeddable":true,"href":"https:\/\/grandepremio.com\/br\/wp-json\/wp\/v2\/42wp_author?post=145490"}],"curies":[{"name":"wp","href":"https:\/\/api.w.org\/{rel}","templated":true}]}}