{"id":145567,"date":"2026-06-29T12:23:06","date_gmt":"2026-06-29T15:23:06","guid":{"rendered":"https:\/\/grandepremio.com\/br\/?p=145567"},"modified":"2026-06-30T00:45:50","modified_gmt":"2026-06-30T03:45:50","slug":"fia-aperta-cerco-proibe-ordens-entre-equipes-oficiais-clientes-formula-e","status":"publish","type":"post","link":"https:\/\/grandepremio.com\/br\/formula-e\/fia-aperta-cerco-proibe-ordens-entre-equipes-oficiais-clientes-formula-e\/","title":{"rendered":"FIA aperta cerco e pro\u00edbe ordens entre equipes oficiais e clientes na F\u00f3rmula E"},"content":{"rendered":"\n<p class=\"wp-block-paragraph\">A <strong>Federa\u00e7\u00e3o Internacional de Automobilismo (FIA)<\/strong> incluiu uma nova regra no regulamento esportivo da <strong>F\u00f3rmula E<\/strong> para a temporada 2026\/27, primeira da era <strong>Gen4<\/strong>, com o objetivo de impedir combina\u00e7\u00f5es entre equipes oficiais e clientes de uma mesma fabricante. A entidade passou a proibir explicitamente qualquer ordem que tenha como objetivo influenciar o resultado das corridas, pr\u00e1tica que vinha sendo monitorada ao longo da era Gen3.<\/p>\n\n\n\n<p class=\"wp-block-paragraph\"><a href=\"https:\/\/grandepremio.com\/br\/formula-e\/fia-ve-preocupacao-formula-e-porsche-age-coibir-ordens-equipe-era-gen4\/\">A situa\u00e7\u00e3o vinha sendo acompanhada de perto pela FIA<\/a>, que agora traz essa medida como parte do pacote de mudan\u00e7as aprovado para o pr\u00f3ximo ciclo t\u00e9cnico da categoria. A proibi\u00e7\u00e3o foi inserida no artigo 3.1 das disposi\u00e7\u00f5es gerais do campeonato.<\/p>\n\n\n\n<figure class=\"wp-block-embed is-type-video is-provider-youtube wp-block-embed-youtube wp-embed-aspect-16-9 wp-has-aspect-ratio\"><div class=\"wp-block-embed__wrapper\">\n<iframe loading=\"lazy\" title=\"F\u00d3RMULA E 2026 | CORRIDA eP DE SANYA COMPLETA, COM IMAGENS E DRUGOVICH | 11\u00aa ETAPA\" width=\"500\" height=\"281\" src=\"https:\/\/www.youtube.com\/embed\/qP_gw8QgjnY?feature=oembed\" frameborder=\"0\" allow=\"accelerometer; autoplay; clipboard-write; encrypted-media; gyroscope; picture-in-picture; web-share\" referrerpolicy=\"strict-origin-when-cross-origin\" allowfullscreen><\/iframe>\n<\/div><\/figure>\n\n\n\n<p class=\"wp-block-paragraph\">&#8220;Conforme o ap\u00eandice M do C\u00f3digo Esportivo Internacional da FIA, qualquer instru\u00e7\u00e3o ou acordo coordenado entre competidores inscritos pela mesma fabricante que interfira na disputa ou tenha a inten\u00e7\u00e3o de alterar o resultado de uma prova est\u00e1 proibido&#8221;, diz o texto do regulamento.<\/p>\n\n\n\n<p class=\"wp-block-paragraph\">&#8220;Caso a regra seja descumprida, equipes, montadoras e pilotos poder\u00e3o sofrer puni\u00e7\u00f5es esportivas e medidas disciplinares previstas pela entidade&#8221;, segue.<\/p>\n\n\n\n<p class=\"wp-block-paragraph\">A decis\u00e3o foi tomada ap\u00f3s a FIA analisar cen\u00e1rios observados durante a era Gen3. Segundo o portal <em>Formula E Notebook<\/em>, a <strong>Porsche <\/strong>estudou diferentes possibilidades de administrar corridas em conjunto com as equipes clientes <strong>Andretti <\/strong>e <strong>Cupra Kiro<\/strong> nas \u00faltimas tr\u00eas temporadas e meia. Embora n\u00e3o haja registro de ordens expl\u00edcitas, a entidade avaliou que havia potencial para esse tipo de coordena\u00e7\u00e3o.<\/p>\n\n\n\n<p class=\"wp-block-paragraph\">Situa\u00e7\u00e3o semelhante tamb\u00e9m foi observada entre <strong>Jaguar <\/strong>e <strong>Envision<\/strong>. As duas equipes, que compartilham o mesmo trem de for\u00e7a, trabalharam de forma pr\u00f3xima em algumas circunst\u00e2ncias esportivas ao longo dos \u00faltimos anos, ainda que, de acordo com a publica\u00e7\u00e3o, nunca tenha sido identificada uma diretriz clara para manipular resultados.<\/p>\n\n\n\n<figure class=\"wp-block-image size-full\"><img loading=\"lazy\" decoding=\"async\" width=\"1000\" height=\"667\" src=\"https:\/\/grandepremio.com\/br\/wp-content\/uploads\/2026\/06\/2276514327-1000x1000-1.jpg\" alt=\"\" class=\"wp-image-1020308016\" srcset=\"https:\/\/grandepremio.com\/wp-content\/uploads\/2026\/06\/2276514327-1000x1000-1.jpg 1000w, https:\/\/grandepremio.com\/wp-content\/uploads\/2026\/06\/2276514327-1000x1000-1-300x200.jpg 300w, https:\/\/grandepremio.com\/wp-content\/uploads\/2026\/06\/2276514327-1000x1000-1-768x512.jpg 768w, https:\/\/grandepremio.com\/wp-content\/uploads\/2026\/06\/2276514327-1000x1000-1-150x100.jpg 150w\" sizes=\"(max-width: 1000px) 100vw, 1000px\" \/><figcaption class=\"wp-element-caption\">Ordens entre equipes oficiais e clientes ser\u00e3o expressamente proibidas a partir da temporada 2026\/27 (Foto: F\u00f3rmula E)<\/figcaption><\/figure>\n\n\n\n<p class=\"wp-block-paragraph\">A preocupa\u00e7\u00e3o ganhou ainda mais for\u00e7a ap\u00f3s a Porsche anunciar que&nbsp;<a href=\"https:\/\/www.grandepremio.com\/br\/formula-e\/noticias\/porsche-expande-operacao-anuncia-entrada-equipe-satelite-formula-e\/\">ter\u00e1 uma segunda equipe de f\u00e1brica na F\u00f3rmula E<\/a>&nbsp;durante a era Gen4. Atualmente, a marca alem\u00e3 tem o time pr\u00f3prio, al\u00e9m das duas clientes. Com a expans\u00e3o da opera\u00e7\u00e3o, passar\u00e1 a ter controle total sobre duas escuderias no grid, al\u00e9m de manter rela\u00e7\u00e3o de fornecedora com mais uma \u2014 que caminha para ser a Cupra Kiro ap\u00f3s&nbsp;<a href=\"https:\/\/www.grandepremio.com\/br\/formula-e\/noticias\/porsche-andretti-confirmam-encerramento-parceria-fim-formula-e-2025-26\/\">a oficializa\u00e7\u00e3o do fim da parceria com a Andretti<\/a>.<\/p>\n\n\n\n<p class=\"wp-block-paragraph\">No paddock, rivais entendiam que o modelo poderia abrir espa\u00e7o para uma gest\u00e3o estrat\u00e9gica de corridas e campeonatos envolvendo m\u00faltiplos carros alinhados aos interesses da fabricante de Weissach. O novo texto visa coibir esse tipo de a\u00e7\u00e3o e pode, inclusive, bloquear a\u00e7\u00f5es coordenadas entre os dois times de f\u00e1brica da Porsche.<\/p>\n\n\n\n<p class=\"wp-block-paragraph\">A&nbsp;<strong>F\u00f3rmula E<\/strong>&nbsp;volta nesta semana, entre os dias&nbsp;<strong>3 e 5 de julho<\/strong>, com a rodada dupla do&nbsp;<strong>eP de Xangai<\/strong>, 12\u00aa e 13\u00aa etapas da temporada 2025\/26. O&nbsp;<strong>GRANDE PR\u00caMIO<\/strong>&nbsp;segue como emissora oficial da F\u00f3rmula E no Brasil e transmite&nbsp;<strong>AO VIVO e COM IMAGENS<\/strong>&nbsp;todas as sess\u00f5es do fim de semana no canal no&nbsp;<strong>YouTube&nbsp;<\/strong>e na&nbsp;<strong>GPTV<\/strong>.<\/p>\n\n\n\n<p class=\"wp-block-paragraph\"><strong>\u25b6\ufe0f&nbsp;Inscreva-se nos dois canais do GRANDE PR\u00caMIO no YouTube:&nbsp;<a href=\"https:\/\/www.youtube.com\/channel\/UC9OlHEgxoaY6QY6nWPoiqQg?sub_confirmation=1\">GP<\/a>&nbsp;|&nbsp;<a href=\"https:\/\/www.youtube.com\/channel\/UC9csiS6q_C3C0FYhyr1rnFA?sub_confirmation=1\">GPTV<\/a><\/strong><\/p>\n\n\n\n<h2 class=\"wp-block-heading\">eP de Xangai da F\u00f3rmula E:&nbsp;veja os hor\u00e1rios em Brasil, Cabo Verde,&nbsp;Portugal, Angola e Mo\u00e7ambique<\/h2>\n\n\n\n<figure class=\"wp-block-table is-style-stripes\"><table class=\"has-fixed-layout\"><tbody><tr><td><strong>Data<\/strong><\/td><td><strong>&nbsp;Sess\u00e3o<\/strong><\/td><td><strong>BRA*<\/strong><\/td><td><strong>CBV<\/strong><\/td><td><strong>POR<\/strong><br><strong>ANG<\/strong><\/td><td><strong>MOZ<\/strong><\/td><\/tr><tr><td>Sexta-feira (3)<\/td><td>Treino livre 1<\/td><td>5:00<\/td><td>7:00<\/td><td>9:00<\/td><td>10:00<\/td><\/tr><tr><td>Sexta-feira (3)<\/td><td>Treino livre 2<\/td><td>21:30<\/td><td>23:30<\/td><td>1:30<\/td><td>2:30<\/td><\/tr><tr><td>Sexta-feira (3)<\/td><td>Classifica\u00e7\u00e3o<\/td><td>23:40<\/td><td>1:40<\/td><td>3:40<\/td><td>4:40<\/td><\/tr><tr><td>S\u00e1bado (4)<\/td><td>Corrida<\/td><td>4:05<\/td><td>6:05<\/td><td>8:05<\/td><td>9:05<\/td><\/tr><tr><td>S\u00e1bado (4)<\/td><td>Treino livre 3<\/td><td>21:30<\/td><td>23:30<\/td><td>1:30<\/td><td>2:30<\/td><\/tr><tr><td>S\u00e1bado (4)<\/td><td>Classifica\u00e7\u00e3o<\/td><td>23:40<\/td><td>1:40<\/td><td>3:40<\/td><td>4:40<\/td><\/tr><tr><td>Domingo (5)<\/td><td>Corrida<\/td><td>4:05<\/td><td>6:05<\/td><td>8:05<\/td><td>9:05<\/td><\/tr><\/tbody><\/table><\/figure>\n\n\n\n<p class=\"wp-block-paragraph\"><em>*Hor\u00e1rios de Bras\u00edlia (GMT-3)<\/em><\/p>\n","protected":false},"excerpt":{"rendered":"<p>FIA inclui novo artigo no regulamento da F\u00f3rmula E para impedir expressamente que fabricantes coordenem estrat\u00e9gias com equipes clientes e influenciem resultados das corridas<\/p>\n","protected":false},"author":9,"featured_media":1001088236,"comment_status":"closed","ping_status":"closed","sticky":false,"template":"","format":"standard","meta":{"42wp_featured_image_caption":"F\u00d3RMULA E 2026, EP DE M\u00d4NACO, PEPE MART\u00cd, CUPRA KIRO","42wp_featured_image_credits":"","42wp_featured_video":"","42wp_featured_image_hidden":false,"42wp_authors_list":[],"footnotes":""},"categories":[19],"tags":[417,28679,41812,10437,25000,43531,45540,24836,28285,35442,910,36219,736,43530],"42wp_author":[],"class_list":["post-145567","post","type-post","status-publish","format-standard","has-post-thumbnail","hentry","category-formula-e","tag-andretti","tag-calendario-formula-e","tag-cupra-kiro","tag-envision","tag-formula-e-2","tag-formula-e-2026","tag-formula-e-hoje","tag-grande-premio-2","tag-grandepremio","tag-horarios-formula-e","tag-jaguar","tag-onde-assistir-formula-e","tag-porsche","tag-temporada-2026-da-formula-e"],"_links":{"self":[{"href":"https:\/\/grandepremio.com\/br\/wp-json\/wp\/v2\/posts\/145567","targetHints":{"allow":["GET"]}}],"collection":[{"href":"https:\/\/grandepremio.com\/br\/wp-json\/wp\/v2\/posts"}],"about":[{"href":"https:\/\/grandepremio.com\/br\/wp-json\/wp\/v2\/types\/post"}],"author":[{"embeddable":true,"href":"https:\/\/grandepremio.com\/br\/wp-json\/wp\/v2\/users\/9"}],"replies":[{"embeddable":true,"href":"https:\/\/grandepremio.com\/br\/wp-json\/wp\/v2\/comments?post=145567"}],"version-history":[{"count":10,"href":"https:\/\/grandepremio.com\/br\/wp-json\/wp\/v2\/posts\/145567\/revisions"}],"predecessor-version":[{"id":145690,"href":"https:\/\/grandepremio.com\/br\/wp-json\/wp\/v2\/posts\/145567\/revisions\/145690"}],"wp:featuredmedia":[{"embeddable":true,"href":"https:\/\/grandepremio.com\/br\/wp-json\/wp\/v2\/media\/1001088236"}],"wp:attachment":[{"href":"https:\/\/grandepremio.com\/br\/wp-json\/wp\/v2\/media?parent=145567"}],"wp:term":[{"taxonomy":"category","embeddable":true,"href":"https:\/\/grandepremio.com\/br\/wp-json\/wp\/v2\/categories?post=145567"},{"taxonomy":"post_tag","embeddable":true,"href":"https:\/\/grandepremio.com\/br\/wp-json\/wp\/v2\/tags?post=145567"},{"taxonomy":"42wp_author","embeddable":true,"href":"https:\/\/grandepremio.com\/br\/wp-json\/wp\/v2\/42wp_author?post=145567"}],"curies":[{"name":"wp","href":"https:\/\/api.w.org\/{rel}","templated":true}]}}