{"id":145625,"date":"2026-06-30T05:15:00","date_gmt":"2026-06-30T08:15:00","guid":{"rendered":"https:\/\/grandepremio.com\/br\/?p=145625"},"modified":"2026-06-29T20:00:12","modified_gmt":"2026-06-29T23:00:12","slug":"marc-marquez-assume-conversa-informal-honda-antes-renovar-ducati","status":"publish","type":"post","link":"https:\/\/grandepremio.com\/br\/motogp\/marc-marquez-assume-conversa-informal-honda-antes-renovar-ducati\/","title":{"rendered":"Marc M\u00e1rquez assume \u201cconversa informal\u201d com Honda antes de renovar com Ducati"},"content":{"rendered":"\n<p class=\"wp-block-paragraph\"><strong>Marc M\u00e1rquez<\/strong> assumiu que teve uma \u201cconversa informal\u201d com a <strong>Honda <\/strong>antes de renovar o contrato com a <strong>Ducati <\/strong>at\u00e9 a temporada <strong>2028<\/strong>. O espanhol, por\u00e9m, negou que cogitasse retomar os v\u00ednculos com a marca japonesa, uma vez que \u201cj\u00e1 corro riscos suficientes na pista\u201d.<\/p>\n\n\n\n<p class=\"wp-block-paragraph\">O mais velho dos irm\u00e3os M\u00e1rquez chegou \u00e0 MotoGP em 2013 e passou 11 temporadas a bordo da <strong>RC213V<\/strong>. No fim de 2022, por\u00e9m, o #93 antecipou o fim do contrato com a marca da asa dourada e partiu para a <strong>Gresini<\/strong>, j\u00e1 que queria retomar a competitividade e assegurar um lugar na equipe de f\u00e1brica.<\/p>\n\n\n\n<figure class=\"wp-block-embed is-type-video is-provider-youtube wp-block-embed-youtube wp-embed-aspect-16-9 wp-has-aspect-ratio\"><div class=\"wp-block-embed__wrapper\">\n<iframe loading=\"lazy\" title=\"DE VOLTA \u00c0 BRIGA NA MOTOGP, MARC M\u00c1RQUEZ SE GARANTE NA DUCATI AT\u00c9 2028\" width=\"500\" height=\"281\" src=\"https:\/\/www.youtube.com\/embed\/u9sPHH0eWF0?feature=oembed\" frameborder=\"0\" allow=\"accelerometer; autoplay; clipboard-write; encrypted-media; gyroscope; picture-in-picture; web-share\" referrerpolicy=\"strict-origin-when-cross-origin\" allowfullscreen><\/iframe>\n<\/div><\/figure>\n\n\n\n<p class=\"wp-block-paragraph\">O plano n\u00e3o s\u00f3 funcionou, mas tamb\u00e9m deu o resultado mais sonhado: o t\u00edtulo de 2025.<\/p>\n\n\n\n<p class=\"wp-block-paragraph\">A Honda, por outro lado, seguiu mergulhada na crise, fechando a temporada passada na pen\u00faltima coloca\u00e7\u00e3o do <strong>Mundial de Construtores<\/strong>.<\/p>\n\n\n\n<figure class=\"wp-block-image size-large\"><img loading=\"lazy\" decoding=\"async\" width=\"1024\" height=\"682\" src=\"https:\/\/grandepremio.com\/br\/wp-content\/uploads\/2026\/06\/unnamed-12-1024x682.jpg\" alt=\"\" class=\"wp-image-1020307999\" srcset=\"https:\/\/grandepremio.com\/wp-content\/uploads\/2026\/06\/unnamed-12-1024x682.jpg 1024w, https:\/\/grandepremio.com\/wp-content\/uploads\/2026\/06\/unnamed-12-300x200.jpg 300w, https:\/\/grandepremio.com\/wp-content\/uploads\/2026\/06\/unnamed-12-768x512.jpg 768w, https:\/\/grandepremio.com\/wp-content\/uploads\/2026\/06\/unnamed-12-1536x1024.jpg 1536w, https:\/\/grandepremio.com\/wp-content\/uploads\/2026\/06\/unnamed-12-150x100.jpg 150w, https:\/\/grandepremio.com\/wp-content\/uploads\/2026\/06\/unnamed-12.jpg 2000w\" sizes=\"(max-width: 1024px) 100vw, 1024px\" \/><figcaption class=\"wp-element-caption\">Marc M\u00e1rquez afirmou que conversou com a Honda antes de renovar com a Ducati (Foto: Ducati)<\/figcaption><\/figure>\n\n\n\n<p class=\"wp-block-paragraph\">\u25b6\ufe0f\u00a0<strong>Inscreva-se nos dois canais do GRANDE PR\u00caMIO no YouTube:\u00a0<a href=\"https:\/\/www.youtube.com\/channel\/UC9OlHEgxoaY6QY6nWPoiqQg?sub_confirmation=1\">GP<\/a>\u00a0|\u00a0<a href=\"https:\/\/www.youtube.com\/channel\/UC9csiS6q_C3C0FYhyr1rnFA?sub_confirmation=1\">GPTV<\/a><\/strong><\/p>\n\n\n\n<p class=\"wp-block-paragraph\">Na semana passada, a imprensa espanhol revelou que a Honda fez uma tentativa de recuperar o passe do heptacampe\u00e3o da MotoGP antes da renova\u00e7\u00e3o com a Ducati.<\/p>\n\n\n\n<p class=\"wp-block-paragraph\">\u201cHouve uma conversa informal, mas eu tinha claro que antes queria escutar a Ducati. Se estava contente, n\u00e3o entraria no jogo de ir para c\u00e1 ou para l\u00e1\u201d, disse M\u00e1rquez em entrevista ao streaming espanhol <em>DAZN<\/em>. \u201cE, com a Ducati, n\u00f3s sentamos e nos entendemos de entrada\u201d, seguiu.<\/p>\n\n\n\n<p class=\"wp-block-paragraph\">\u201cVoltar \u00e0 Honda teria sido muito rom\u00e2ntico e, evidentemente, eu tinha muita vontade. Mas j\u00e1 corro riscos suficientes na pista\u201d, afirmou. \u201cTem horas em que \u00e9 preciso valorizar as coisas com a cabe\u00e7a, n\u00e3o com o cora\u00e7\u00e3o, como na \u00faltima decis\u00e3o que eu tomei. E me saiu bem\u201d, completou.<\/p>\n\n\n\n<p class=\"wp-block-paragraph\">A&nbsp;<strong>MotoGP<\/strong>&nbsp;volta a acelerar entre os dias 10 a 12 de julho, com o&nbsp;<strong>GP da Alemanha<\/strong>, em&nbsp;<strong>Sachsenring<\/strong>, para a 11\u00aa etapa da temporada 2026. O&nbsp;<strong>GRANDE PR\u00caMIO<\/strong>&nbsp;acompanha toda a programa\u00e7\u00e3o do fim de semana, assim como as demais categorias do&nbsp;<strong>Mundial de Motovelocidade<\/strong>.<\/p>\n\n\n\n<h2 class=\"wp-block-heading\"><strong>MotoGP hoje: saiba aqui as not\u00edcias mais importantes da MotoGP<\/strong><\/h2>\n\n\n\n<p class=\"wp-block-paragraph\">A reda\u00e7\u00e3o do&nbsp;<strong>GRANDE PR\u00caMIO&nbsp;<\/strong>selecionou as not\u00edcias mais importantes das \u00faltimas horas para voc\u00ea ficar por dentro de tudo que acontece na MotoGP.<\/p>\n\n\n\n<p class=\"wp-block-paragraph\">\u25b6\ufe0f\u00a0<strong><a href=\"https:\/\/grandepremio.com\/br\/motogp\/jorge-martin-exalta-lideranca-motogp-apos-inferno-pontua-dificil-manter\/\">Mart\u00edn exalta lideran\u00e7a da MotoGP ap\u00f3s \u201cinferno\u201d, mas pontua: \u201cDif\u00edcil \u00e9 manter\u201d<\/a><\/strong><br>\u25b6\ufe0f\u00a0<strong><a href=\"https:\/\/grandepremio.com\/br\/motogp\/diogo-moreira-assen-muito-dificil-contato-curva-1-tinha-so-sobreviver\/\">Moreira v\u00ea Assen \u201cmuito dif\u00edcil\u201d ap\u00f3s contato na curva 1: \u201cTinha s\u00f3 de sobreviver\u201d<\/a><\/strong><br>\u25b6\ufe0f\u00a0<strong><a href=\"https:\/\/grandepremio.com\/br\/motogp\/francesco-bagnaia-culpa-freios-por-abandono-assen-foi-dificil-demais-continuar\/\">Bagnaia culpa freios por abandono em Assen: \u201cFoi dif\u00edcil demais continuar\u201d<\/a><\/strong><br>\u25b6\ufe0f\u00a0<strong><a href=\"https:\/\/grandepremio.com\/br\/motogp\/marc-marquez-cobra-melhora-assen-evitar-pilotos-saiam-voando\/\">Marc M\u00e1rquez cobra melhora em Assen para evitar que pilotos saiam \u201cvoando\u201d<\/a><\/strong><br>\u25b6\ufe0f\u00a0<strong><a href=\"https:\/\/grandepremio.com\/br\/motogp\/aprilia-celebra-forca-trackhouse-vitorias-assen-brinca-agora-chega\/\">Aprilia celebra for\u00e7a da Trackhouse ap\u00f3s vit\u00f3rias em Assen e brinca: \u201cAgora chega\u201d<\/a><\/strong><br>\u25b6\ufe0f\u00a0<strong><a href=\"https:\/\/grandepremio.com\/br\/motogp\/fabio-di-giannantonio-preocupa-algo-mais-aprilia-cobra-moto-melhorar\/\">Di Giannantonio se preocupa com \u201calgo mais\u201d da Aprilia e cobra melhora da moto<\/a><\/strong><br>\u25b6\ufe0f\u00a0<strong><a href=\"https:\/\/grandepremio.com\/br\/motogp\/marco-bezzecchi-hora-cuidar-dores-avisa-nao-vamos-desistir\/\">Bezzecchi fala em \u201chora de cuidar das dores\u201d, mas avisa: \u201cN\u00e3o vamos desistir\u201d<\/a><\/strong><br>\u25b6\ufe0f\u00a0<strong><a href=\"https:\/\/grandepremio.com\/br\/motogp\/chefe-trackhouse-aponta-chave-derrotar-aprilia-assen-nossos-pilotos\/\">Chefe da Trackhouse aponta chave para derrotar Aprilia em Assen: \u201cNossos pilotos\u201d<\/a><\/strong><br>\u25b6\ufe0f <strong><a href=\"https:\/\/grandepremio.com\/br\/motogp\/ai-ogura-assume-rotulo-postulante-titulo-motogp-gosto-ser-considerado\/\">Ogura assume r\u00f3tulo de postulante ao t\u00edtulo da MotoGP: \u201cGosto de ser considerado\u201d<\/a><\/strong><br><strong><br><\/strong><\/p>\n","protected":false},"excerpt":{"rendered":"<p>Marc M\u00e1rquez admitiu que foi sondado pela Honda antes de renovar o contrato dele com a Ducati por duas temporadas. O espanhol, contudo, deixou claro que sempre teve o objetivo de seguir em Borgo Panigale<\/p>\n","protected":false},"author":10,"featured_media":1020307647,"comment_status":"closed","ping_status":"closed","sticky":false,"template":"","format":"standard","meta":{"42wp_featured_image_caption":"MOTOGP 2026, GP DOS PA\u00cdSES BAIXOS, MARC M\u00c1RQUEZ, DUCATI","42wp_featured_image_credits":"","42wp_featured_video":"","42wp_featured_image_hidden":false,"42wp_authors_list":[],"footnotes":""},"categories":[8],"tags":[4658,2090,2335,151,5214,39473,26718,131,6513,110,28833,2327,28285,3504,130,1975,187,144,24704,132,137,1661,1300,2287,813,79,78,27236,45225,45222,554,45223,45224,25819,29345,32257,28766,307,45226,25667,27587,26690,136,25818,43603,2984,41398,45227,172],"42wp_author":[47113],"class_list":["post-145625","post","type-post","status-publish","format-standard","has-post-thumbnail","hentry","category-motogp","tag-ai-ogura","tag-alex-marquez","tag-alex-rins","tag-brad-binder","tag-classificacao-motogp","tag-corrida-motogp","tag-diogo-moreira","tag-ducati","tag-espn","tag-fabio-quartararo","tag-fermin-aldeguer","tag-francesco-bagnaia","tag-grandepremio","tag-gresini","tag-honda","tag-jack-miller","tag-joan-mir","tag-johann-zarco","tag-jorge-martin","tag-ktm","tag-lcr","tag-luca-marini","tag-marc-marquez","tag-marco-bezzecchi","tag-moto","tag-moto-gp","tag-motogp","tag-motogp-2026","tag-motogp-2026-calendario","tag-motogp-26","tag-motogp-ao-vivo","tag-motogp-calendario-2026","tag-motogp-classificacao-2026","tag-motogp-hoje","tag-motogp-horario","tag-motogp-sprint","tag-motogp-standings","tag-motor","tag-onde-assistir-motogp-2026","tag-pecco-bagnaia","tag-pedro-acosta","tag-pilotos-motogp","tag-pramac","tag-raul-fernandez","tag-resultado-motogp","tag-sprint","tag-temporada-motogp","tag-toprak-razgatliolgu","tag-yamaha","42wp_author-juliana-tesser"],"_links":{"self":[{"href":"https:\/\/grandepremio.com\/br\/wp-json\/wp\/v2\/posts\/145625","targetHints":{"allow":["GET"]}}],"collection":[{"href":"https:\/\/grandepremio.com\/br\/wp-json\/wp\/v2\/posts"}],"about":[{"href":"https:\/\/grandepremio.com\/br\/wp-json\/wp\/v2\/types\/post"}],"author":[{"embeddable":true,"href":"https:\/\/grandepremio.com\/br\/wp-json\/wp\/v2\/users\/10"}],"replies":[{"embeddable":true,"href":"https:\/\/grandepremio.com\/br\/wp-json\/wp\/v2\/comments?post=145625"}],"version-history":[{"count":1,"href":"https:\/\/grandepremio.com\/br\/wp-json\/wp\/v2\/posts\/145625\/revisions"}],"predecessor-version":[{"id":145630,"href":"https:\/\/grandepremio.com\/br\/wp-json\/wp\/v2\/posts\/145625\/revisions\/145630"}],"wp:featuredmedia":[{"embeddable":true,"href":"https:\/\/grandepremio.com\/br\/wp-json\/wp\/v2\/media\/1020307647"}],"wp:attachment":[{"href":"https:\/\/grandepremio.com\/br\/wp-json\/wp\/v2\/media?parent=145625"}],"wp:term":[{"taxonomy":"category","embeddable":true,"href":"https:\/\/grandepremio.com\/br\/wp-json\/wp\/v2\/categories?post=145625"},{"taxonomy":"post_tag","embeddable":true,"href":"https:\/\/grandepremio.com\/br\/wp-json\/wp\/v2\/tags?post=145625"},{"taxonomy":"42wp_author","embeddable":true,"href":"https:\/\/grandepremio.com\/br\/wp-json\/wp\/v2\/42wp_author?post=145625"}],"curies":[{"name":"wp","href":"https:\/\/api.w.org\/{rel}","templated":true}]}}