{"id":145632,"date":"2026-06-29T16:52:37","date_gmt":"2026-06-29T19:52:37","guid":{"rendered":"https:\/\/grandepremio.com\/br\/?p=145632"},"modified":"2026-07-01T12:21:56","modified_gmt":"2026-07-01T15:21:56","slug":"dudu-barrichello-fora-cadillac-com-dupla-mudancas-para-6h-de-sao-paulo","status":"publish","type":"post","link":"https:\/\/grandepremio.com\/br\/endurance\/wec\/dudu-barrichello-fora-cadillac-com-dupla-mudancas-para-6h-de-sao-paulo\/","title":{"rendered":"Barrichello fora e Cadillac com dupla: as mudan\u00e7as para 6H de S\u00e3o Paulo"},"content":{"rendered":"\n<p class=\"wp-block-paragraph\">Naturalmente, como acontece logo depois das <strong>24 Horas de Le Mans<\/strong>, as <strong>6 Horas de S\u00e3o Paulo<\/strong> acabam sofrendo alguns desfalques de \u00faltima hora. Neste ano, n\u00e3o ser\u00e1 diferente, j\u00e1 que a <strong>Cadillac <\/strong>confirmou nesta segunda-feira (29) que ir\u00e1 correr com uma dupla no carro <strong>#12<\/strong>. Al\u00e9m disso, uma s\u00e9rie de pilotos ir\u00e1 priorizar a campanha do <strong>IMSA SportsCar<\/strong>, no Canad\u00e1, como <strong>Dudu Barrichello<\/strong>. <\/p>\n\n\n\n<p class=\"wp-block-paragraph\">O brasileiro, que conquistou a pole em <strong>Interlagos <\/strong>e subiu no p\u00f3dio no ano passado, vai disputar a etapa em <strong>Motorsport Park<\/strong> no mesmo fim de semana das 6 Horas de S\u00e3o Paulo, entre os dias 10 e 12 de julho. Atualmente, Barrichello lidera a classe <strong>GTD <\/strong>com o <strong>Aston Martin #27<\/strong> da <strong>Heart of Racing<\/strong>. No <strong>WEC<\/strong>, <strong>Kobe Pauwels<\/strong> assume o posto de Dudu no <strong>Aston Martin #23<\/strong>, como fez na abertura em <strong>\u00cdmola<\/strong>. <\/p>\n\n\n\n<figure class=\"wp-block-embed is-type-video is-provider-youtube wp-block-embed-youtube wp-embed-aspect-16-9 wp-has-aspect-ratio\"><div class=\"wp-block-embed__wrapper\">\n<iframe loading=\"lazy\" title=\"6H DE WATKINS GLEN COMPLETA COM IMAGENS | CORRIDA IMSA 2026 | 6\u00aa etapa [grande premio]\" width=\"500\" height=\"281\" src=\"https:\/\/www.youtube.com\/embed\/71jzDS0qQ3E?feature=oembed\" frameborder=\"0\" allow=\"accelerometer; autoplay; clipboard-write; encrypted-media; gyroscope; picture-in-picture; web-share\" referrerpolicy=\"strict-origin-when-cross-origin\" allowfullscreen><\/iframe>\n<\/div><\/figure>\n\n\n\n<p class=\"wp-block-paragraph\"><strong>Nicky Catsburg<\/strong>, titular do <strong>Corvette #33<\/strong>, tamb\u00e9m optou por disputar a etapa em Motorsport Park e ser\u00e1 aus\u00eancia em Interlagos. Consequentemente, <strong>Nico Varrone<\/strong> foi recrutado e se juntar\u00e1 a <strong>Ben Keating<\/strong> e <strong>Jonny Edgar<\/strong>. <\/p>\n\n\n\n<p class=\"wp-block-paragraph\">Na classe <strong>Hipercarro<\/strong>, de momento, a maior mudan\u00e7a \u00e9 a aposta da Cadillac em duplas para o carro #12. Como <strong>Alex Lynn<\/strong> segue se recuperando de uma cirurgia no pesco\u00e7o e <strong>Louis Del\u00e9traz<\/strong>, o substituto em <strong>Spa <\/strong>e <strong>Le Mans<\/strong>, est\u00e1 indispon\u00edvel, a <strong>Jota <\/strong>vai \u00e0 pista apenas com <strong>Will Stevens<\/strong> e <strong>Norman Nato<\/strong> em Interlagos. <\/p>\n\n\n\n<p class=\"wp-block-paragraph\">Com isso, o <strong>Cadillac #12 <\/strong>se junta aos dois Aston Martin como os carros que v\u00e3o correr com duplas em S\u00e3o Paulo. Como aconteceu em \u00cdmola e Spa, o <strong>#007<\/strong> ser\u00e1 guiado por <strong>Tom Gamble<\/strong> e <strong>Harry Tincknell<\/strong>, enquanto o <strong>#009 <\/strong>contar\u00e1 com <strong>\u00c1lex Riberas<\/strong> e <strong>Marco Sorensen<\/strong>.<\/p>\n\n\n\n<p class=\"wp-block-paragraph\">Por outro lado, <strong>Esteban Masson<\/strong>, que competiu na classe <strong>LMP2 <\/strong>nas <strong>24 Horas de Le Mans<\/strong>, volta ao trio do <strong>Lexus #78<\/strong> para as 6 Horas de S\u00e3o Paulo. <\/p>\n\n\n\n<figure class=\"wp-block-image size-large\"><img loading=\"lazy\" decoding=\"async\" width=\"1200\" height=\"800\" src=\"https:\/\/grandepremio.com\/br\/wp-content\/uploads\/2026\/06\/CH3_7028-1200x800.jpg\" alt=\"\" class=\"wp-image-1001099018\" srcset=\"https:\/\/grandepremio.com\/wp-content\/uploads\/2026\/06\/CH3_7028-1200x800.jpg 1200w, https:\/\/grandepremio.com\/wp-content\/uploads\/2026\/06\/CH3_7028-300x200.jpg 300w, https:\/\/grandepremio.com\/wp-content\/uploads\/2026\/06\/CH3_7028-768x512.jpg 768w, https:\/\/grandepremio.com\/wp-content\/uploads\/2026\/06\/CH3_7028-1536x1024.jpg 1536w, https:\/\/grandepremio.com\/wp-content\/uploads\/2026\/06\/CH3_7028-2048x1365.jpg 2048w, https:\/\/grandepremio.com\/wp-content\/uploads\/2026\/06\/CH3_7028-150x100.jpg 150w\" sizes=\"(max-width: 1200px) 100vw, 1200px\" \/><figcaption class=\"wp-element-caption\">Cadillac #12 corre com duplas em S\u00e3o Paulo (Foto: Carsten Horst\/Hyset\/Grande Pr\u00eamio)<\/figcaption><\/figure>\n\n\n\n<p class=\"wp-block-paragraph\">O WEC agora retorna entre os dias 10 e 12 de julho com a etapa brasileira do calend\u00e1rio, as&nbsp;<strong>6H de S\u00e3o Paulo<\/strong>. O&nbsp;<strong>GRANDE PR\u00caMIO<\/strong>&nbsp;transmite todas as etapas da temporada 2026 do&nbsp;<strong>Mundial de Endurance<\/strong>&nbsp;<strong>AO VIVO<\/strong>&nbsp;e com&nbsp;<strong>IMAGENS<\/strong>&nbsp;no YouTube e na&nbsp;<strong>GPTV<\/strong>.<\/p>\n\n\n\n<p class=\"wp-block-paragraph\">&nbsp;<strong>Inscreva-se nos dois canais do GRANDE PR\u00caMIO no YouTube:&nbsp;<a href=\"https:\/\/www.youtube.com\/channel\/UC9OlHEgxoaY6QY6nWPoiqQg?sub_confirmation=1\">GP<\/a>&nbsp;|&nbsp;<a href=\"https:\/\/www.youtube.com\/channel\/UC9csiS6q_C3C0FYhyr1rnFA?sub_confirmation=1\">GPTV<\/a><\/strong><\/p>\n\n\n\n<p class=\"wp-block-paragraph\"><\/p>\n","protected":false},"excerpt":{"rendered":"<p>A Cadillac confirmou nesta segunda-feira (29) que o carro #12 vai correr com apenas dois pilotos, j\u00e1 que Alex Lynn segue como desfalque para a etapa brasileira. Na LMGT3, Dudu Barrichello tamb\u00e9m ser\u00e1 aus\u00eancia<\/p>\n","protected":false},"author":20,"featured_media":1001099617,"comment_status":"closed","ping_status":"closed","sticky":false,"template":"","format":"standard","meta":{"42wp_featured_image_caption":"","42wp_featured_image_credits":"","42wp_featured_video":"","42wp_featured_image_hidden":false,"42wp_authors_list":[],"footnotes":""},"categories":[52],"tags":[309,707,729,36399,38168,36401,36398,38167,36400,1420,427,207,882,1491,28285,35856,45582,45501,43326,705,706,43340,45581,90,357,45496,45499,1940,748,45579,45497,45498,45580,178,356,43320,42450,45500],"42wp_author":[47162],"class_list":["post-145632","post","type-post","status-publish","format-standard","has-post-thumbnail","hentry","category-wec","tag-aston-martin","tag-bmw","tag-cadillac","tag-calendario-mundial-de-endurance","tag-calendario-sportscar","tag-calendario-wec","tag-classificacao-mundial-de-endurance","tag-classificacao-sportscar","tag-classificacao-wec","tag-dudu-barrichello","tag-endurance","tag-ferrari","tag-ford","tag-grande-premio","tag-grandepremio","tag-heart-of-racing","tag-horarios-imsa-sportscar","tag-horarios-mundial-de-endurance","tag-horarios-wec","tag-imsa","tag-imsa-sportscar","tag-imsa-sportscar-2026","tag-imsa-sportscar-hoje","tag-mclaren","tag-mundial-de-endurance","tag-mundial-de-endurance-2026","tag-mundial-de-endurance-hoje","tag-peugeot","tag-sportscar","tag-sportscar-2026","tag-temporada-2026-do-mundial-de-endurance","tag-temporada-2026-do-wec","tag-temporada-2026-sportscar","tag-toyota","tag-wec","tag-wec-2026","tag-wec-2027","tag-wec-hoje","42wp_author-giovani-danjo"],"_links":{"self":[{"href":"https:\/\/grandepremio.com\/br\/wp-json\/wp\/v2\/posts\/145632","targetHints":{"allow":["GET"]}}],"collection":[{"href":"https:\/\/grandepremio.com\/br\/wp-json\/wp\/v2\/posts"}],"about":[{"href":"https:\/\/grandepremio.com\/br\/wp-json\/wp\/v2\/types\/post"}],"author":[{"embeddable":true,"href":"https:\/\/grandepremio.com\/br\/wp-json\/wp\/v2\/users\/20"}],"replies":[{"embeddable":true,"href":"https:\/\/grandepremio.com\/br\/wp-json\/wp\/v2\/comments?post=145632"}],"version-history":[{"count":7,"href":"https:\/\/grandepremio.com\/br\/wp-json\/wp\/v2\/posts\/145632\/revisions"}],"predecessor-version":[{"id":146091,"href":"https:\/\/grandepremio.com\/br\/wp-json\/wp\/v2\/posts\/145632\/revisions\/146091"}],"wp:featuredmedia":[{"embeddable":true,"href":"https:\/\/grandepremio.com\/br\/wp-json\/wp\/v2\/media\/1001099617"}],"wp:attachment":[{"href":"https:\/\/grandepremio.com\/br\/wp-json\/wp\/v2\/media?parent=145632"}],"wp:term":[{"taxonomy":"category","embeddable":true,"href":"https:\/\/grandepremio.com\/br\/wp-json\/wp\/v2\/categories?post=145632"},{"taxonomy":"post_tag","embeddable":true,"href":"https:\/\/grandepremio.com\/br\/wp-json\/wp\/v2\/tags?post=145632"},{"taxonomy":"42wp_author","embeddable":true,"href":"https:\/\/grandepremio.com\/br\/wp-json\/wp\/v2\/42wp_author?post=145632"}],"curies":[{"name":"wp","href":"https:\/\/api.w.org\/{rel}","templated":true}]}}