{"id":145645,"date":"2026-06-29T18:25:43","date_gmt":"2026-06-29T21:25:43","guid":{"rendered":"https:\/\/grandepremio.com\/br\/?p=145645"},"modified":"2026-06-29T18:28:31","modified_gmt":"2026-06-29T21:28:31","slug":"mclaren-se-encontra-max-verstappen-primeiro-passo-bombastica-transferencia","status":"publish","type":"post","link":"https:\/\/grandepremio.com\/br\/f1\/mclaren-se-encontra-max-verstappen-primeiro-passo-bombastica-transferencia\/","title":{"rendered":"McLaren se encontra com Verstappen em primeiro passo de bomb\u00e1stica transfer\u00eancia"},"content":{"rendered":"\n<p class=\"wp-block-paragraph\">Apesar de <a href=\"https:\/\/grandepremio.com\/br\/f1\/red-bull-segue-negociacao-max-verstappen-manda-donos-austria\/\">levar os donos da marca<\/a> ao <strong>GP da \u00c1ustria<\/strong> <a href=\"https:\/\/grandepremio.com\/br\/f1\/george-russell-neutraliza-max-verstappen-vence-escaldante-gp-austria-gabriel-bortoleto-11o\/\">no \u00faltimo domingo (28)<\/a>, a <strong>Red Bull<\/strong> ainda n\u00e3o conseguiu convencer <strong>Max Verstappen<\/strong> a permanecer na equipe. O futuro do neerland\u00eas segue indefinido, j\u00e1 que representantes do tetracampe\u00e3o iniciaram conversas com a <strong>McLaren<\/strong> j\u00e1 em <strong>Spielberg<\/strong>.<\/p>\n\n\n\n<p class=\"wp-block-paragraph\">A informa\u00e7\u00e3o \u00e9 da emissora brit\u00e2nica <em>Sky Sports<\/em>. De acordo com o canal, foi o comit\u00ea de Verstappen que deu in\u00edcio \u00e0s conversas com o time papaia no \u00faltimo fim de semana. O piloto do #3<strong>\u00a0<\/strong><a href=\"https:\/\/grandepremio.com\/br\/f1\/empresario-max-verstappen-aperta-red-bull-ele-nao-nasceu-andar-meio-grid\/\">n\u00e3o est\u00e1 satisfeito com o desempenho<\/a>\u00a0atual da\u00a0<strong>Red Bull<\/strong> \u2014 embora tenha conquistado o segundo lugar no \u00faltimo fim de semana \u2014\u00a0e avalia a possibilidade de deixar a equipe austr\u00edaca. Como poss\u00edvel substituto do tetracampe\u00e3o, o time considera\u00a0<strong>Piastri\u00a0<\/strong><a href=\"https:\/\/grandepremio.com\/br\/f1\/red-bull-arma-contra-ataque-mira-oscar-piastri-suprir-saida-max-verstappen-2027\/\">um dos candidatos para a vaga<\/a>\u00a0em 2027.<\/p>\n\n\n\n<figure class=\"wp-block-embed is-type-video is-provider-youtube wp-block-embed-youtube wp-embed-aspect-16-9 wp-has-aspect-ratio\"><div class=\"wp-block-embed__wrapper\">\n<iframe loading=\"lazy\" title=\"F1 2026: RUSSELL VENCE NA \u00c1USTRIA. VEJA CLASSIFICA\u00c7\u00c3O [narra\u00e7\u00e3o + Briefing]\" width=\"500\" height=\"281\" src=\"https:\/\/www.youtube.com\/embed\/wbgBIbzS4WM?feature=oembed\" frameborder=\"0\" allow=\"accelerometer; autoplay; clipboard-write; encrypted-media; gyroscope; picture-in-picture; web-share\" referrerpolicy=\"strict-origin-when-cross-origin\" allowfullscreen><\/iframe>\n<\/div><\/figure>\n\n\n\n<p class=\"wp-block-paragraph\">O v\u00ednculo de\u00a0<strong>Piastri\u00a0<\/strong>com a equipe papaia<strong>\u00a0<\/strong>vai at\u00e9 o fim de 2028, enquanto o de\u00a0<strong>Lando Norris\u00a0<\/strong>\u00e9 v\u00e1lido at\u00e9 o final da temporada 2027. Apesar dos contratos de longa dura\u00e7\u00e3o, existem cl\u00e1usulas que permitem o encerramento antecipado dos acordos. Inclusive, o CEO da McLaren, <strong>Zak Brown<\/strong>, <a href=\"https:\/\/grandepremio.com\/br\/f1\/mclaren-fala-acordo-lando-norris-oscar-piastri-mas-mira-max-verstappen-se-alguem-mudar-ideia\/\">deixou a porta aberta para Max, &#8220;se algu\u00e9m mudar de ideia&#8221;<\/a>.<\/p>\n\n\n\n<p class=\"wp-block-paragraph\">A escolha de Verstappen em permanecer ou deixar a Red Bull ao final da temporada \u00e9 vista como determinante para destravar o mercado de pilotos. Ele tem nas m\u00e3os um contrato at\u00e9 o final de 2028, por\u00e9m desde a queda de performance da Red Bull ainda em 2024, as cl\u00e1usulas de sa\u00edda ligadas a desempenho passaram a ser especuladas. E apesar de ter o desejo de seguir no time, <strong>Raymond Vermeulen<\/strong>, empres\u00e1rio do tetracampe\u00e3o, afirmou que <a href=\"https:\/\/grandepremio.com\/br\/f1\/empresario-max-verstappen-aperta-red-bull-ele-nao-nasceu-andar-meio-grid\/\">aguarda um posicionamento a respeito do desenvolvimento do carro antes de qualquer decis\u00e3o sobre o futuro do piloto<\/a>.<\/p>\n\n\n\n<figure class=\"wp-block-image size-large\"><img loading=\"lazy\" decoding=\"async\" width=\"1024\" height=\"576\" src=\"https:\/\/grandepremio.com\/br\/wp-content\/uploads\/2026\/06\/f1-2026-austria-classificacao-red-bull-max-verstappen-01-1-1024x576.jpg\" alt=\"F1 2026, AUSTRIA, CLASSIFICA\u00c7\u00c3O, RED BULL RACING, MAX VERSTAPPEN, RETRATO ROSTO\" class=\"wp-image-1020307874\" srcset=\"https:\/\/grandepremio.com\/wp-content\/uploads\/2026\/06\/f1-2026-austria-classificacao-red-bull-max-verstappen-01-1-1024x576.jpg 1024w, https:\/\/grandepremio.com\/wp-content\/uploads\/2026\/06\/f1-2026-austria-classificacao-red-bull-max-verstappen-01-1-300x169.jpg 300w, https:\/\/grandepremio.com\/wp-content\/uploads\/2026\/06\/f1-2026-austria-classificacao-red-bull-max-verstappen-01-1-768x432.jpg 768w, https:\/\/grandepremio.com\/wp-content\/uploads\/2026\/06\/f1-2026-austria-classificacao-red-bull-max-verstappen-01-1-1536x864.jpg 1536w, https:\/\/grandepremio.com\/wp-content\/uploads\/2026\/06\/f1-2026-austria-classificacao-red-bull-max-verstappen-01-1-1200x675.jpg 1200w, https:\/\/grandepremio.com\/wp-content\/uploads\/2026\/06\/f1-2026-austria-classificacao-red-bull-max-verstappen-01-1-150x84.jpg 150w, https:\/\/grandepremio.com\/wp-content\/uploads\/2026\/06\/f1-2026-austria-classificacao-red-bull-max-verstappen-01-1.jpg 1920w\" sizes=\"(max-width: 1024px) 100vw, 1024px\" \/><figcaption class=\"wp-element-caption\">Insatisfeito na Red Bull, Max Verstappen j\u00e1 olha para novos horizontes (Foto: Red Bull Content Pool)<\/figcaption><\/figure>\n\n\n\n<p class=\"wp-block-paragraph\">Ainda de acordo com a emissora, a McLaren surge como uma op\u00e7\u00e3o do tetracampe\u00e3o porque uma vaga na Mercedes parece menos prov\u00e1vel que antes \u2014 a equipe alem\u00e3 pretende permanecer com a forma\u00e7\u00e3o atual, <strong>George Russell<\/strong> e <strong>Andrea Kimi Antonelli<\/strong>.<\/p>\n\n\n\n<p class=\"wp-block-paragraph\">Um dos fatores que pode convencer o nerlaand\u00eas a se transferir para o time de Woking \u00e9 o fato de j\u00e1 terem assinado com <strong>Gianpiero Lambiase<\/strong> \u2014 atual engenheiro de corrida do #3 na Red Bull \u2014 para a temporada 2028. O italiano, que tem uma \u00f3tima rela\u00e7\u00e3o com Max, vai assumir o posto de diretor de corrida e reportando diretamente ao chefe da equipe,\u00a0<strong>Andrea Stella<\/strong>.<\/p>\n\n\n\n<p class=\"wp-block-paragraph\">Apesar dos contatos iniciais, conversas como a de Verstappen com a McLaren s\u00e3o habituais no mercado de pilotos da F1, e n\u00e3o h\u00e1 garantia de que ambos fechem um acordo. No ano passado, por exemplo, Max e a Mercedes negociaram por semanas, mas o tetracampe\u00e3o decidiu seguir na equipe austr\u00edaca.<\/p>\n\n\n\n<p class=\"wp-block-paragraph\">A F\u00f3rmula 1 volta de&nbsp;<strong>3 a 5 de julho<\/strong>&nbsp;com o&nbsp;<strong>GP da Inglaterra<\/strong>, em&nbsp;<strong>Silverstone<\/strong>, nona etapa da temporada 2026. O&nbsp;<strong>GRANDE PR\u00caMIO<\/strong>&nbsp;acompanha todas as atividades&nbsp;<a href=\"https:\/\/www.grandepremio.com\/br\/ao-vivo\/f1\/\">&nbsp;<strong>AO VIVO E EM&nbsp;<\/strong><\/a><strong><a href=\"https:\/\/www.grandepremio.com\/br\/ao-vivo\/\" target=\"_blank\" rel=\"noreferrer noopener\">TEMPO REAL<\/a><\/strong>,&nbsp;<a href=\"https:\/\/www.youtube.com\/@GrandePremio1\/streams\">com classifica\u00e7\u00e3o e corrida em&nbsp;<strong>SEGUNDA TELA&nbsp;<\/strong>no YouTube<\/a>, em parceria com a&nbsp;<strong>Voz do Esporte<\/strong>. O&nbsp;<strong>Briefing&nbsp;<\/strong>chega para analisar ap\u00f3s o fim de cada dia de atividades nas redes sociais e na&nbsp;<strong>GPTV<\/strong>.<\/p>\n\n\n\n<p class=\"wp-block-paragraph\">Al\u00e9m da cobertura completa das atividades, o&nbsp;<strong>GRANDE PR\u00caMIO<\/strong>&nbsp;tamb\u00e9m estar\u00e1 in loco em&nbsp;<strong>Silverstone&nbsp;<\/strong>com o rep\u00f3rter&nbsp;<strong>Leonid Kliuev<\/strong>.<\/p>\n\n\n\n<figure class=\"wp-block-table\"><table class=\"has-fixed-layout\"><tbody><tr><td><strong>Sess\u00e3o<\/strong><\/td><td><strong>BRA*<\/strong><\/td><td><strong>CBV<\/strong><\/td><td><strong>POR<\/strong><br><strong>ANG<\/strong><\/td><td><strong>MOZ<\/strong><\/td><\/tr><tr><td>Treino livre 1<\/td><td>08:30<\/td><td>10:30<\/td><td>12:30<\/td><td>13:30<\/td><\/tr><tr><td>Classifica\u00e7\u00e3o Sprint<\/td><td>12:30<\/td><td>14:30<\/td><td>16:30<\/td><td>17:30<\/td><\/tr><tr><td>Corrida Sprint<\/td><td>08:00<\/td><td>10:00<\/td><td>12:00<\/td><td>13:00<\/td><\/tr><tr><td>Classifica\u00e7\u00e3o<\/td><td>12:00<\/td><td>14:00<\/td><td>16:00<\/td><td>17:00<\/td><\/tr><tr><td>Corrida<\/td><td>11:00<\/td><td>13:00<\/td><td>15:00<\/td><td>16:00<\/td><\/tr><\/tbody><\/table><\/figure>\n\n\n\n<h2 class=\"wp-block-heading\"><strong>F1 hoje: saiba aqui as not\u00edcias mais importantes do dia da F\u00f3rmula 1<\/strong><\/h2>\n\n\n\n<p class=\"wp-block-paragraph\">A reda\u00e7\u00e3o do&nbsp;<strong>GRANDE PR\u00caMIO<\/strong>&nbsp;selecionou as not\u00edcias mais importantes das \u00faltimas horas para voc\u00ea ficar por dentro de tudo que acontece na F1.<\/p>\n\n\n\n<p class=\"wp-block-paragraph\">\u25b6\ufe0f<strong><a href=\"https:\/\/grandepremio.com\/br\/f1\/max-verstappen-relembra-2025-reflete-titulo-so-precisamos-ser-mais-completos\/\" data-type=\"link\" data-id=\"https:\/\/grandepremio.com\/br\/f1\/max-verstappen-relembra-2025-reflete-titulo-so-precisamos-ser-mais-completos\/\">Verstappen relembra 2025 e reflete sobre t\u00edtulo: \u201cS\u00f3 precisamos ser mais completos\u201d<\/a><\/strong><br>\u25b6\ufe0f<strong><a href=\"https:\/\/grandepremio.com\/br\/f1\/mercedes-evolucao-red-bull-conta-max-verstappen-fator-max-f1-2026\/\" data-type=\"link\" data-id=\"https:\/\/grandepremio.com\/br\/f1\/mercedes-evolucao-red-bull-conta-max-verstappen-fator-max-f1-2026\/\">Mercedes bota evolu\u00e7\u00e3o da Red Bull na conta de Verstappen e cita \u201cfator Max\u201d na F1 2026<\/a><\/strong><br>\u25b6\ufe0f<strong><a href=\"https:\/\/grandepremio.com\/br\/f1\/ferrari-ignora-indireta-mercedes-ja-apronta-nova-atualizacao-inglaterra\/\" data-type=\"link\" data-id=\"https:\/\/grandepremio.com\/br\/f1\/ferrari-ignora-indireta-mercedes-ja-apronta-nova-atualizacao-inglaterra\/\">Ferrari ignora indireta da Mercedes e j\u00e1 apronta nova atualiza\u00e7\u00e3o para Inglaterra<\/a><\/strong><br>\u25b6\ufe0f<strong><a href=\"https:\/\/grandepremio.com\/br\/f1\/lewis-hamilton-responde-punicao-max-verstappen-nao-passa-campeao-fora\/\" data-type=\"link\" data-id=\"https:\/\/grandepremio.com\/br\/f1\/lewis-hamilton-responde-punicao-max-verstappen-nao-passa-campeao-fora\/\">Hamilton responde a Verstappen ap\u00f3s luta na \u00c1ustria: \u201cN\u00e3o se passa um campe\u00e3o por fora\u201d<\/a><\/strong><br>\u25b6\ufe0f<strong><a href=\"https:\/\/grandepremio.com\/br\/f1\/opiniao-gp-george-russell-vence-tenta-reabrir-disputa-mercedes-nao-esta-sozinha\/\" data-type=\"link\" data-id=\"https:\/\/grandepremio.com\/br\/f1\/opiniao-gp-george-russell-vence-tenta-reabrir-disputa-mercedes-nao-esta-sozinha\/\">Opini\u00e3o GP: Russell vence e tenta reabrir disputa. Mas Mercedes n\u00e3o est\u00e1 sozinha<\/a><\/strong><\/p>\n\n\n<figure class=\"gp-gallery-embed not-prose wp-block-grande-premio-gallery-embed\" data-gallery-embed>\n    <div class=\"ge-head\">\n        <div class=\"ge-title\">\n            <span class=\"bar\"><\/span>\n            <h3><a href=\"https:\/\/grandepremio.com\/br\/galerias\/f1\/feliz-evolucao-mas-frustrado-resultado-gp-da-austria-gabriel-bortoleto\/\">Feliz com evolu\u00e7\u00e3o, mas frustrado com resultado: o GP da \u00c1ustria de Bortoleto<\/a><\/h3>\n            <span class=\"cnt\">6 fotos<\/span>\n        <\/div>\n    <\/div>\n\n    <div class=\"ge-faixa-lead\">\n        <button class=\"ge-lead\" type=\"button\" aria-label=\"Ampliar foto\">\n            <img decoding=\"async\" class=\"ge-lead-img\" src=\"https:\/\/grandepremio.com\/wp-content\/uploads\/2026\/06\/f1-2026-austria-treino-livre-audi-gabriel-bortoleto-05-1024x576.png\" alt=\"Gabriel Bortoleto largou em 12\u00ba na \u00c1ustria e andou bem durante a prova, mas cruzou a linha de chegada em 11\u00ba\">\n            <span class=\"ge-lead-cap\">\n                                    <span class=\"t\">Gabriel Bortoleto largou em 12\u00ba na \u00c1ustria e andou bem durante a prova, mas cruzou a linha de chegada em 11\u00ba<\/span>\n                    <span class=\"ge-lead-cap-toggle\" hidden>ver mais<\/span>\n                                <span class=\"cr\">Foto: Audi<\/span>            <\/span>\n            <span class=\"ge-expand\"><svg viewBox=\"0 0 24 24\" aria-hidden=\"true\"><path d=\"M9 4H4v5h2V6h3V4zm6 0v2h3v3h2V4h-5zM6 15H4v5h5v-2H6v-3zm12 3h-3v2h5v-5h-2v3z\"\/><\/svg>Ampliar<\/span>\n        <\/button>\n                    <button class=\"ge-arrow prev\" type=\"button\" aria-label=\"Foto anterior\"><svg viewBox=\"0 0 24 24\" aria-hidden=\"true\"><path d=\"M15.4 7.4 14 6l-6 6 6 6 1.4-1.4L10.8 12z\"\/><\/svg><\/button>\n            <button class=\"ge-arrow next\" type=\"button\" aria-label=\"Pr\u00f3xima foto\"><svg viewBox=\"0 0 24 24\" aria-hidden=\"true\"><path d=\"M8.6 7.4 10 6l6 6-6 6-1.4-1.4L13.2 12z\"\/><\/svg><\/button>\n            <\/div>\n\n    <div class=\"ge-strip\">\n                                <button\n                class=\"ge-st active\"\n                type=\"button\"\n                data-large=\"https:\/\/grandepremio.com\/wp-content\/uploads\/2026\/06\/f1-2026-austria-treino-livre-audi-gabriel-bortoleto-05-1024x576.png\"\n                data-full=\"https:\/\/grandepremio.com\/wp-content\/uploads\/2026\/06\/f1-2026-austria-treino-livre-audi-gabriel-bortoleto-05.png\"\n                data-cap=\"Gabriel Bortoleto largou em 12\u00ba na \u00c1ustria e andou bem durante a prova, mas cruzou a linha de chegada em 11\u00ba\"\n                data-cr=\"Audi\"\n                aria-label=\"Ver foto 1\"\n            >\n                <img decoding=\"async\" src=\"https:\/\/grandepremio.com\/wp-content\/uploads\/2026\/06\/f1-2026-austria-treino-livre-audi-gabriel-bortoleto-05-300x169.png\" alt=\"\" loading=\"lazy\">\n            <\/button>\n                                <button\n                class=\"ge-st\"\n                type=\"button\"\n                data-large=\"https:\/\/grandepremio.com\/wp-content\/uploads\/2026\/06\/f1-2026-austria-gabriel-lopez-sabado-classificacao-audi-gabriel-bortoleto-09-1024x576.jpg\"\n                data-full=\"https:\/\/grandepremio.com\/wp-content\/uploads\/2026\/06\/f1-2026-austria-gabriel-lopez-sabado-classificacao-audi-gabriel-bortoleto-09.jpg\"\n                data-cap=\"Com isso, Bortoleto ficou fora da zona de pontua\u00e7\u00e3o mais uma vez, apesar de ver uma &quot;grande evolu\u00e7\u00e3o&quot; da Audi\"\n                data-cr=\"Gabriel L\u00f3pez\/Grande Pr\u00eamio\"\n                aria-label=\"Ver foto 2\"\n            >\n                <img decoding=\"async\" src=\"https:\/\/grandepremio.com\/wp-content\/uploads\/2026\/06\/f1-2026-austria-gabriel-lopez-sabado-classificacao-audi-gabriel-bortoleto-09-300x169.jpg\" alt=\"\" loading=\"lazy\">\n            <\/button>\n                                <button\n                class=\"ge-st\"\n                type=\"button\"\n                data-large=\"https:\/\/grandepremio.com\/wp-content\/uploads\/2026\/06\/f1-2026-austria-gabriel-lopez-sabado-classificacao-audi-gabriel-bortoleto-05-1024x576.jpg\"\n                data-full=\"https:\/\/grandepremio.com\/wp-content\/uploads\/2026\/06\/f1-2026-austria-gabriel-lopez-sabado-classificacao-audi-gabriel-bortoleto-05.jpg\"\n                data-cap=\"\u201cTive um bom ritmo durante grande parte da corrida. Sendo bem sincero, saio um pouco frustrado porque, quando fa\u00e7o uma corrida dessas, ningu\u00e9m quebra \u00e0 frente para pegarmos uns pontinhos. Mas \u00e9 isso, esse era o ritmo que t\u00ednhamos para o fim de semana. Desde ontem, j\u00e1 sabia que a Racing Bulls estava mais r\u00e1pida do que a gente, e mesmo assim consegui andar no ritmo deles durante muito tempo. Acabamos s\u00f3 5s atr\u00e1s deles, o que \u00e9 muito positivo\u201d, disse Bortoleto ao sportv.\"\n                data-cr=\"Gabriel L\u00f3pez\/Grande Pr\u00eamio\"\n                aria-label=\"Ver foto 3\"\n            >\n                <img decoding=\"async\" src=\"https:\/\/grandepremio.com\/wp-content\/uploads\/2026\/06\/f1-2026-austria-gabriel-lopez-sabado-classificacao-audi-gabriel-bortoleto-05-300x169.jpg\" alt=\"\" loading=\"lazy\">\n            <\/button>\n                                <button\n                class=\"ge-st\"\n                type=\"button\"\n                data-large=\"https:\/\/grandepremio.com\/wp-content\/uploads\/2026\/06\/f1-2026-austria-gabriel-lopez-sabado-classificacao-audi-gabriel-bortoleto-01-1024x576.jpg\"\n                data-full=\"https:\/\/grandepremio.com\/wp-content\/uploads\/2026\/06\/f1-2026-austria-gabriel-lopez-sabado-classificacao-audi-gabriel-bortoleto-01.jpg\"\n                data-cap=\"Portanto, Bortoleto segue com 2 pontos somados em 2026 e na 17\u00aa posi\u00e7\u00e3o do Mundial de Pilotos\"\n                data-cr=\"Gabriel L\u00f3pez\/Grande Pr\u00eamio\"\n                aria-label=\"Ver foto 4\"\n            >\n                <img decoding=\"async\" src=\"https:\/\/grandepremio.com\/wp-content\/uploads\/2026\/06\/f1-2026-austria-gabriel-lopez-sabado-classificacao-audi-gabriel-bortoleto-01-300x169.jpg\" alt=\"\" loading=\"lazy\">\n            <\/button>\n                                <button\n                class=\"ge-st\"\n                type=\"button\"\n                data-large=\"https:\/\/grandepremio.com\/wp-content\/uploads\/2026\/06\/f1-2026-austria-classificacao-audi-gabriel-bortoleto-03-1024x683.jpg\"\n                data-full=\"https:\/\/grandepremio.com\/wp-content\/uploads\/2026\/06\/f1-2026-austria-classificacao-audi-gabriel-bortoleto-03-scaled.jpg\"\n                data-cap=\"A Audi, por sua vez, entendeu que Bortoleto foi ao limite e n\u00e3o tinha mais o que fazer na corrida\"\n                data-cr=\"Audi\"\n                aria-label=\"Ver foto 5\"\n            >\n                <img decoding=\"async\" src=\"https:\/\/grandepremio.com\/wp-content\/uploads\/2026\/06\/f1-2026-austria-classificacao-audi-gabriel-bortoleto-03-300x200.jpg\" alt=\"\" loading=\"lazy\">\n            <\/button>\n                                <button\n                class=\"ge-st\"\n                type=\"button\"\n                data-large=\"https:\/\/grandepremio.com\/wp-content\/uploads\/2026\/06\/f1-2026-austria-gabriel-lopez-sabado-classificacao-audi-gabriel-bortoleto-06-1024x576.jpg\"\n                data-full=\"https:\/\/grandepremio.com\/wp-content\/uploads\/2026\/06\/f1-2026-austria-gabriel-lopez-sabado-classificacao-audi-gabriel-bortoleto-06.jpg\"\n                data-cap=\"&quot;N\u00e3o aconteceu muita coisa na corrida em si, mas Gabi e Nico pilotaram bem. Eles entregaram tudo, n\u00e3o havia muito mais que pud\u00e9ssemos ter feito para estar al\u00e9m de onde estamos agora. Especialmente por aqui, com a natureza da pista e onde est\u00e1 a performance. Era isso mesmo. Por isso estou bastante feliz, foi um grande avan\u00e7o&quot;, analisou Allan McNish, diretor de corridas da Audi\"\n                data-cr=\"Gabriel L\u00f3pez\/Grande Pr\u00eamio\"\n                aria-label=\"Ver foto 6\"\n            >\n                <img decoding=\"async\" src=\"https:\/\/grandepremio.com\/wp-content\/uploads\/2026\/06\/f1-2026-austria-gabriel-lopez-sabado-classificacao-audi-gabriel-bortoleto-06-300x169.jpg\" alt=\"\" loading=\"lazy\">\n            <\/button>\n            <\/div>\n\n    <div class=\"ge-lb\" role=\"dialog\" aria-modal=\"true\" aria-label=\"Visualizador de fotos\">\n        <div class=\"ge-lb-prog-track\"><div class=\"ge-lb-prog\"><\/div><\/div>\n        <div class=\"ge-lb-top\">\n            <span class=\"ge-lb-counter\"><\/span>\n            <span class=\"ge-lb-brand\"><span class=\"gp\"><\/span><span class=\"ge-lb-title\">Feliz com evolu\u00e7\u00e3o, mas frustrado com resultado: o GP da \u00c1ustria de Bortoleto<\/span><\/span>\n            <button class=\"ge-lb-close\" type=\"button\" aria-label=\"Fechar\"><svg viewBox=\"0 0 24 24\"><path d=\"M6 6l12 12M18 6L6 18\"><\/path><\/svg><\/button>\n        <\/div>\n        <div class=\"ge-lb-stage\">\n            <button class=\"ge-lb-nav prev\" type=\"button\" aria-label=\"Anterior\"><svg viewBox=\"0 0 24 24\"><path d=\"M15.4 7.4 14 6l-6 6 6 6 1.4-1.4L10.8 12z\"\/><\/svg><\/button>\n            <div class=\"ge-lb-frame\">\n                <div class=\"ge-lb-skel\"><span><\/span><\/div>\n                <img class=\"ge-lb-img\" alt=\"\">\n            <\/div>\n            <button class=\"ge-lb-nav next\" type=\"button\" aria-label=\"Pr\u00f3xima\"><svg viewBox=\"0 0 24 24\"><path d=\"M8.6 7.4 10 6l6 6-6 6-1.4-1.4L13.2 12z\"\/><\/svg><\/button>\n        <\/div>\n        <div class=\"ge-lb-cap-wrap\">\n            <div class=\"ge-lb-cap\"><\/div>\n            <button class=\"ge-lb-cap-toggle\" type=\"button\" hidden>ver mais<\/button>\n            <div class=\"ge-lb-credit\"><\/div>\n        <\/div>\n        <div class=\"ge-lb-thumbs\"><\/div>\n    <\/div>\n<\/figure>\n","protected":false},"excerpt":{"rendered":"<p>Segundo a Sky Sports, os representantes de Max Verstappen iniciaram conversas com a McLaren no fim de semana do GP da \u00c1ustria. Apesar de acordos de longa dura\u00e7\u00e3o, h\u00e1 cl\u00e1usulas nos contratos de ambos os pilotos do time papaia<\/p>\n","protected":false},"author":21,"featured_media":1010399044,"comment_status":"closed","ping_status":"closed","sticky":false,"template":"","format":"standard","meta":{"42wp_featured_image_caption":"Max-Verstappen-Zak-Brown_11zon","42wp_featured_image_credits":"","42wp_featured_video":"","42wp_featured_image_hidden":false,"42wp_authors_list":[],"footnotes":""},"categories":[2],"tags":[26271,5273,147,29516,29148,180,31425,28995,23783,40100,1491,28285,30840,203,90,35129,204,1763,4613,31470],"42wp_author":[47163],"class_list":["post-145645","post","type-post","status-publish","format-standard","has-post-thumbnail","hentry","category-f1","tag-calendario-f1","tag-classificacao-f1","tag-f1","tag-f1-2026","tag-f1-hoje","tag-formula-1","tag-formula-1-2026","tag-formula-1-hoje","tag-gp-da-austria","tag-gp-da-austria-f1","tag-grande-premio","tag-grandepremio","tag-horarios-f1","tag-max-verstappen","tag-mclaren","tag-onde-assistir-f1","tag-red-bull","tag-red-bull-ring","tag-spielberg","tag-temporada-2026-f1","42wp_author-caio-cavalcante"],"_links":{"self":[{"href":"https:\/\/grandepremio.com\/br\/wp-json\/wp\/v2\/posts\/145645","targetHints":{"allow":["GET"]}}],"collection":[{"href":"https:\/\/grandepremio.com\/br\/wp-json\/wp\/v2\/posts"}],"about":[{"href":"https:\/\/grandepremio.com\/br\/wp-json\/wp\/v2\/types\/post"}],"author":[{"embeddable":true,"href":"https:\/\/grandepremio.com\/br\/wp-json\/wp\/v2\/users\/21"}],"replies":[{"embeddable":true,"href":"https:\/\/grandepremio.com\/br\/wp-json\/wp\/v2\/comments?post=145645"}],"version-history":[{"count":1,"href":"https:\/\/grandepremio.com\/br\/wp-json\/wp\/v2\/posts\/145645\/revisions"}],"predecessor-version":[{"id":145664,"href":"https:\/\/grandepremio.com\/br\/wp-json\/wp\/v2\/posts\/145645\/revisions\/145664"}],"wp:featuredmedia":[{"embeddable":true,"href":"https:\/\/grandepremio.com\/br\/wp-json\/wp\/v2\/media\/1010399044"}],"wp:attachment":[{"href":"https:\/\/grandepremio.com\/br\/wp-json\/wp\/v2\/media?parent=145645"}],"wp:term":[{"taxonomy":"category","embeddable":true,"href":"https:\/\/grandepremio.com\/br\/wp-json\/wp\/v2\/categories?post=145645"},{"taxonomy":"post_tag","embeddable":true,"href":"https:\/\/grandepremio.com\/br\/wp-json\/wp\/v2\/tags?post=145645"},{"taxonomy":"42wp_author","embeddable":true,"href":"https:\/\/grandepremio.com\/br\/wp-json\/wp\/v2\/42wp_author?post=145645"}],"curies":[{"name":"wp","href":"https:\/\/api.w.org\/{rel}","templated":true}]}}