{"id":145653,"date":"2026-06-30T05:30:00","date_gmt":"2026-06-30T08:30:00","guid":{"rendered":"https:\/\/grandepremio.com\/br\/?p=145653"},"modified":"2026-06-29T20:00:22","modified_gmt":"2026-06-29T23:00:22","slug":"alex-marquez-celebra-5o-lugar-assen-mas-admite-pensei-em-desistir","status":"publish","type":"post","link":"https:\/\/grandepremio.com\/br\/motogp\/alex-marquez-celebra-5o-lugar-assen-mas-admite-pensei-em-desistir\/","title":{"rendered":"\u00c1lex M\u00e1rquez celebra 5\u00ba lugar em Assen, mas admite: &#8220;Pensei em desistir&#8221;"},"content":{"rendered":"\n<p class=\"wp-block-paragraph\"><strong>\u00c1lex<\/strong> <strong>M\u00e1rquez<\/strong> terminou o <strong>GP dos Pa\u00edses Baixos<\/strong> de <strong>MotoGP<\/strong> em quinto, mas revelou que chegou a cogitar abandonar a prova. Por\u00e9m, uma sequ\u00eancia de acontecimentos nas voltas finais mudou os planos e permitiu cruzar a linha de chegada em uma posi\u00e7\u00e3o melhor do que imaginava.<\/p>\n\n\n\n<p class=\"wp-block-paragraph\">O piloto da <strong>Gresini<\/strong> chegou \u00e0 etapa de <strong>Assen<\/strong> com o objetivo de apenas completar o fim de semana, depois de desistir da participa\u00e7\u00e3o no <strong>GP da Tch\u00e9quia<\/strong> logo ap\u00f3s a classifica\u00e7\u00e3o, ao tentar retornar das les\u00f5es sofridas na <strong>Catalunha<\/strong>.<\/p>\n\n\n\n<figure class=\"wp-block-embed is-type-video is-provider-youtube wp-block-embed-youtube wp-embed-aspect-16-9 wp-has-aspect-ratio\"><div class=\"wp-block-embed__wrapper\">\n<iframe loading=\"lazy\" title=\"DE VOLTA \u00c0 BRIGA NA MOTOGP, MARC M\u00c1RQUEZ SE GARANTE NA DUCATI AT\u00c9 2028\" width=\"500\" height=\"281\" src=\"https:\/\/www.youtube.com\/embed\/u9sPHH0eWF0?feature=oembed\" frameborder=\"0\" allow=\"accelerometer; autoplay; clipboard-write; encrypted-media; gyroscope; picture-in-picture; web-share\" referrerpolicy=\"strict-origin-when-cross-origin\" allowfullscreen><\/iframe>\n<\/div><\/figure>\n\n\n\n<p class=\"wp-block-paragraph\">Na sexta-feira (26), a situa\u00e7\u00e3o se complicou ainda mais. Durante o treino, \u00c1lex sofreu uma queda na curva 4 e teve fortes escoria\u00e7\u00f5es, principalmente no bra\u00e7o esquerdo. Mesmo assim, terminou a corrida sprint em 13\u00ba lugar e, no domingo, apresentou um desempenho mais competitivo, permanecendo durante boa parte da prova atr\u00e1s do grupo formado por <strong>Pedro Acosta<\/strong>, <strong>Marc M\u00e1rquez <\/strong>e <strong>Francesco Bagnaia<\/strong>.<\/p>\n\n\n\n<p class=\"wp-block-paragraph\">Com os abandonos de Acosta e Bagnaia, o <strong>#73<\/strong>\u00a0entrou na disputa direta com Marc M\u00e1rquez e <strong>Fabio Di Giannantonio<\/strong>. Uma tentativa de ultrapassagem mal calculada de Di Giannantonio sobre Marc na chicane final acabou beneficiando \u00c1lex, que ganhou duas posi\u00e7\u00f5es. Embora o piloto da VR46 recuperasse uma delas nas voltas finais, esse ganho acabou sendo decisivo para que o catal\u00e3o seguisse at\u00e9 a bandeirada.<\/p>\n\n\n\n<figure class=\"wp-block-image size-large\"><img loading=\"lazy\" decoding=\"async\" width=\"1024\" height=\"683\" src=\"https:\/\/grandepremio.com\/br\/wp-content\/uploads\/2026\/06\/SI202606270063-1024x683.jpg\" alt=\"\" class=\"wp-image-1020307653\" srcset=\"https:\/\/grandepremio.com\/wp-content\/uploads\/2026\/06\/SI202606270063-1024x683.jpg 1024w, https:\/\/grandepremio.com\/wp-content\/uploads\/2026\/06\/SI202606270063-300x200.jpg 300w, https:\/\/grandepremio.com\/wp-content\/uploads\/2026\/06\/SI202606270063-768x512.jpg 768w, https:\/\/grandepremio.com\/wp-content\/uploads\/2026\/06\/SI202606270063-1536x1024.jpg 1536w, https:\/\/grandepremio.com\/wp-content\/uploads\/2026\/06\/SI202606270063-2048x1365.jpg 2048w, https:\/\/grandepremio.com\/wp-content\/uploads\/2026\/06\/SI202606270063-150x100.jpg 150w\" sizes=\"(max-width: 1024px) 100vw, 1024px\" \/><figcaption class=\"wp-element-caption\">\u00c1lex M\u00e1rquez (Foto: Gold &amp; Goose \/ Red Bull Content Pool)<\/figcaption><\/figure>\n\n\n\n<p class=\"wp-block-paragraph\">\u25b6\ufe0f\u00a0<strong>Inscreva-se nos dois canais do GRANDE PR\u00caMIO no YouTube:\u00a0<a href=\"https:\/\/www.youtube.com\/channel\/UC9OlHEgxoaY6QY6nWPoiqQg?sub_confirmation=1\">GP<\/a>\u00a0|\u00a0<a href=\"https:\/\/www.youtube.com\/channel\/UC9csiS6q_C3C0FYhyr1rnFA?sub_confirmation=1\">GPTV<\/a><\/strong><\/p>\n\n\n\n<p class=\"wp-block-paragraph\">&#8220;A&nbsp;primeira coisa \u00e9 que terminei a corrida, e esse tamb\u00e9m era o primeiro objetivo: terminar a corrida e completar as 26 voltas, o que foi bastante dif\u00edcil para mim&#8221;, come\u00e7ou.<\/p>\n\n\n\n<p class=\"wp-block-paragraph\">&#8220;Eu n\u00e3o esperava completar as 26 voltas. Pensei: &#8216;Talvez eu consiga fazer mais do que uma sprint e, dependendo da posi\u00e7\u00e3o, eu pare&#8217;.&nbsp;Mas depois comecei a me sentir melhor. Tentei sobreviver durante toda a corrida, procurando n\u00e3o superaquecer o pneu traseiro macio e administrando bastante.&#8221;<\/p>\n\n\n\n<p class=\"wp-block-paragraph\">&#8220;O v\u00e1cuo de todo aquele grupo \u00e0 frente ajudou muito a n\u00e3o superaquecer o pneu traseiro e a manter a calma.&nbsp;Mais tarde, tive muita sorte porque alguns pilotos ca\u00edram ou enfrentaram problemas t\u00e9cnicos, e recuperei muitas posi\u00e7\u00f5es.&nbsp;O ritmo e tudo mais foram muito melhores do que esper\u00e1vamos&#8221;, celebrou.<\/p>\n\n\n\n<p class=\"wp-block-paragraph\">Alex tamb\u00e9m explicou que a prova ficou mais complicada quando Di Giannantonio e Marc M\u00e1rquez deixaram de estar \u00e0 frente, j\u00e1 que perdeu a refer\u00eancia visual utilizada durante praticamente toda a corrida.<\/p>\n\n\n\n<p class=\"wp-block-paragraph\">&#8220;Isso n\u00e3o me ajudou porque eu estava muito confort\u00e1vel andando atr\u00e1s daquele grupo.&nbsp;Depois que fiquei sozinho de novo, pensei: &#8216;Onde est\u00e3o as refer\u00eancias?&nbsp;N\u00e3o consegui preservar mais o pneu traseiro nem aproveitar o v\u00e1cuo na parte mais r\u00e1pida da pista.&#8221;<\/p>\n\n\n\n<p class=\"wp-block-paragraph\">&#8220;De qualquer forma, consegui terminar. N\u00e3o consegui me defender do Diggia na \u00faltima volta porque estava esgotado fisicamente, mas tudo bem&#8221;, encerrou.<\/p>\n\n\n\n<p class=\"wp-block-paragraph\">A&nbsp;<strong>MotoGP<\/strong>&nbsp;volta a acelerar entre os dias 10 a 12 de julho, com o&nbsp;<strong>GP da Alemanha<\/strong>, em&nbsp;<strong>Sachsenring<\/strong>, para a 11\u00aa etapa da temporada 2026. O&nbsp;<strong>GRANDE PR\u00caMIO<\/strong>&nbsp;acompanha toda a programa\u00e7\u00e3o do fim de semana, assim como as demais categorias do&nbsp;<strong>Mundial de Motovelocidade<\/strong>.<\/p>\n\n\n\n<h2 class=\"wp-block-heading\"><strong>MotoGP hoje: saiba aqui as not\u00edcias mais importantes da MotoGP<\/strong><\/h2>\n\n\n\n<p class=\"wp-block-paragraph\">A reda\u00e7\u00e3o do&nbsp;<strong>GRANDE PR\u00caMIO&nbsp;<\/strong>selecionou as not\u00edcias mais importantes das \u00faltimas horas para voc\u00ea ficar por dentro de tudo que acontece na MotoGP.<\/p>\n\n\n\n<p class=\"wp-block-paragraph\">\u25b6\ufe0f\u00a0<strong><a href=\"https:\/\/grandepremio.com\/br\/motogp\/jorge-martin-exalta-lideranca-motogp-apos-inferno-pontua-dificil-manter\/\">Mart\u00edn exalta lideran\u00e7a da MotoGP ap\u00f3s \u201cinferno\u201d, mas pontua: \u201cDif\u00edcil \u00e9 manter\u201d<\/a><\/strong><br>\u25b6\ufe0f\u00a0<strong><a href=\"https:\/\/grandepremio.com\/br\/motogp\/diogo-moreira-assen-muito-dificil-contato-curva-1-tinha-so-sobreviver\/\">Moreira v\u00ea Assen \u201cmuito dif\u00edcil\u201d ap\u00f3s contato na curva 1: \u201cTinha s\u00f3 de sobreviver\u201d<\/a><\/strong><br>\u25b6\ufe0f\u00a0<strong><a href=\"https:\/\/grandepremio.com\/br\/motogp\/francesco-bagnaia-culpa-freios-por-abandono-assen-foi-dificil-demais-continuar\/\">Bagnaia culpa freios por abandono em Assen: \u201cFoi dif\u00edcil demais continuar\u201d<\/a><\/strong><br>\u25b6\ufe0f\u00a0<strong><a href=\"https:\/\/grandepremio.com\/br\/motogp\/marc-marquez-cobra-melhora-assen-evitar-pilotos-saiam-voando\/\">Marc M\u00e1rquez cobra melhora em Assen para evitar que pilotos saiam \u201cvoando\u201d<\/a><\/strong><br>\u25b6\ufe0f\u00a0<strong><a href=\"https:\/\/grandepremio.com\/br\/motogp\/aprilia-celebra-forca-trackhouse-vitorias-assen-brinca-agora-chega\/\">Aprilia celebra for\u00e7a da Trackhouse ap\u00f3s vit\u00f3rias em Assen e brinca: \u201cAgora chega\u201d<\/a><\/strong><br>\u25b6\ufe0f <strong><a href=\"https:\/\/grandepremio.com\/br\/motogp\/fabio-di-giannantonio-preocupa-algo-mais-aprilia-cobra-moto-melhorar\/\">Di Giannantonio se preocupa com \u201calgo mais\u201d da Aprilia e cobra melhora da moto<\/a><\/strong><\/p>\n","protected":false},"excerpt":{"rendered":"<p>Mesmo voltando de les\u00e3o ap\u00f3s o forte acidente na Catalunha, \u00c1lex M\u00e1rquez garantiu o 5\u00ba lugar no GP dos Pa\u00edses Baixos e, mesmo comemorando o resultado, admitiu que pensou em desistir da corrida<\/p>\n","protected":false},"author":18,"featured_media":1020307516,"comment_status":"closed","ping_status":"closed","sticky":false,"template":"","format":"standard","meta":{"42wp_featured_image_caption":"MOTOGP 2026, GP DOS PA\u00cdSES BAIXOS, ASSEN, \u00c1LEX M\u00c1RQUEZ, GRESINI","42wp_featured_image_credits":"","42wp_featured_video":"","42wp_featured_image_hidden":false,"42wp_authors_list":[],"footnotes":""},"categories":[8],"tags":[4658,2090,2335,3463,151,5214,39473,26718,131,6513,110,28833,2327,29126,28285,3504,130,1975,187,144,24704,132,137,1661,1300,2287,813,79,78,27236,45225,45222,554,45223,45224,25819,29345,32257,28766,307,45226,36038,25667,27587,26690,136,25818,43603,2984,41398,45227,172],"42wp_author":[47161],"class_list":["post-145653","post","type-post","status-publish","format-standard","has-post-thumbnail","hentry","category-motogp","tag-ai-ogura","tag-alex-marquez","tag-alex-rins","tag-assen","tag-brad-binder","tag-classificacao-motogp","tag-corrida-motogp","tag-diogo-moreira","tag-ducati","tag-espn","tag-fabio-quartararo","tag-fermin-aldeguer","tag-francesco-bagnaia","tag-gp-dos-paises-baixos","tag-grandepremio","tag-gresini","tag-honda","tag-jack-miller","tag-joan-mir","tag-johann-zarco","tag-jorge-martin","tag-ktm","tag-lcr","tag-luca-marini","tag-marc-marquez","tag-marco-bezzecchi","tag-moto","tag-moto-gp","tag-motogp","tag-motogp-2026","tag-motogp-2026-calendario","tag-motogp-26","tag-motogp-ao-vivo","tag-motogp-calendario-2026","tag-motogp-classificacao-2026","tag-motogp-hoje","tag-motogp-horario","tag-motogp-sprint","tag-motogp-standings","tag-motor","tag-onde-assistir-motogp-2026","tag-paises-baixos","tag-pecco-bagnaia","tag-pedro-acosta","tag-pilotos-motogp","tag-pramac","tag-raul-fernandez","tag-resultado-motogp","tag-sprint","tag-temporada-motogp","tag-toprak-razgatliolgu","tag-yamaha","42wp_author-kaio-esteves"],"_links":{"self":[{"href":"https:\/\/grandepremio.com\/br\/wp-json\/wp\/v2\/posts\/145653","targetHints":{"allow":["GET"]}}],"collection":[{"href":"https:\/\/grandepremio.com\/br\/wp-json\/wp\/v2\/posts"}],"about":[{"href":"https:\/\/grandepremio.com\/br\/wp-json\/wp\/v2\/types\/post"}],"author":[{"embeddable":true,"href":"https:\/\/grandepremio.com\/br\/wp-json\/wp\/v2\/users\/18"}],"replies":[{"embeddable":true,"href":"https:\/\/grandepremio.com\/br\/wp-json\/wp\/v2\/comments?post=145653"}],"version-history":[{"count":1,"href":"https:\/\/grandepremio.com\/br\/wp-json\/wp\/v2\/posts\/145653\/revisions"}],"predecessor-version":[{"id":145663,"href":"https:\/\/grandepremio.com\/br\/wp-json\/wp\/v2\/posts\/145653\/revisions\/145663"}],"wp:featuredmedia":[{"embeddable":true,"href":"https:\/\/grandepremio.com\/br\/wp-json\/wp\/v2\/media\/1020307516"}],"wp:attachment":[{"href":"https:\/\/grandepremio.com\/br\/wp-json\/wp\/v2\/media?parent=145653"}],"wp:term":[{"taxonomy":"category","embeddable":true,"href":"https:\/\/grandepremio.com\/br\/wp-json\/wp\/v2\/categories?post=145653"},{"taxonomy":"post_tag","embeddable":true,"href":"https:\/\/grandepremio.com\/br\/wp-json\/wp\/v2\/tags?post=145653"},{"taxonomy":"42wp_author","embeddable":true,"href":"https:\/\/grandepremio.com\/br\/wp-json\/wp\/v2\/42wp_author?post=145653"}],"curies":[{"name":"wp","href":"https:\/\/api.w.org\/{rel}","templated":true}]}}