{"id":145733,"date":"2026-06-30T08:31:28","date_gmt":"2026-06-30T11:31:28","guid":{"rendered":"https:\/\/grandepremio.com\/br\/?p=145733"},"modified":"2026-06-30T08:31:55","modified_gmt":"2026-06-30T11:31:55","slug":"lewis-hamilton-fala-choque-realidade-austria-reconhece-precisamos-evoluir","status":"publish","type":"post","link":"https:\/\/grandepremio.com\/br\/f1\/lewis-hamilton-fala-choque-realidade-austria-reconhece-precisamos-evoluir\/","title":{"rendered":"Hamilton fala em \u201cchoque de realidade\u201d na \u00c1ustria e reconhece: \u201cPrecisamos evoluir\u201d"},"content":{"rendered":"\n<p class=\"wp-block-paragraph\">Embora tenha vencido o<strong> GP de Barcelona-Catalunha<\/strong>, <strong>Lewis Hamilton<\/strong> enfrentou dificuldades durante o <strong>GP da \u00c1ustria<\/strong>,<a href=\"https:\/\/grandepremio.com\/br\/f1\/george-russell-neutraliza-max-verstappen-vence-escaldante-gp-austria-gabriel-bortoleto-11o\/\"> disputado no domingo (28)<\/a>. Depois de largar da terceira posi\u00e7\u00e3o e terminar apenas em quinto, o heptacampe\u00e3o afirmou, durante coletiva acompanhada pelo <strong>GRANDE PR\u00caMIO<\/strong>, que a etapa no<strong> Red Bull Ring<\/strong> exp\u00f4s algumas fraquezas da <strong>Ferrari<\/strong>.<\/p>\n\n\n\n<p class=\"wp-block-paragraph\">Ap\u00f3s <strong>Hamilton <\/strong>vencer o <strong>GP de Barcelona-Catalunha<\/strong> com mais de 19s de vantagem sobre <strong>George Russell<\/strong>, as expectativas em torno do desempenho da Ferrari cresceram de forma consider\u00e1vel. No entanto, a realidade na \u00c1ustria foi bem diferente para a equipe italiana.<\/p>\n\n\n\n<figure class=\"wp-block-embed is-type-video is-provider-youtube wp-block-embed-youtube wp-embed-aspect-16-9 wp-has-aspect-ratio\"><div class=\"wp-block-embed__wrapper\">\n<iframe loading=\"lazy\" title=\"RUSSELL SOBREVIVE NA BRIGA POR T\u00cdTULO DA F1 COM VIT\u00d3RIA NA \u00c1USTRIA OU \u00c9 POUCO? | Paddock GP\" width=\"500\" height=\"281\" src=\"https:\/\/www.youtube.com\/embed\/Sl9YI9fovuI?feature=oembed\" frameborder=\"0\" allow=\"accelerometer; autoplay; clipboard-write; encrypted-media; gyroscope; picture-in-picture; web-share\" referrerpolicy=\"strict-origin-when-cross-origin\" allowfullscreen><\/iframe>\n<\/div><\/figure>\n\n\n\n<p class=\"wp-block-paragraph\"><strong>Charles Leclerc<\/strong>, que largou da segunda posi\u00e7\u00e3o, perdeu competitividade ao longo da corrida e, sem desempenho suficiente para se defender, despencou para a oitava coloca\u00e7\u00e3o. <strong>Hamilton<\/strong>, por sua vez, saiu de terceiro e chegou a acompanhar <strong>Russell <\/strong>nas voltas iniciais, mas tamb\u00e9m perdeu rendimento \u00e0 medida que a prova avan\u00e7ou e terminou apenas em quinto.<\/p>\n\n\n\n<p class=\"wp-block-paragraph\">Segundo <strong>Hamilton<\/strong>, a expectativa era conquistar um bom resultado na <strong>\u00c1ustria<\/strong>. No entanto, o brit\u00e2nico afirmou que o fim de semana acabou sendo um choque de realidade.<\/p>\n\n\n\n<figure class=\"wp-block-image size-large\"><img loading=\"lazy\" decoding=\"async\" width=\"1024\" height=\"576\" src=\"https:\/\/grandepremio.com\/br\/wp-content\/uploads\/2026\/06\/f1-2026-austria-corrida-ferrari-lewis-hamilton-02-1024x576.jpg\" alt=\"F1 2026, AUSTRIA, CORRIDA, FERRARI, LEWIS HAMILTON, CARRO\" class=\"wp-image-1020307977\" srcset=\"https:\/\/grandepremio.com\/wp-content\/uploads\/2026\/06\/f1-2026-austria-corrida-ferrari-lewis-hamilton-02-1024x576.jpg 1024w, https:\/\/grandepremio.com\/wp-content\/uploads\/2026\/06\/f1-2026-austria-corrida-ferrari-lewis-hamilton-02-300x169.jpg 300w, https:\/\/grandepremio.com\/wp-content\/uploads\/2026\/06\/f1-2026-austria-corrida-ferrari-lewis-hamilton-02-768x432.jpg 768w, https:\/\/grandepremio.com\/wp-content\/uploads\/2026\/06\/f1-2026-austria-corrida-ferrari-lewis-hamilton-02-1536x864.jpg 1536w, https:\/\/grandepremio.com\/wp-content\/uploads\/2026\/06\/f1-2026-austria-corrida-ferrari-lewis-hamilton-02-1200x675.jpg 1200w, https:\/\/grandepremio.com\/wp-content\/uploads\/2026\/06\/f1-2026-austria-corrida-ferrari-lewis-hamilton-02-150x84.jpg 150w, https:\/\/grandepremio.com\/wp-content\/uploads\/2026\/06\/f1-2026-austria-corrida-ferrari-lewis-hamilton-02.jpg 1920w\" sizes=\"(max-width: 1024px) 100vw, 1024px\" \/><figcaption class=\"wp-element-caption\">Lewis Hamilton despencou na tabela durante o GP da \u00c1ustria (Foto: Ferrari)<\/figcaption><\/figure>\n\n\n\n<p class=\"wp-block-paragraph\">\u201c\u00c9 mais um choque de realidade. N\u00e3o sabemos por que fomos t\u00e3o competitivos no domingo em Barcelona. \u00c9 uma pista muito boa para mim. Escolhi uma estrat\u00e9gia que, pela minha experi\u00eancia, sabia que funcionaria, fiz algo semelhante em 2021. Mas hoje fomos confrontados com a realidade, temos um bom carro, mas ainda estamos atr\u00e1s da Mercedes em termos de ritmo\u201d, disse <strong>Hamilton<\/strong>.<\/p>\n\n\n\n<p class=\"wp-block-paragraph\">\u201cEles s\u00e3o simplesmente mais r\u00e1pidos. Precisamos continuar evoluindo. Isso n\u00e3o significa que n\u00e3o possamos diminuir essa diferen\u00e7a. Aquela vit\u00f3ria n\u00e3o significa que vamos venc\u00ea-los sempre, muito pelo contr\u00e1rio. Temos muito trabalho pela frente. Ainda precisamos continuar aprimorando o desempenho do carro, principalmente em termos de pot\u00eancia. \u00c9 nisso que vamos ter de continuar trabalhando\u201d, finalizou <strong>Hamilton<\/strong>.<\/p>\n\n\n\n<p class=\"wp-block-paragraph\">A F\u00f3rmula 1 volta de&nbsp;<strong>3 a 5 de julho<\/strong>&nbsp;com o&nbsp;<strong>GP da Inglaterra<\/strong>, em&nbsp;<strong>Silverstone<\/strong>, nona etapa da temporada 2026. O&nbsp;<strong>GRANDE PR\u00caMIO<\/strong>&nbsp;acompanha todas as atividades&nbsp;<a href=\"https:\/\/www.grandepremio.com\/br\/ao-vivo\/f1\/\">&nbsp;<strong>AO VIVO E EM&nbsp;<\/strong><\/a><strong><a href=\"https:\/\/www.grandepremio.com\/br\/ao-vivo\/\" target=\"_blank\" rel=\"noreferrer noopener\">TEMPO REAL<\/a><\/strong>,&nbsp;<a href=\"https:\/\/www.youtube.com\/@GrandePremio1\/streams\">com classifica\u00e7\u00e3o e corrida em&nbsp;<strong>SEGUNDA TELA&nbsp;<\/strong>no YouTube<\/a>, em parceria com a&nbsp;<strong>Voz do Esporte<\/strong>. O&nbsp;<strong>Briefing&nbsp;<\/strong>chega para analisar ap\u00f3s o fim de cada dia de atividades nas redes sociais e na&nbsp;<strong>GPTV<\/strong>.<\/p>\n\n\n\n<p class=\"wp-block-paragraph\">Al\u00e9m da cobertura completa das atividades, o&nbsp;<strong>GRANDE PR\u00caMIO<\/strong>&nbsp;tamb\u00e9m estar\u00e1 in loco em&nbsp;<strong>Silverstone&nbsp;<\/strong>com o rep\u00f3rter&nbsp;<strong>Leonid Kliuev<\/strong>.<\/p>\n\n\n\n<figure class=\"wp-block-table\"><table class=\"has-fixed-layout\"><tbody><tr><td><strong>Sess\u00e3o<\/strong><\/td><td><strong>BRA*<\/strong><\/td><td><strong>CBV<\/strong><\/td><td><strong>POR<\/strong><br><strong>ANG<\/strong><\/td><td><strong>MOZ<\/strong><\/td><\/tr><tr><td>Treino livre 1<\/td><td>08:30<\/td><td>10:30<\/td><td>12:30<\/td><td>13:30<\/td><\/tr><tr><td>Classifica\u00e7\u00e3o Sprint<\/td><td>12:30<\/td><td>14:30<\/td><td>16:30<\/td><td>17:30<\/td><\/tr><tr><td>Corrida Sprint<\/td><td>08:00<\/td><td>10:00<\/td><td>12:00<\/td><td>13:00<\/td><\/tr><tr><td>Classifica\u00e7\u00e3o<\/td><td>12:00<\/td><td>14:00<\/td><td>16:00<\/td><td>17:00<\/td><\/tr><tr><td>Corrida<\/td><td>11:00<\/td><td>13:00<\/td><td>15:00<\/td><td>16:00<\/td><\/tr><\/tbody><\/table><\/figure>\n\n\n\n<h2 class=\"wp-block-heading\"><strong>F1 hoje: saiba aqui as not\u00edcias mais importantes do dia da F\u00f3rmula 1<\/strong><\/h2>\n\n\n\n<p class=\"wp-block-paragraph\">A reda\u00e7\u00e3o do&nbsp;<strong>GRANDE PR\u00caMIO<\/strong>&nbsp;selecionou as not\u00edcias mais importantes das \u00faltimas horas para voc\u00ea ficar por dentro de tudo que acontece na F1.<\/p>\n\n\n\n<p class=\"wp-block-paragraph\">\u25b6\ufe0f<strong><a href=\"https:\/\/grandepremio.com\/br\/f1\/max-verstappen-relembra-2025-reflete-titulo-so-precisamos-ser-mais-completos\/\">Verstappen relembra 2025 e reflete sobre t\u00edtulo: \u201cS\u00f3 precisamos ser mais completos\u201d<\/a><\/strong><br>\u25b6\ufe0f<strong><a href=\"https:\/\/grandepremio.com\/br\/f1\/mercedes-evolucao-red-bull-conta-max-verstappen-fator-max-f1-2026\/\">Mercedes bota evolu\u00e7\u00e3o da Red Bull na conta de Verstappen e cita \u201cfator Max\u201d na F1 2026<\/a><\/strong><br>\u25b6\ufe0f<strong><a href=\"https:\/\/grandepremio.com\/br\/f1\/ferrari-ignora-indireta-mercedes-ja-apronta-nova-atualizacao-inglaterra\/\">Ferrari ignora indireta da Mercedes e j\u00e1 apronta nova atualiza\u00e7\u00e3o para Inglaterra<\/a><\/strong><br>\u25b6\ufe0f<strong><a href=\"https:\/\/grandepremio.com\/br\/f1\/lewis-hamilton-responde-punicao-max-verstappen-nao-passa-campeao-fora\/\">Hamilton responde a Verstappen ap\u00f3s luta na \u00c1ustria: \u201cN\u00e3o se passa um campe\u00e3o por fora\u201d<\/a><\/strong><br>\u25b6\ufe0f<strong><a href=\"https:\/\/grandepremio.com\/br\/f1\/opiniao-gp-george-russell-vence-tenta-reabrir-disputa-mercedes-nao-esta-sozinha\/\">Opini\u00e3o GP: Russell vence e tenta reabrir disputa. Mas Mercedes n\u00e3o est\u00e1 sozinha<\/a><\/strong><\/p>\n","protected":false},"excerpt":{"rendered":"<p>Lewis Hamilton disse que o GP da \u00c1ustria deixou evidente algumas fraquezas da Ferrari e reconheceu que a equipe ainda precisa evoluir na F1 2026<\/p>\n","protected":false},"author":17,"featured_media":1020307820,"comment_status":"closed","ping_status":"closed","sticky":false,"template":"","format":"standard","meta":{"42wp_featured_image_caption":"F1 2026, AUSTRIA, CLASSIFICA\u00c7\u00c3O, S\u00c1BADO, GABRIEL L\u00d3PEZ, FERRARI, LEWIS HAMILTON, RETRATO, ROSTO","42wp_featured_image_credits":"F1 2026, AUSTRIA, CLASSIFICA\u00c7\u00c3O, S\u00c1BADO, GABRIEL L\u00d3PEZ, FERRARI, LEWIS HAMILTON, RETRATO, ROSTO","42wp_featured_video":"","42wp_featured_image_hidden":false,"42wp_authors_list":[],"footnotes":""},"categories":[2],"tags":[26271,207,180,24888,1491,28285,2810,30840,87,45602],"42wp_author":[47149,47165],"class_list":["post-145733","post","type-post","status-publish","format-standard","has-post-thumbnail","hentry","category-f1","tag-calendario-f1","tag-ferrari","tag-formula-1","tag-gp-da-austria-2","tag-grande-premio","tag-grandepremio","tag-hamilton","tag-horarios-f1","tag-lewis-hamilton","tag-sf-26","42wp_author-bernardo-castro","42wp_author-leonid-kluiev"],"_links":{"self":[{"href":"https:\/\/grandepremio.com\/br\/wp-json\/wp\/v2\/posts\/145733","targetHints":{"allow":["GET"]}}],"collection":[{"href":"https:\/\/grandepremio.com\/br\/wp-json\/wp\/v2\/posts"}],"about":[{"href":"https:\/\/grandepremio.com\/br\/wp-json\/wp\/v2\/types\/post"}],"author":[{"embeddable":true,"href":"https:\/\/grandepremio.com\/br\/wp-json\/wp\/v2\/users\/17"}],"replies":[{"embeddable":true,"href":"https:\/\/grandepremio.com\/br\/wp-json\/wp\/v2\/comments?post=145733"}],"version-history":[{"count":2,"href":"https:\/\/grandepremio.com\/br\/wp-json\/wp\/v2\/posts\/145733\/revisions"}],"predecessor-version":[{"id":145737,"href":"https:\/\/grandepremio.com\/br\/wp-json\/wp\/v2\/posts\/145733\/revisions\/145737"}],"wp:featuredmedia":[{"embeddable":true,"href":"https:\/\/grandepremio.com\/br\/wp-json\/wp\/v2\/media\/1020307820"}],"wp:attachment":[{"href":"https:\/\/grandepremio.com\/br\/wp-json\/wp\/v2\/media?parent=145733"}],"wp:term":[{"taxonomy":"category","embeddable":true,"href":"https:\/\/grandepremio.com\/br\/wp-json\/wp\/v2\/categories?post=145733"},{"taxonomy":"post_tag","embeddable":true,"href":"https:\/\/grandepremio.com\/br\/wp-json\/wp\/v2\/tags?post=145733"},{"taxonomy":"42wp_author","embeddable":true,"href":"https:\/\/grandepremio.com\/br\/wp-json\/wp\/v2\/42wp_author?post=145733"}],"curies":[{"name":"wp","href":"https:\/\/api.w.org\/{rel}","templated":true}]}}