{"id":145749,"date":"2026-06-30T09:25:03","date_gmt":"2026-06-30T12:25:03","guid":{"rendered":"https:\/\/grandepremio.com\/br\/?p=145749"},"modified":"2026-06-30T09:25:05","modified_gmt":"2026-06-30T12:25:05","slug":"onde-assistir-a-rodada-da-inglaterra-da-formula-3-2026","status":"publish","type":"post","link":"https:\/\/grandepremio.com\/br\/f3\/onde-assistir-a-rodada-da-inglaterra-da-formula-3-2026\/","title":{"rendered":"Onde assistir \u00e0 rodada da Inglaterra da F\u00f3rmula 3 2026"},"content":{"rendered":"\n<p class=\"wp-block-paragraph\">Depois de realizar a etapa da <strong>\u00c1ustria<\/strong> no \u00faltimo fim de semana, a<strong> F\u00f3rmula 3<\/strong> j\u00e1 est\u00e1 nos preparativos para a rodada dupla em <strong>Silverstone<\/strong>, na <strong>Inglaterra<\/strong>. Com as atividades de pista come\u00e7ando j\u00e1 na sexta-feira (3), fique por dentro da programa\u00e7\u00e3o para n\u00e3o perder nada.<\/p>\n\n\n\n<p class=\"wp-block-paragraph\">Na sexta-feira, \u00e0s 4h50 (de <strong>Bras\u00edlia<\/strong>, GMT-3), os pilotos realizam o \u00fanico treino livre do final de semana. Mais tarde, \u00e0s 10h, \u00e9 a vez da classifica\u00e7\u00e3o, que define tanto o grid de largada da corrida sprint, com a invers\u00e3o das doze primeiras posi\u00e7\u00f5es, como da corrida principal.<\/p>\n\n\n\n<figure class=\"wp-block-image size-large\"><img loading=\"lazy\" decoding=\"async\" width=\"1200\" height=\"900\" src=\"https:\/\/grandepremio.com\/br\/wp-content\/uploads\/2026\/06\/941f62a69_DSC07039-scaled-e1781033553915-1200x900.jpg?crop=1\" alt=\"\" class=\"wp-image-1001097369\" srcset=\"https:\/\/grandepremio.com\/wp-content\/uploads\/2026\/06\/941f62a69_DSC07039-scaled-e1781033553915-1200x900.jpg 1200w, https:\/\/grandepremio.com\/wp-content\/uploads\/2026\/06\/941f62a69_DSC07039-scaled-e1781033553915-300x225.jpg 300w, https:\/\/grandepremio.com\/wp-content\/uploads\/2026\/06\/941f62a69_DSC07039-scaled-e1781033553915-768x576.jpg 768w, https:\/\/grandepremio.com\/wp-content\/uploads\/2026\/06\/941f62a69_DSC07039-scaled-e1781033553915-1536x1152.jpg 1536w, https:\/\/grandepremio.com\/wp-content\/uploads\/2026\/06\/941f62a69_DSC07039-scaled-e1781033553915-150x112.jpg 150w, https:\/\/grandepremio.com\/wp-content\/uploads\/2026\/06\/941f62a69_DSC07039-scaled-e1781033553915.jpg 1707w\" sizes=\"(max-width: 1200px) 100vw, 1200px\" \/><figcaption class=\"wp-element-caption\">Ugo Ugochukwu lidera a F3 2026 (Foto: Campos)<\/figcaption><\/figure>\n\n\n\n<p class=\"wp-block-paragraph\">A largada da sprint ser\u00e1 \u00e0s 5h35 de s\u00e1bado (4). J\u00e1 a corrida 2 come\u00e7a \u00e0s 4h25 do domingo (5), antes do GP da \u00c1ustria de F\u00f3rmula 1.<\/p>\n\n\n\n<p class=\"wp-block-paragraph\">Os torcedores poder\u00e3o acompanhar todas as sess\u00f5es realizadas em <strong>Silverstone <\/strong>no streaming oficial da F1, o <strong>F1 TV<\/strong>.<\/p>\n\n\n\n<h2 class=\"wp-block-heading\">Rodada da Inglaterra da\u00a0<a href=\"https:\/\/www.grandepremio.com\/br\/f2\/\" target=\"_blank\" rel=\"noreferrer noopener\">F<\/a>3: veja os hor\u00e1rios no Brasil, Cabo Verde,\u00a0<a href=\"https:\/\/grandepremio.pt\/\" target=\"_blank\" rel=\"noreferrer noopener\">Portugal<\/a>, Angola e Mo\u00e7ambique<\/h2>\n\n\n\n<figure class=\"wp-block-table\"><table class=\"has-fixed-layout\"><tbody><tr><td><strong>Dia<\/strong><\/td><td><strong>Sess\u00e3o<\/strong><\/td><td><strong>BRA*<\/strong><\/td><td><strong>CBV<\/strong><\/td><td><strong>POR<\/strong><br><strong>ANG<\/strong><\/td><td><strong>MOZ<\/strong><\/td><\/tr><tr><td>Sexta-feira (3)<\/td><td>Treino livre<\/td><td>4:50<\/td><td>7:50<\/td><td>8:50<\/td><td>9:50<\/td><\/tr><tr><td>Sexta-feira (3)<\/td><td>Classifica\u00e7\u00e3o<\/td><td>10:00<\/td><td>13:00<\/td><td>14:00<\/td><td>15:00<\/td><\/tr><tr><td>S\u00e1bado (4)<\/td><td>Corrida sprint<\/td><td>5:35<\/td><td>8:35<\/td><td>9:35<\/td><td>10:35<\/td><\/tr><tr><td>Domingo (5)<\/td><td>Corrida<\/td><td>4:25<\/td><td>7:25<\/td><td>8:25<\/td><td>9:25<\/td><\/tr><\/tbody><\/table><\/figure>\n\n\n\n<p class=\"wp-block-paragraph\"><em>*Hor\u00e1rio de Bras\u00edlia<\/em><\/p>\n\n\n\n<p class=\"wp-block-paragraph\">\u25b6\ufe0f<strong>Inscreva-se nos dois canais do GRANDE PR\u00caMIO no YouTube:&nbsp;<a href=\"https:\/\/www.youtube.com\/channel\/UC9OlHEgxoaY6QY6nWPoiqQg?sub_confirmation=1\" target=\"_blank\" rel=\"noreferrer noopener\">GP<\/a>&nbsp;<\/strong><\/p>\n","protected":false},"excerpt":{"rendered":"<p>Depois da etapa na \u00c1ustria, que teve vit\u00f3ria de Ernesto Rivera na sprint e Noah Str\u00f8msted na corrida 2, a F\u00f3rmula 3 se prepara para a rodada dupla na Inglaterra. Saiba onde assistir \u00e0s atividades<\/p>\n","protected":false},"author":17,"featured_media":1020307854,"comment_status":"closed","ping_status":"closed","sticky":false,"template":"","format":"standard","meta":{"42wp_featured_image_caption":"F3 2026 \u00c1ustria (Foto Reprodu\u00e7\u00e3o F3)","42wp_featured_image_credits":"","42wp_featured_video":"","42wp_featured_image_hidden":false,"42wp_authors_list":[],"footnotes":""},"categories":[10],"tags":[29655,1008,1491,28285,35181,3632],"42wp_author":[47149],"class_list":["post-145749","post","type-post","status-publish","format-standard","has-post-thumbnail","hentry","category-f3","tag-calendario-f3","tag-f3","tag-grande-premio","tag-grandepremio","tag-horarios-f3","tag-silverstone","42wp_author-bernardo-castro"],"_links":{"self":[{"href":"https:\/\/grandepremio.com\/br\/wp-json\/wp\/v2\/posts\/145749","targetHints":{"allow":["GET"]}}],"collection":[{"href":"https:\/\/grandepremio.com\/br\/wp-json\/wp\/v2\/posts"}],"about":[{"href":"https:\/\/grandepremio.com\/br\/wp-json\/wp\/v2\/types\/post"}],"author":[{"embeddable":true,"href":"https:\/\/grandepremio.com\/br\/wp-json\/wp\/v2\/users\/17"}],"replies":[{"embeddable":true,"href":"https:\/\/grandepremio.com\/br\/wp-json\/wp\/v2\/comments?post=145749"}],"version-history":[{"count":1,"href":"https:\/\/grandepremio.com\/br\/wp-json\/wp\/v2\/posts\/145749\/revisions"}],"predecessor-version":[{"id":145757,"href":"https:\/\/grandepremio.com\/br\/wp-json\/wp\/v2\/posts\/145749\/revisions\/145757"}],"wp:featuredmedia":[{"embeddable":true,"href":"https:\/\/grandepremio.com\/br\/wp-json\/wp\/v2\/media\/1020307854"}],"wp:attachment":[{"href":"https:\/\/grandepremio.com\/br\/wp-json\/wp\/v2\/media?parent=145749"}],"wp:term":[{"taxonomy":"category","embeddable":true,"href":"https:\/\/grandepremio.com\/br\/wp-json\/wp\/v2\/categories?post=145749"},{"taxonomy":"post_tag","embeddable":true,"href":"https:\/\/grandepremio.com\/br\/wp-json\/wp\/v2\/tags?post=145749"},{"taxonomy":"42wp_author","embeddable":true,"href":"https:\/\/grandepremio.com\/br\/wp-json\/wp\/v2\/42wp_author?post=145749"}],"curies":[{"name":"wp","href":"https:\/\/api.w.org\/{rel}","templated":true}]}}