{"id":145795,"date":"2026-06-30T11:01:03","date_gmt":"2026-06-30T14:01:03","guid":{"rendered":"https:\/\/grandepremio.com\/br\/?p=145795"},"modified":"2026-06-30T11:40:43","modified_gmt":"2026-06-30T14:40:43","slug":"audi-ve-corrida-limpa-e-forte-de-bortoleto-na-austria-mas-pede-passo-a-frente","status":"publish","type":"post","link":"https:\/\/grandepremio.com\/br\/f1\/audi-ve-corrida-limpa-e-forte-de-bortoleto-na-austria-mas-pede-passo-a-frente\/","title":{"rendered":"Audi v\u00ea &#8220;corrida limpa e forte&#8221; de Bortoleto na \u00c1ustria, mas pede &#8220;passo \u00e0 frente&#8221;"},"content":{"rendered":"\n<p class=\"wp-block-paragraph\">A <strong>Audi <\/strong>elogiou o desempenho de <strong>Gabriel Bortoleto <\/strong>no <strong>GP da \u00c1ustria<\/strong>, <a href=\"https:\/\/grandepremio.com\/br\/f1\/george-russell-neutraliza-max-verstappen-vence-escaldante-gp-austria-gabriel-bortoleto-11o\/\">disputado no \u00faltimo final de semana<\/a>, mas afirmou que tamb\u00e9m espera que o brasileiro pressione mais quando estiver pr\u00f3ximo \u00e0 zona de pontos. Na etapa em <strong>Spielberg<\/strong>, ele ficou em 11\u00ba, atr\u00e1s da dupla da<strong> Racing Bulls<\/strong>.<\/p>\n\n\n\n<p class=\"wp-block-paragraph\">O chefe da Audi, <strong>Allan McNish<\/strong>, reconheceu que Bortoleto conseguiu extrair o m\u00e1ximo do carro na classifica\u00e7\u00e3o e fez uma corrida &#8220;limpa e forte&#8221;, mas enfatizou que espera &#8220;um passo \u00e0 frente&#8221; nas pr\u00f3ximas etapas. <\/p>\n\n\n\n<figure class=\"wp-block-embed is-type-video is-provider-youtube wp-block-embed-youtube wp-embed-aspect-16-9 wp-has-aspect-ratio\"><div class=\"wp-block-embed__wrapper\">\n<iframe loading=\"lazy\" title=\"RUSSELL SOBREVIVE NA BRIGA POR T\u00cdTULO DA F1 COM VIT\u00d3RIA NA \u00c1USTRIA OU \u00c9 POUCO? | Paddock GP\" width=\"500\" height=\"281\" src=\"https:\/\/www.youtube.com\/embed\/Sl9YI9fovuI?feature=oembed\" frameborder=\"0\" allow=\"accelerometer; autoplay; clipboard-write; encrypted-media; gyroscope; picture-in-picture; web-share\" referrerpolicy=\"strict-origin-when-cross-origin\" allowfullscreen><\/iframe>\n<\/div><\/figure>\n\n\n\n<p class=\"wp-block-paragraph\">&#8220;Fico observando os dados praticamente durante toda a corrida, e, do ponto de vista da pilotagem, a precis\u00e3o na classifica\u00e7\u00e3o foi excelente&#8221;, disse McNish em coletiva acompanhada pelo <strong>GRANDE PR\u00caMIO<\/strong> na \u00c1ustria. <\/p>\n\n\n\n<p class=\"wp-block-paragraph\">&#8220;Ele tirou o m\u00e1ximo proveito do carro. \u00c9 poss\u00edvel perceber a atitude do carro em movimento e a consist\u00eancia. E na pr\u00f3pria corrida, achei que fez um trabalho excelente&#8221;, acrescentou. <\/p>\n\n\n\n<p class=\"wp-block-paragraph\">&#8220;Certamente, do ponto de vista de Gabi, foi uma corrida limpa e forte, e ele vai voltar para casa feliz com isso. Mas, obviamente, tamb\u00e9m quero que nos pressione. Queremos que d\u00ea um passo \u00e0 frente para que n\u00e3o fique apenas em 11\u00ba lugar&#8221;, cobrou.<\/p>\n\n\n\n<p class=\"wp-block-paragraph\">O dirigente escoc\u00eas tamb\u00e9m avaliou a performance de <strong>Nico H\u00fclkenberg<\/strong>, que, na vis\u00e3o de McNish, soube se desvencilhar do enrosco com <strong>Pierre Gasly<\/strong>.<\/p>\n\n\n\n<figure class=\"wp-block-image size-large\"><img loading=\"lazy\" decoding=\"async\" width=\"1024\" height=\"683\" src=\"https:\/\/grandepremio.com\/br\/wp-content\/uploads\/2026\/06\/f1-2026-austria-corrida-audi-gabriel-bortoleto-02-1024x683.jpg\" alt=\"F1 2026, AUSTRIA, CORRIDA, AUDI, GABRIEL BORTOLETO, CARRO\" class=\"wp-image-1020307983\" srcset=\"https:\/\/grandepremio.com\/wp-content\/uploads\/2026\/06\/f1-2026-austria-corrida-audi-gabriel-bortoleto-02-1024x683.jpg 1024w, https:\/\/grandepremio.com\/wp-content\/uploads\/2026\/06\/f1-2026-austria-corrida-audi-gabriel-bortoleto-02-300x200.jpg 300w, https:\/\/grandepremio.com\/wp-content\/uploads\/2026\/06\/f1-2026-austria-corrida-audi-gabriel-bortoleto-02-768x512.jpg 768w, https:\/\/grandepremio.com\/wp-content\/uploads\/2026\/06\/f1-2026-austria-corrida-audi-gabriel-bortoleto-02-1536x1024.jpg 1536w, https:\/\/grandepremio.com\/wp-content\/uploads\/2026\/06\/f1-2026-austria-corrida-audi-gabriel-bortoleto-02-2048x1365.jpg 2048w, https:\/\/grandepremio.com\/wp-content\/uploads\/2026\/06\/f1-2026-austria-corrida-audi-gabriel-bortoleto-02-150x100.jpg 150w\" sizes=\"(max-width: 1024px) 100vw, 1024px\" \/><figcaption class=\"wp-element-caption\">Gabriel Bortoleto bateu na trave dos pontos na \u00c1ustria (Foto: Audi)<\/figcaption><\/figure>\n\n\n\n<p class=\"wp-block-paragraph\">&#8220;Tenho de dizer que Nico tamb\u00e9m foi muito bem. Tirou o melhor proveito da situa\u00e7\u00e3o, pois foi um pouco prejudicado pelo tr\u00e1fego no in\u00edcio com [Esteban] Ocon e tamb\u00e9m pela situa\u00e7\u00e3o com Gasly, quando come\u00e7aram a se desentender. Mas acho que ambos se sa\u00edram bem&#8221;, encerrou.<\/p>\n\n\n\n<p class=\"wp-block-paragraph\">At\u00e9 o momento, a Audi marcou apenas 2 pontos na classifica\u00e7\u00e3o, justamente com Bortoleto na primeira do ano, na Austr\u00e1lia. <\/p>\n\n\n\n<p class=\"wp-block-paragraph\">A F\u00f3rmula 1 volta de\u00a0<strong>3 a 5 de julho<\/strong>\u00a0com o\u00a0<strong>GP da Inglaterra<\/strong>, em\u00a0<strong>Silverstone<\/strong>, nona etapa da temporada 2026. O\u00a0<strong>GRANDE PR\u00caMIO<\/strong>\u00a0acompanha todas as atividades\u00a0<a href=\"https:\/\/www.grandepremio.com\/br\/ao-vivo\/f1\/\">\u00a0<strong>AO VIVO E EM\u00a0<\/strong><\/a><strong><a href=\"https:\/\/www.grandepremio.com\/br\/ao-vivo\/\" target=\"_blank\" rel=\"noreferrer noopener\">TEMPO REAL<\/a><\/strong>,\u00a0<a href=\"https:\/\/www.youtube.com\/@GrandePremio1\/streams\">com classifica\u00e7\u00e3o e corrida em\u00a0<strong>SEGUNDA TELA\u00a0<\/strong>no YouTube<\/a>, em parceria com a\u00a0<strong>Voz do Esporte<\/strong>. O\u00a0<strong>Briefing\u00a0<\/strong>chega para analisar ap\u00f3s o fim de cada dia de atividades nas redes sociais e na\u00a0<strong>GPTV<\/strong>.<\/p>\n\n\n\n<p class=\"wp-block-paragraph\">Al\u00e9m da cobertura completa das atividades, o&nbsp;<strong>GRANDE PR\u00caMIO<\/strong>&nbsp;tamb\u00e9m estar\u00e1 in loco em&nbsp;<strong>Silverstone&nbsp;<\/strong>com o rep\u00f3rter&nbsp;<strong>Leonid Kliuev<\/strong>.<\/p>\n\n\n\n<figure class=\"wp-block-table\"><table class=\"has-fixed-layout\"><tbody><tr><td><strong>Sess\u00e3o<\/strong><\/td><td><strong>BRA*<\/strong><\/td><td><strong>CBV<\/strong><\/td><td><strong>POR<\/strong><br><strong>ANG<\/strong><\/td><td><strong>MOZ<\/strong><\/td><\/tr><tr><td>Treino livre 1<\/td><td>08:30<\/td><td>10:30<\/td><td>12:30<\/td><td>13:30<\/td><\/tr><tr><td>Classifica\u00e7\u00e3o Sprint<\/td><td>12:30<\/td><td>14:30<\/td><td>16:30<\/td><td>17:30<\/td><\/tr><tr><td>Corrida Sprint<\/td><td>08:00<\/td><td>10:00<\/td><td>12:00<\/td><td>13:00<\/td><\/tr><tr><td>Classifica\u00e7\u00e3o<\/td><td>12:00<\/td><td>14:00<\/td><td>16:00<\/td><td>17:00<\/td><\/tr><tr><td>Corrida<\/td><td>11:00<\/td><td>13:00<\/td><td>15:00<\/td><td>16:00<\/td><\/tr><\/tbody><\/table><\/figure>\n\n\n\n<h2 class=\"wp-block-heading\"><strong>F1 hoje: saiba aqui as not\u00edcias mais importantes do dia da F\u00f3rmula 1<\/strong><\/h2>\n\n\n\n<p class=\"wp-block-paragraph\">A reda\u00e7\u00e3o do&nbsp;<strong>GRANDE PR\u00caMIO<\/strong>&nbsp;selecionou as not\u00edcias mais importantes das \u00faltimas horas para voc\u00ea ficar por dentro de tudo que acontece na F1.<\/p>\n\n\n\n<p class=\"wp-block-paragraph\">\u25b6\ufe0f <strong><a href=\"https:\/\/grandepremio.com\/br\/f1\/max-verstappen-relembra-2025-reflete-titulo-so-precisamos-ser-mais-completos\/\">Verstappen relembra 2025 e reflete sobre t\u00edtulo: \u201cS\u00f3 precisamos ser mais completos\u201d<\/a><\/strong><br><strong>\u25b6\ufe0f<\/strong> <strong><a href=\"https:\/\/grandepremio.com\/br\/f1\/mercedes-evolucao-red-bull-conta-max-verstappen-fator-max-f1-2026\/\">Mercedes bota evolu\u00e7\u00e3o da Red Bull na conta de Verstappen e cita \u201cfator Max\u201d na F1 2026<\/a><\/strong><br><strong><a href=\"https:\/\/grandepremio.com\/br\/f1\/ferrari-ignora-indireta-mercedes-ja-apronta-nova-atualizacao-inglaterra\/\">\u25b6\ufe0f<\/a><\/strong> <strong><a href=\"https:\/\/grandepremio.com\/br\/f1\/ferrari-ignora-indireta-mercedes-ja-apronta-nova-atualizacao-inglaterra\/\">Ferrari ignora indireta da Mercedes e j\u00e1 apronta nova atualiza\u00e7\u00e3o para Inglaterra<\/a><\/strong><br><strong><a href=\"https:\/\/grandepremio.com\/br\/f1\/lewis-hamilton-responde-punicao-max-verstappen-nao-passa-campeao-fora\/\">\u25b6\ufe0f<\/a><\/strong> <strong><a href=\"https:\/\/grandepremio.com\/br\/f1\/lewis-hamilton-responde-punicao-max-verstappen-nao-passa-campeao-fora\/\">Hamilton responde a Verstappen ap\u00f3s luta na \u00c1ustria: \u201cN\u00e3o se passa um campe\u00e3o por fora\u201d<\/a><\/strong><br>\u25b6\ufe0f <strong><a href=\"https:\/\/grandepremio.com\/br\/f1\/opiniao-gp-george-russell-vence-tenta-reabrir-disputa-mercedes-nao-esta-sozinha\/\">Opini\u00e3o GP: Russell vence e tenta reabrir disputa. Mas Mercedes n\u00e3o est\u00e1 sozinha<\/a><\/strong><\/p>\n","protected":false},"excerpt":{"rendered":"<p>Chefe da Audi, Allan McNish reconheceu que Gabriel tirou tudo o que p\u00f4de do carro na classifica\u00e7\u00e3o, mas pediu ao brasileiro que tamb\u00e9m pressione na corrida e n\u00e3o se contente com o 11\u00ba lugar<\/p>\n","protected":false},"author":4,"featured_media":1020307780,"comment_status":"closed","ping_status":"closed","sticky":false,"template":"","format":"standard","meta":{"42wp_featured_image_caption":"F1 2026, AUSTRIA, CLASSIFICA\u00c7\u00c3O, S\u00c1BADO, GABRIEL L\u00d3PEZ, AUDI, GABRIEL BORTOLETO, RETRATO, FANZONE","42wp_featured_image_credits":"F1 2026, AUSTRIA, CLASSIFICA\u00c7\u00c3O, S\u00c1BADO, GABRIEL L\u00d3PEZ, AUDI, GABRIEL BORTOLETO, RETRATO, FANZONE","42wp_featured_video":"","42wp_featured_image_hidden":false,"42wp_authors_list":[],"footnotes":""},"categories":[2],"tags":[4867,970,26271,5273,147,29516,29148,180,31425,28995,350,23783,1491,28285,30840,35129,31470],"42wp_author":[47165,47147],"class_list":["post-145795","post","type-post","status-publish","format-standard","has-post-thumbnail","hentry","category-f1","tag-allan-mcnish","tag-audi","tag-calendario-f1","tag-classificacao-f1","tag-f1","tag-f1-2026","tag-f1-hoje","tag-formula-1","tag-formula-1-2026","tag-formula-1-hoje","tag-gabriel-bortoleto","tag-gp-da-austria","tag-grande-premio","tag-grandepremio","tag-horarios-f1","tag-onde-assistir-f1","tag-temporada-2026-f1","42wp_author-leonid-kluiev","42wp_author-luana-marino"],"_links":{"self":[{"href":"https:\/\/grandepremio.com\/br\/wp-json\/wp\/v2\/posts\/145795","targetHints":{"allow":["GET"]}}],"collection":[{"href":"https:\/\/grandepremio.com\/br\/wp-json\/wp\/v2\/posts"}],"about":[{"href":"https:\/\/grandepremio.com\/br\/wp-json\/wp\/v2\/types\/post"}],"author":[{"embeddable":true,"href":"https:\/\/grandepremio.com\/br\/wp-json\/wp\/v2\/users\/4"}],"replies":[{"embeddable":true,"href":"https:\/\/grandepremio.com\/br\/wp-json\/wp\/v2\/comments?post=145795"}],"version-history":[{"count":4,"href":"https:\/\/grandepremio.com\/br\/wp-json\/wp\/v2\/posts\/145795\/revisions"}],"predecessor-version":[{"id":145813,"href":"https:\/\/grandepremio.com\/br\/wp-json\/wp\/v2\/posts\/145795\/revisions\/145813"}],"wp:featuredmedia":[{"embeddable":true,"href":"https:\/\/grandepremio.com\/br\/wp-json\/wp\/v2\/media\/1020307780"}],"wp:attachment":[{"href":"https:\/\/grandepremio.com\/br\/wp-json\/wp\/v2\/media?parent=145795"}],"wp:term":[{"taxonomy":"category","embeddable":true,"href":"https:\/\/grandepremio.com\/br\/wp-json\/wp\/v2\/categories?post=145795"},{"taxonomy":"post_tag","embeddable":true,"href":"https:\/\/grandepremio.com\/br\/wp-json\/wp\/v2\/tags?post=145795"},{"taxonomy":"42wp_author","embeddable":true,"href":"https:\/\/grandepremio.com\/br\/wp-json\/wp\/v2\/42wp_author?post=145795"}],"curies":[{"name":"wp","href":"https:\/\/api.w.org\/{rel}","templated":true}]}}