{"id":145833,"date":"2026-06-30T13:45:00","date_gmt":"2026-06-30T16:45:00","guid":{"rendered":"https:\/\/grandepremio.com\/br\/?p=145833"},"modified":"2026-06-30T13:49:33","modified_gmt":"2026-06-30T16:49:33","slug":"grande-premio-registra-novo-recorde-de-audiencia-com-24-horas-de-spa","status":"publish","type":"post","link":"https:\/\/grandepremio.com\/br\/endurance\/grande-premio-registra-novo-recorde-de-audiencia-com-24-horas-de-spa\/","title":{"rendered":"GRANDE PR\u00caMIO registra novo recorde de audi\u00eancia com 24 Horas de Spa"},"content":{"rendered":"\n<p class=\"wp-block-paragraph\">As <strong>24 Horas de Spa de 2026<\/strong> trazem um novo marco hist\u00f3rico de audi\u00eancia para o <strong>GRANDE PR\u00caMIO<\/strong>. Dados das plataformas digitais e dos canais FAST onde a GPTV est\u00e1 inclusa apontam que o evento como um todo foi assistido por mais de 3,7 milh\u00f5es de espectadores e gerou mais de 4,7 milh\u00f5es de visualiza\u00e7\u00f5es.<\/p>\n\n\n\n<p class=\"wp-block-paragraph\">Os n\u00fameros superam o alcan\u00e7ado pelas 24 Horas de N\u00fcrburgring, que tiveram <a href=\"https:\/\/grandepremio.com\/br\/endurance\/24-horas-de-nurburgring-superam-le-mans-novo-recorde-audiencia-grande-premio\/\">3,22 milh\u00f5es de visualiza\u00e7\u00f5es na aferi\u00e7\u00e3o feita \u00e0 \u00e9poca<\/a>, e passam a ser a etapa de automobilismo mais vista em streaming e FAST em territ\u00f3rio brasileiro.<\/p>\n\n\n\n<p class=\"wp-block-paragraph\">Componente do quarteto das principais corridas de longa dura\u00e7\u00e3o do mundo, junto com Daytona, N\u00fcrburgring e Le Mans, o evento na B\u00e9lgica foi transmitido com exclusividade pelo canal do <strong>GRANDE PR\u00caMIO<\/strong> entre quinta-feira e domingo, de 25 a 28 de junho, e teve uma caracter\u00edstica diferente em rela\u00e7\u00e3o a todos os outros anteriores: a principal plataforma para tamanha audi\u00eancia foi, de longe, o TikTok.<\/p>\n\n\n\n<p class=\"wp-block-paragraph\">Os n\u00fameros tamb\u00e9m levam em conta as transmiss\u00f5es em <strong>LG Channels<\/strong> (canal 811), <strong>TCL Channel <\/strong>(3510) e canais no YouTube do <a href=\"https:\/\/youtube.com\/@grandepremio\">@grandepremio<\/a> e da @<a href=\"https:\/\/youtube.com\/@GPTV\">GPTV<\/a>. Na semana passada, a GPTV estreou na <strong>Samsung TV Plus<\/strong>, cujos n\u00fameros ainda n\u00e3o foram contabilizados para esta aferi\u00e7\u00e3o.<\/p>\n\n\n\n<p class=\"wp-block-paragraph\">&#8220;A nova quebra de recorde representa, sinceramente, uma surpresa, j\u00e1 que a principal audi\u00eancia sempre veio do YouTube, que est\u00e1 completamente focado na Copa do Mundo e em um espec\u00edfico canal. Assim, houve uma migra\u00e7\u00e3o em massa para o TikTok para que o f\u00e3 de esporte a motor fosse devidamente impactado e pudesse acompanhar, de forma exclusiva, tudo que a excelente prova em Spa trouxe&#8221;, disse Victor Martins, Diretor Executivo do <strong>GRANDE PR\u00caMIO<\/strong>. <\/p>\n\n\n\n<p class=\"wp-block-paragraph\">Com mais de 1 milh\u00e3o de seguidores no TikTok, o GP e a GPTV se transformaram em refer\u00eancia mundial e \u00fanica de transmiss\u00f5es ao vivo de automobilismo e motociclismo. Mais de 22 mil pessoas passaram a seguir a conta por conta das 24 Horas de Spa.<\/p>\n\n\n\n<p class=\"wp-block-paragraph\">Ainda, as transmiss\u00f5es das 24 Horas de Le Mans e Spa trouxeram recordes de audi\u00eancia tamb\u00e9m no canal FAST e na GPTV no YouTube, registrando em junho o melhor m\u00eas em todas as plataformas.<\/p>\n\n\n\n<p class=\"wp-block-paragraph\">As 24 Horas de Spa tiveram vit\u00f3ria do trio da Porsche representado pelo austr\u00edaco Thomas Preining, pelo su\u00ed\u00e7o Ricardo Feller e pelo dinamarqu\u00eas Bastian Buus. A corrida foi transmitida pelos narradores Daniel Schattschneider, Matheus Pinheiro e Yuri Queiroga, com os coment\u00e1rios de Bruno Taiar, Gustavo Almeida e Gustavo Fernandes.<\/p>\n","protected":false},"excerpt":{"rendered":"<p>Evento tradicional na B\u00e9lgica registrou mais de 3,7 milh\u00f5es de espectadores e 4,7 milh\u00f5es de visualiza\u00e7\u00f5es, ultrapassando os n\u00fameros das 24 Horas de N\u00fcrburgring<\/p>\n","protected":false},"author":2,"featured_media":1020307767,"comment_status":"closed","ping_status":"closed","sticky":false,"template":"","format":"standard","meta":{"42wp_featured_image_caption":"24 Horas de Spa: novo recorde de audi\u00eancia no GRANDE PR\u00caMIO e na GPTV","42wp_featured_image_credits":"","42wp_featured_video":"","42wp_featured_image_hidden":false,"42wp_authors_list":[],"footnotes":""},"categories":[18],"tags":[4730,24836],"42wp_author":[],"class_list":["post-145833","post","type-post","status-publish","format-standard","has-post-thumbnail","hentry","category-endurance","tag-gptv","tag-grande-premio-2"],"_links":{"self":[{"href":"https:\/\/grandepremio.com\/br\/wp-json\/wp\/v2\/posts\/145833","targetHints":{"allow":["GET"]}}],"collection":[{"href":"https:\/\/grandepremio.com\/br\/wp-json\/wp\/v2\/posts"}],"about":[{"href":"https:\/\/grandepremio.com\/br\/wp-json\/wp\/v2\/types\/post"}],"author":[{"embeddable":true,"href":"https:\/\/grandepremio.com\/br\/wp-json\/wp\/v2\/users\/2"}],"replies":[{"embeddable":true,"href":"https:\/\/grandepremio.com\/br\/wp-json\/wp\/v2\/comments?post=145833"}],"version-history":[{"count":2,"href":"https:\/\/grandepremio.com\/br\/wp-json\/wp\/v2\/posts\/145833\/revisions"}],"predecessor-version":[{"id":145838,"href":"https:\/\/grandepremio.com\/br\/wp-json\/wp\/v2\/posts\/145833\/revisions\/145838"}],"wp:featuredmedia":[{"embeddable":true,"href":"https:\/\/grandepremio.com\/br\/wp-json\/wp\/v2\/media\/1020307767"}],"wp:attachment":[{"href":"https:\/\/grandepremio.com\/br\/wp-json\/wp\/v2\/media?parent=145833"}],"wp:term":[{"taxonomy":"category","embeddable":true,"href":"https:\/\/grandepremio.com\/br\/wp-json\/wp\/v2\/categories?post=145833"},{"taxonomy":"post_tag","embeddable":true,"href":"https:\/\/grandepremio.com\/br\/wp-json\/wp\/v2\/tags?post=145833"},{"taxonomy":"42wp_author","embeddable":true,"href":"https:\/\/grandepremio.com\/br\/wp-json\/wp\/v2\/42wp_author?post=145833"}],"curies":[{"name":"wp","href":"https:\/\/api.w.org\/{rel}","templated":true}]}}