{"id":145835,"date":"2026-06-30T15:24:48","date_gmt":"2026-06-30T18:24:48","guid":{"rendered":"https:\/\/grandepremio.com\/br\/?p=145835"},"modified":"2026-06-30T15:24:51","modified_gmt":"2026-06-30T18:24:51","slug":"williams-homenageia-vitorias-historicas-pintura-especial-gp-inglaterra","status":"publish","type":"post","link":"https:\/\/grandepremio.com\/br\/f1\/williams-homenageia-vitorias-historicas-pintura-especial-gp-inglaterra\/","title":{"rendered":"Williams homenageia vit\u00f3rias hist\u00f3ricas com pintura especial para GP da Inglaterra"},"content":{"rendered":"\n<p class=\"wp-block-paragraph\">Se a <strong>McLaren<\/strong> decidiu revolucionar completamente o <strong>MCL40<\/strong> para <a href=\"https:\/\/grandepremio.com\/br\/f1\/mclaren-presta-tributo-estreia-formula-1-anuncia-pintura-especial-gp-da-inglaterra\/\">recordar a primeira vit\u00f3ria da equipe na <strong>F\u00f3rmula 1<\/strong><\/a>, a <strong>Williams<\/strong> foi mais conservadora ao anunciar a pintura especial do <strong>GP da Inglaterra<\/strong> deste fim de semana, nona etapa da temporada 2026. Diante da pr\u00f3pria torcida, a escuderia inglesa espera voltar a pontuar no Mundial de Construtores, algo que n\u00e3o acontece desde o <strong>GP de M\u00f4naco<\/strong>.<\/p>\n\n\n\n<p class=\"wp-block-paragraph\">O time de <strong>Carlos Sainz<\/strong> e <strong>Alexander Albon<\/strong>, que conquistou oito vit\u00f3rias em <strong>Silverstone<\/strong> desde 1977, ano da funda\u00e7\u00e3o, decidiu manter o tradicional azul ao longo de toda a carroceria. A \u00fanica diferen\u00e7a est\u00e1 no bico do <strong>FW48<\/strong>, que recebeu detalhes em vermelho, branco e azul que remetem \u00e0 bandeira do <strong>Reino Unido<\/strong>.<\/p>\n\n\n\n<figure class=\"wp-block-image size-large\"><img loading=\"lazy\" decoding=\"async\" width=\"1024\" height=\"576\" src=\"https:\/\/grandepremio.com\/br\/wp-content\/uploads\/2026\/06\/williams-pintura-2-1-1024x576.jpg\" alt=\"\" class=\"wp-image-1020308038\" srcset=\"https:\/\/grandepremio.com\/wp-content\/uploads\/2026\/06\/williams-pintura-2-1-1024x576.jpg 1024w, https:\/\/grandepremio.com\/wp-content\/uploads\/2026\/06\/williams-pintura-2-1-300x169.jpg 300w, https:\/\/grandepremio.com\/wp-content\/uploads\/2026\/06\/williams-pintura-2-1-768x432.jpg 768w, https:\/\/grandepremio.com\/wp-content\/uploads\/2026\/06\/williams-pintura-2-1-1200x675.jpg 1200w, https:\/\/grandepremio.com\/wp-content\/uploads\/2026\/06\/williams-pintura-2-1-150x84.jpg 150w, https:\/\/grandepremio.com\/wp-content\/uploads\/2026\/06\/williams-pintura-2-1.jpg 1280w\" sizes=\"(max-width: 1024px) 100vw, 1024px\" \/><figcaption class=\"wp-element-caption\">Pintura especial da Williams para GP da Inglaterra (Foto: Williams)<\/figcaption><\/figure>\n\n\n\n<p class=\"wp-block-paragraph\">Os pilotos tamb\u00e9m v\u00e3o utilizar macac\u00f5es exclusivos com um design semelhante, assim como os membros da equipe que trabalham na pista, que contar\u00e3o com um uniforme especial. A ideia do time de Grove \u00e9 prestar homenagem a alguns dos maiores momentos no GP da Inglaterra, incluindo a 100\u00aa vit\u00f3ria da hist\u00f3ria da esquadra, conquistada por <strong>Jacques Villeneuve<\/strong> em 1997, e os tr\u00eas triunfos de <strong>Nigel Mansell<\/strong>.<\/p>\n\n\n\n<p class=\"wp-block-paragraph\">&#8220;Temos orgulho de representar as cores da Gr\u00e3-Bretanha neste fim de semana do GP da Inglaterra. Da nossa primeira \u00e0 100\u00aa vit\u00f3ria, Silverstone foi palco de alguns dos momentos mais ic\u00f4nicos da hist\u00f3ria da Williams, e n\u00e3o h\u00e1 nada no calend\u00e1rio da <strong>F1<\/strong> que se compare \u00e0 atmosfera da torcida em nossa corrida de casa&#8221;, disse <strong>James Vowles<\/strong>, chefe do time, ao site oficial da Williams.<\/p>\n\n\n\n<p class=\"wp-block-paragraph\">&#8220;Seja acompanhando das arquibancadas, apoiando na Fan Zone ou torcendo de casa, sentimos de verdade a energia dos f\u00e3s e a levaremos conosco durante todo o fim de semana&#8221;, encerrou.<\/p>\n\n\n\n<p class=\"wp-block-paragraph\">A F\u00f3rmula 1 volta de&nbsp;<strong>3 a 5 de julho<\/strong>&nbsp;com o&nbsp;<strong>GP da Inglaterra<\/strong>, em&nbsp;<strong>Silverstone<\/strong>, nona etapa da temporada 2026. O&nbsp;<strong>GRANDE PR\u00caMIO<\/strong>&nbsp;acompanha todas as atividades&nbsp;<a href=\"https:\/\/www.grandepremio.com\/br\/ao-vivo\/f1\/\">&nbsp;<strong>AO VIVO E EM&nbsp;<\/strong><\/a><strong><a href=\"https:\/\/www.grandepremio.com\/br\/ao-vivo\/\" target=\"_blank\" rel=\"noreferrer noopener\">TEMPO REAL<\/a><\/strong>,&nbsp;<a href=\"https:\/\/www.youtube.com\/@GrandePremio1\/streams\">com classifica\u00e7\u00e3o e corrida em&nbsp;<strong>SEGUNDA TELA&nbsp;<\/strong>no YouTube<\/a>, em parceria com a&nbsp;<strong>Voz do Esporte<\/strong>. O&nbsp;<strong>Briefing&nbsp;<\/strong>chega para analisar ap\u00f3s o fim de cada dia de atividades nas redes sociais e na&nbsp;<strong>GPTV<\/strong>.<\/p>\n\n\n\n<p class=\"wp-block-paragraph\">Al\u00e9m da cobertura completa das atividades, o&nbsp;<strong>GRANDE PR\u00caMIO<\/strong>&nbsp;tamb\u00e9m estar\u00e1 in loco em&nbsp;<strong>Silverstone&nbsp;<\/strong>com o rep\u00f3rter&nbsp;<strong>Leonid Kliuev<\/strong>.<\/p>\n\n\n\n<figure class=\"wp-block-table\"><table class=\"has-fixed-layout\"><tbody><tr><td><strong>Sess\u00e3o<\/strong><\/td><td><strong>BRA*<\/strong><\/td><td><strong>CBV<\/strong><\/td><td><strong>POR<\/strong><br><strong>ANG<\/strong><\/td><td><strong>MOZ<\/strong><\/td><\/tr><tr><td>Treino livre 1<\/td><td>08:30<\/td><td>10:30<\/td><td>12:30<\/td><td>13:30<\/td><\/tr><tr><td>Classifica\u00e7\u00e3o Sprint<\/td><td>12:30<\/td><td>14:30<\/td><td>16:30<\/td><td>17:30<\/td><\/tr><tr><td>Corrida Sprint<\/td><td>08:00<\/td><td>10:00<\/td><td>12:00<\/td><td>13:00<\/td><\/tr><tr><td>Classifica\u00e7\u00e3o<\/td><td>12:00<\/td><td>14:00<\/td><td>16:00<\/td><td>17:00<\/td><\/tr><tr><td>Corrida<\/td><td>11:00<\/td><td>13:00<\/td><td>15:00<\/td><td>16:00<\/td><\/tr><\/tbody><\/table><\/figure>\n\n\n\n<p class=\"wp-block-paragraph\"><em>*Hor\u00e1rio de Bras\u00edlia<\/em><\/p>\n\n\n\n<p class=\"wp-block-paragraph\">\u25b6\ufe0f <strong>F1:\u00a0<a href=\"https:\/\/www.grandepremio.com\/br\/f1\/calendario\/\">confira o calend\u00e1rio completo de 2026<\/a><\/strong><br>\u25b6\ufe0f <strong>Inscreva-se nos dois canais do GRANDE PR\u00caMIO no YouTube:\u00a0<a href=\"https:\/\/www.youtube.com\/channel\/UC9OlHEgxoaY6QY6nWPoiqQg?sub_confirmation=1\">GP<\/a>\u00a0|\u00a0<a href=\"https:\/\/www.youtube.com\/channel\/UC9csiS6q_C3C0FYhyr1rnFA?sub_confirmation=1\">GPTV<\/a><\/strong><\/p>\n\n\n\n<h2 class=\"wp-block-heading\"><strong>F1 hoje: saiba aqui as not\u00edcias mais importantes do dia da F\u00f3rmula 1<\/strong><\/h2>\n\n\n\n<p class=\"wp-block-paragraph\">A reda\u00e7\u00e3o do&nbsp;<strong>GRANDE PR\u00caMIO<\/strong>&nbsp;selecionou as not\u00edcias mais importantes das \u00faltimas horas para voc\u00ea ficar por dentro de tudo que acontece na F1.<\/p>\n\n\n\n<p class=\"wp-block-paragraph\">\u25b6\ufe0f <strong><a href=\"https:\/\/grandepremio.com\/br\/f1\/mclaren-celebra-briga-ferrari-opina-estrategia-lewis-hamilton-austria\/\">McLaren celebra briga com Ferrari e opina sobre estrat\u00e9gia de Hamilton na \u00c1ustria<br><\/a>\u25b6\ufe0f<\/strong> <strong><a href=\"https:\/\/grandepremio.com\/br\/f1\/gabriel-bortoleto-evolucao-audi-austria-novo-passo-gp-da-inglaterra\/\">Bortoleto v\u00ea evolu\u00e7\u00e3o da Audi na \u00c1ustria e projeta novo passo no GP da Inglaterra<\/a><\/strong><br>\u25b6\ufe0f <strong><a href=\"https:\/\/grandepremio.com\/br\/f1\/mclaren-divaga-max-verstappen-garante-nao-estamos-busca-pilotos\/\">McLaren desvia de Verstappen, mas v\u00ea equipe em alta: \u201cTelefone sempre toca\u201d<\/a><\/strong><br>\u25b6\ufe0f <strong><a href=\"https:\/\/grandepremio.com\/br\/f1\/adrian-newey-detalha-pacote-atualizacoes-aston-martin-projeta-grande-salto\/\">Newey detalha pacote de atualiza\u00e7\u00f5es da Aston Martin e projeta \u201cgrande salto\u201d<\/a><\/strong><\/p>\n","protected":false},"excerpt":{"rendered":"<p>Ao recordar momentos que marcaram a hist\u00f3ria da equipe na F\u00f3rmula 1, a Williams optou por mudan\u00e7as sutis na pintura do FW48 para o GP da Inglaterra deste fim de semana<\/p>\n","protected":false},"author":19,"featured_media":1020308039,"comment_status":"closed","ping_status":"closed","sticky":false,"template":"","format":"standard","meta":{"42wp_featured_image_caption":"williams-pintura (1)","42wp_featured_image_credits":"","42wp_featured_video":"","42wp_featured_image_hidden":false,"42wp_authors_list":[],"footnotes":""},"categories":[2],"tags":[5660,969,147,29516,642,160,180,47182,1505,1491,30103,28285,215],"42wp_author":[47160],"class_list":["post-145835","post","type-post","status-publish","format-standard","has-post-thumbnail","hentry","category-f1","tag-classificacao","tag-corrida","tag-f1","tag-f1-2026","tag-f1-ao-vivo","tag-f1-tv","tag-formula-1","tag-formula-1-2026-2","tag-gp-da-inglaterra","tag-grande-premio","tag-grande-premio-f1","tag-grandepremio","tag-williams","42wp_author-vicente-soella"],"_links":{"self":[{"href":"https:\/\/grandepremio.com\/br\/wp-json\/wp\/v2\/posts\/145835","targetHints":{"allow":["GET"]}}],"collection":[{"href":"https:\/\/grandepremio.com\/br\/wp-json\/wp\/v2\/posts"}],"about":[{"href":"https:\/\/grandepremio.com\/br\/wp-json\/wp\/v2\/types\/post"}],"author":[{"embeddable":true,"href":"https:\/\/grandepremio.com\/br\/wp-json\/wp\/v2\/users\/19"}],"replies":[{"embeddable":true,"href":"https:\/\/grandepremio.com\/br\/wp-json\/wp\/v2\/comments?post=145835"}],"version-history":[{"count":2,"href":"https:\/\/grandepremio.com\/br\/wp-json\/wp\/v2\/posts\/145835\/revisions"}],"predecessor-version":[{"id":145851,"href":"https:\/\/grandepremio.com\/br\/wp-json\/wp\/v2\/posts\/145835\/revisions\/145851"}],"wp:featuredmedia":[{"embeddable":true,"href":"https:\/\/grandepremio.com\/br\/wp-json\/wp\/v2\/media\/1020308039"}],"wp:attachment":[{"href":"https:\/\/grandepremio.com\/br\/wp-json\/wp\/v2\/media?parent=145835"}],"wp:term":[{"taxonomy":"category","embeddable":true,"href":"https:\/\/grandepremio.com\/br\/wp-json\/wp\/v2\/categories?post=145835"},{"taxonomy":"post_tag","embeddable":true,"href":"https:\/\/grandepremio.com\/br\/wp-json\/wp\/v2\/tags?post=145835"},{"taxonomy":"42wp_author","embeddable":true,"href":"https:\/\/grandepremio.com\/br\/wp-json\/wp\/v2\/42wp_author?post=145835"}],"curies":[{"name":"wp","href":"https:\/\/api.w.org\/{rel}","templated":true}]}}