{"id":145842,"date":"2026-06-30T14:58:57","date_gmt":"2026-06-30T17:58:57","guid":{"rendered":"https:\/\/grandepremio.com\/br\/?p=145842"},"modified":"2026-06-30T15:00:57","modified_gmt":"2026-06-30T18:00:57","slug":"mercedes-explica-erros-andrea-kimi-antonelli-austria-garante-nunca-mais-vai-acontecer","status":"publish","type":"post","link":"https:\/\/grandepremio.com\/br\/f1\/mercedes-explica-erros-andrea-kimi-antonelli-austria-garante-nunca-mais-vai-acontecer\/","title":{"rendered":"Mercedes explica erros de Antonelli na \u00c1ustria e garante: &#8220;Nunca mais vai acontecer&#8221;"},"content":{"rendered":"\n<p class=\"wp-block-paragraph\"><strong>Andrea Kimi Antonelli<\/strong> largou apenas na quarta coloca\u00e7\u00e3o no <strong>GP da \u00c1ustria<\/strong> e apesar de pressionar <strong>Max Verstappen<\/strong>, teve de se conformar com o terceiro lugar no <a href=\"https:\/\/grandepremio.com\/br\/f1\/george-russell-neutraliza-max-verstappen-vence-escaldante-gp-austria-gabriel-bortoleto-11o\/\">\u00faltimo domingo (28)<\/a>. Em entrevista acompanhada pelo <strong>GRANDE PR\u00caMIO<\/strong>, <strong>Toto Wolff<\/strong>, chefe da <strong>Mercedes<\/strong>, ressaltou que o italiano for\u00e7ou demais na primeira volta, o que custou a chance de vit\u00f3ria. O dirigente tamb\u00e9m destacou que o #12 nunca mais vai cometer o mesmo erro da classifica\u00e7\u00e3o, quando confundiu a sinaliza\u00e7\u00e3o das bandeiras amarelas.<\/p>\n\n\n\n<p class=\"wp-block-paragraph\">Antonelli <a href=\"https:\/\/grandepremio.com\/br\/f1\/andrea-kimi-antonelli-reconhece-erro-abortar-volta-bandeira-amarela-austria-uma-pena\/\">admitiu que interpretou errado a sinaliza\u00e7\u00e3o de bandeira amarela no local do acidente de Verstappen<\/a> e ficou com o quarto lugar no grid, enquanto <strong>George Russell<\/strong> conquistou a pole-position. Logo na primeira volta, o italiano tentou se recuperar, errou e caiu para quinto ap\u00f3s ser superado por Max. <\/p>\n\n\n\n<figure class=\"wp-block-embed is-type-video is-provider-youtube wp-block-embed-youtube wp-embed-aspect-16-9 wp-has-aspect-ratio\"><div class=\"wp-block-embed__wrapper\">\n<iframe loading=\"lazy\" title=\"RUSSELL SOBREVIVE NA BRIGA POR T\u00cdTULO DA F1 COM VIT\u00d3RIA NA \u00c1USTRIA OU \u00c9 POUCO? | Paddock GP\" width=\"500\" height=\"281\" src=\"https:\/\/www.youtube.com\/embed\/Sl9YI9fovuI?feature=oembed\" frameborder=\"0\" allow=\"accelerometer; autoplay; clipboard-write; encrypted-media; gyroscope; picture-in-picture; web-share\" referrerpolicy=\"strict-origin-when-cross-origin\" allowfullscreen><\/iframe>\n<\/div><\/figure>\n\n\n\n<p class=\"wp-block-paragraph\">Wolff explicou os erros do piloto do #12 e admitiu que custaram uma chance de vit\u00f3ria em Spielberg. O dirigente acredita que o jovem aprender\u00e1 rapidamente e que a confus\u00e3o durante as bandeiras amarelas na classifica\u00e7\u00e3o n\u00e3o vai se repetir.<\/p>\n\n\n\n<p class=\"wp-block-paragraph\">&#8220;Nas primeiras curvas, foi a\u00ed que a corrida se perdeu: ataque total, as freadas erradas nas curvas 1, 3 e 4. Mas como eu disse, \u00e9 exatamente isso que espero dele&#8221;, declarou o chefe da Mercedes em coletiva acompanhada pelo <strong>GP<\/strong>.<\/p>\n\n\n\n<figure class=\"wp-block-image size-large\"><img loading=\"lazy\" decoding=\"async\" width=\"1024\" height=\"576\" src=\"https:\/\/grandepremio.com\/br\/wp-content\/uploads\/2026\/06\/f1-2026-austria-sexta-treino-livre-gabriel-lopez-mercedes-kimi-antonelli-01-1024x576.jpg\" alt=\"F1 2026, AUSTRIA, GABRIEL L\u00d3PEZ, SEXTA, TREINO LIVRE, MERCEDES, KIMI ANTONELLI, CARRO\" class=\"wp-image-1020307554\" srcset=\"https:\/\/grandepremio.com\/wp-content\/uploads\/2026\/06\/f1-2026-austria-sexta-treino-livre-gabriel-lopez-mercedes-kimi-antonelli-01-1024x576.jpg 1024w, https:\/\/grandepremio.com\/wp-content\/uploads\/2026\/06\/f1-2026-austria-sexta-treino-livre-gabriel-lopez-mercedes-kimi-antonelli-01-300x169.jpg 300w, https:\/\/grandepremio.com\/wp-content\/uploads\/2026\/06\/f1-2026-austria-sexta-treino-livre-gabriel-lopez-mercedes-kimi-antonelli-01-768x432.jpg 768w, https:\/\/grandepremio.com\/wp-content\/uploads\/2026\/06\/f1-2026-austria-sexta-treino-livre-gabriel-lopez-mercedes-kimi-antonelli-01-1536x864.jpg 1536w, https:\/\/grandepremio.com\/wp-content\/uploads\/2026\/06\/f1-2026-austria-sexta-treino-livre-gabriel-lopez-mercedes-kimi-antonelli-01-1200x675.jpg 1200w, https:\/\/grandepremio.com\/wp-content\/uploads\/2026\/06\/f1-2026-austria-sexta-treino-livre-gabriel-lopez-mercedes-kimi-antonelli-01-150x84.jpg 150w, https:\/\/grandepremio.com\/wp-content\/uploads\/2026\/06\/f1-2026-austria-sexta-treino-livre-gabriel-lopez-mercedes-kimi-antonelli-01.jpg 1920w\" sizes=\"(max-width: 1024px) 100vw, 1024px\" \/><figcaption class=\"wp-element-caption\">Toto Wolff explicou erros de Kimi Antonelli na \u00c1ustria (Foto: Gabriel L\u00f3pez\/Grande Pr\u00eamio)<\/figcaption><\/figure>\n\n\n\n<p class=\"wp-block-paragraph\">&#8220;O que aconteceu na classifica\u00e7\u00e3o, n\u00e3o perceber se era uma bandeira amarela dupla ou simples, isso nunca mais vai acontecer na vida dele. Da mesma forma na corrida, Kimi s\u00f3 queria estar em pr\u00f3ximo de George, logo atr\u00e1s, e isso lhe custou uma ou duas posi\u00e7\u00f5es&#8221;, apontou.<\/p>\n\n\n\n<p class=\"wp-block-paragraph\">Wolff tamb\u00e9m explicou a estrat\u00e9gia de Antonelli no \u00faltimo stint do GP da \u00c1ustria e ressaltou que pararam o #12 no momento certo, j\u00e1 que havia o risco de sofrer um undercut de <strong>Oscar Piastri<\/strong>.<\/p>\n\n\n\n<p class=\"wp-block-paragraph\">&#8220;Quando vimos que era dif\u00edcil ganhar a posi\u00e7\u00e3o de Verstappen, e Lewis [Hamilton] j\u00e1 tinha ficado para tr\u00e1s, a estrat\u00e9gia era estender nosso stint. E deu certo. No final, cada volta a mais representava uma diferen\u00e7a de 0s2 no pneu, e foi por isso que Kimi estava t\u00e3o r\u00e1pido, porque os compostos dele eram simplesmente mais novos&#8221;, detalhou.<\/p>\n\n\n\n<p class=\"wp-block-paragraph\">&#8220;Ent\u00e3o, acho que foi a estrat\u00e9gia certa, e era o \u00faltimo momento para parar nos boxes, porque corr\u00edamos o risco de sofrer um undercut de Piastri. Quando Antonelli voltou \u00e0 pista, Oscar estava apenas 1s8 atr\u00e1s. Portanto, a estrat\u00e9gia funcionou bem&#8221;, finalizou.<\/p>\n\n\n\n<p class=\"wp-block-paragraph\">A F\u00f3rmula 1 volta de&nbsp;<strong>3 a 5 de julho<\/strong>&nbsp;com o&nbsp;<strong>GP da Inglaterra<\/strong>, em&nbsp;<strong>Silverstone<\/strong>, nona etapa da temporada 2026. O&nbsp;<strong>GRANDE PR\u00caMIO<\/strong>&nbsp;acompanha todas as atividades&nbsp;<a href=\"https:\/\/www.grandepremio.com\/br\/ao-vivo\/f1\/\">&nbsp;<strong>AO VIVO E EM&nbsp;<\/strong><\/a><strong><a href=\"https:\/\/www.grandepremio.com\/br\/ao-vivo\/\" target=\"_blank\" rel=\"noreferrer noopener\">TEMPO REAL<\/a><\/strong>,&nbsp;<a href=\"https:\/\/www.youtube.com\/@GrandePremio1\/streams\">com classifica\u00e7\u00e3o e corrida em&nbsp;<strong>SEGUNDA TELA&nbsp;<\/strong>no YouTube<\/a>, em parceria com a&nbsp;<strong>Voz do Esporte<\/strong>. O&nbsp;<strong>Briefing&nbsp;<\/strong>chega para analisar ap\u00f3s o fim de cada dia de atividades nas redes sociais e na&nbsp;<strong>GPTV<\/strong>.<\/p>\n\n\n\n<p class=\"wp-block-paragraph\">Al\u00e9m da cobertura completa das atividades, o&nbsp;<strong>GRANDE PR\u00caMIO<\/strong>&nbsp;tamb\u00e9m estar\u00e1 in loco em&nbsp;<strong>Silverstone&nbsp;<\/strong>com o rep\u00f3rter&nbsp;<strong>Leonid Kliuev<\/strong>.<\/p>\n\n\n\n<figure class=\"wp-block-table\"><table class=\"has-fixed-layout\"><tbody><tr><td><strong>Sess\u00e3o<\/strong><\/td><td><strong>BRA*<\/strong><\/td><td><strong>CBV<\/strong><\/td><td><strong>POR<\/strong><br><strong>ANG<\/strong><\/td><td><strong>MOZ<\/strong><\/td><\/tr><tr><td>Treino livre 1<\/td><td>08:30<\/td><td>10:30<\/td><td>12:30<\/td><td>13:30<\/td><\/tr><tr><td>Classifica\u00e7\u00e3o Sprint<\/td><td>12:30<\/td><td>14:30<\/td><td>16:30<\/td><td>17:30<\/td><\/tr><tr><td>Corrida Sprint<\/td><td>08:00<\/td><td>10:00<\/td><td>12:00<\/td><td>13:00<\/td><\/tr><tr><td>Classifica\u00e7\u00e3o<\/td><td>12:00<\/td><td>14:00<\/td><td>16:00<\/td><td>17:00<\/td><\/tr><tr><td>Corrida<\/td><td>11:00<\/td><td>13:00<\/td><td>15:00<\/td><td>16:00<\/td><\/tr><\/tbody><\/table><\/figure>\n\n\n\n<h2 class=\"wp-block-heading\"><strong>F1 hoje: saiba aqui as not\u00edcias mais importantes do dia da F\u00f3rmula 1<\/strong><\/h2>\n\n\n\n<p class=\"wp-block-paragraph\">A reda\u00e7\u00e3o do&nbsp;<strong>GRANDE PR\u00caMIO<\/strong>&nbsp;selecionou as not\u00edcias mais importantes das \u00faltimas horas para voc\u00ea ficar por dentro de tudo que acontece na F1.<\/p>\n\n\n\n<p class=\"wp-block-paragraph\">\u25b6\ufe0f <strong><a href=\"https:\/\/grandepremio.com\/br\/f1\/max-verstappen-relembra-2025-reflete-titulo-so-precisamos-ser-mais-completos\/\">Verstappen relembra 2025 e reflete sobre t\u00edtulo: \u201cS\u00f3 precisamos ser mais completos\u201d<\/a><\/strong><br>\u25b6\ufe0f <strong><a href=\"https:\/\/grandepremio.com\/br\/f1\/mercedes-evolucao-red-bull-conta-max-verstappen-fator-max-f1-2026\/\">Mercedes bota evolu\u00e7\u00e3o da Red Bull na conta de Verstappen e cita \u201cfator Max\u201d na F1 2026<\/a><\/strong><br>\u25b6\ufe0f <strong><a href=\"https:\/\/grandepremio.com\/br\/f1\/ferrari-ignora-indireta-mercedes-ja-apronta-nova-atualizacao-inglaterra\/\">Ferrari ignora indireta da Mercedes e j\u00e1 apronta nova atualiza\u00e7\u00e3o para Inglaterra<\/a><\/strong><br>\u25b6\ufe0f <strong><a href=\"https:\/\/grandepremio.com\/br\/f1\/lewis-hamilton-responde-punicao-max-verstappen-nao-passa-campeao-fora\/\">Hamilton responde a Verstappen ap\u00f3s luta na \u00c1ustria: \u201cN\u00e3o se passa um campe\u00e3o por fora\u201d<\/a><\/strong><br>\u25b6\ufe0f <strong><a href=\"https:\/\/grandepremio.com\/br\/f1\/opiniao-gp-george-russell-vence-tenta-reabrir-disputa-mercedes-nao-esta-sozinha\/\">Opini\u00e3o GP: Russell vence e tenta reabrir disputa. Mas Mercedes n\u00e3o est\u00e1 sozinha<\/a><\/strong><\/p>\n","protected":false},"excerpt":{"rendered":"<p>Em entrevista acompanhada pelo GRANDE PR\u00caMIO, Toto Wolff, chefe da Mercedes explicou que Andrea Kimi Antonelli for\u00e7ou demais na primeira volta do GP da \u00c1ustria, o que custou chance de vit\u00f3ria. Dirigente ressaltou que italiano n\u00e3o vai repetir os erros que cometeu em Spielberg<\/p>\n","protected":false},"author":21,"featured_media":1001065986,"comment_status":"closed","ping_status":"closed","sticky":false,"template":"","format":"standard","meta":{"42wp_featured_image_caption":"F1 2026, AUSTR\u00c1LIA, TOTO WOLFF, MERCEDES","42wp_featured_image_credits":"","42wp_featured_video":"","42wp_featured_image_hidden":false,"42wp_authors_list":[],"footnotes":""},"categories":[2],"tags":[27861,26271,5273,147,29516,29148,180,31425,28995,23783,40100,1491,28285,30840,82,35129,204,1763,4613,31470,150],"42wp_author":[47163,47165],"class_list":["post-145842","post","type-post","status-publish","format-standard","has-post-thumbnail","hentry","category-f1","tag-andrea-kimi-antonelli","tag-calendario-f1","tag-classificacao-f1","tag-f1","tag-f1-2026","tag-f1-hoje","tag-formula-1","tag-formula-1-2026","tag-formula-1-hoje","tag-gp-da-austria","tag-gp-da-austria-f1","tag-grande-premio","tag-grandepremio","tag-horarios-f1","tag-mercedes","tag-onde-assistir-f1","tag-red-bull","tag-red-bull-ring","tag-spielberg","tag-temporada-2026-f1","tag-toto-wolff","42wp_author-caio-cavalcante","42wp_author-leonid-kluiev"],"_links":{"self":[{"href":"https:\/\/grandepremio.com\/br\/wp-json\/wp\/v2\/posts\/145842","targetHints":{"allow":["GET"]}}],"collection":[{"href":"https:\/\/grandepremio.com\/br\/wp-json\/wp\/v2\/posts"}],"about":[{"href":"https:\/\/grandepremio.com\/br\/wp-json\/wp\/v2\/types\/post"}],"author":[{"embeddable":true,"href":"https:\/\/grandepremio.com\/br\/wp-json\/wp\/v2\/users\/21"}],"replies":[{"embeddable":true,"href":"https:\/\/grandepremio.com\/br\/wp-json\/wp\/v2\/comments?post=145842"}],"version-history":[{"count":2,"href":"https:\/\/grandepremio.com\/br\/wp-json\/wp\/v2\/posts\/145842\/revisions"}],"predecessor-version":[{"id":145845,"href":"https:\/\/grandepremio.com\/br\/wp-json\/wp\/v2\/posts\/145842\/revisions\/145845"}],"wp:featuredmedia":[{"embeddable":true,"href":"https:\/\/grandepremio.com\/br\/wp-json\/wp\/v2\/media\/1001065986"}],"wp:attachment":[{"href":"https:\/\/grandepremio.com\/br\/wp-json\/wp\/v2\/media?parent=145842"}],"wp:term":[{"taxonomy":"category","embeddable":true,"href":"https:\/\/grandepremio.com\/br\/wp-json\/wp\/v2\/categories?post=145842"},{"taxonomy":"post_tag","embeddable":true,"href":"https:\/\/grandepremio.com\/br\/wp-json\/wp\/v2\/tags?post=145842"},{"taxonomy":"42wp_author","embeddable":true,"href":"https:\/\/grandepremio.com\/br\/wp-json\/wp\/v2\/42wp_author?post=145842"}],"curies":[{"name":"wp","href":"https:\/\/api.w.org\/{rel}","templated":true}]}}