{"id":145852,"date":"2026-06-30T16:09:01","date_gmt":"2026-06-30T19:09:01","guid":{"rendered":"https:\/\/grandepremio.com\/br\/?p=145852"},"modified":"2026-06-30T16:11:15","modified_gmt":"2026-06-30T19:11:15","slug":"lewis-hamilton-espera-desvantagem-ferrari-nao-seja-tao-grande-inglaterra","status":"publish","type":"post","link":"https:\/\/grandepremio.com\/br\/f1\/lewis-hamilton-espera-desvantagem-ferrari-nao-seja-tao-grande-inglaterra\/","title":{"rendered":"Hamilton espera que desvantagem da Ferrari &#8220;n\u00e3o seja t\u00e3o grande&#8221; na Inglaterra"},"content":{"rendered":"\n<p class=\"wp-block-paragraph\">Ap\u00f3s o <a href=\"https:\/\/grandepremio.com\/br\/f1\/lewis-hamilton-fala-choque-realidade-austria-reconhece-precisamos-evoluir\/\">&#8220;choque de realidade&#8221;<\/a> com o desempenho da <strong>Ferrari<\/strong> no <strong>GP da \u00c1ustria<\/strong> <a href=\"https:\/\/grandepremio.com\/br\/f1\/george-russell-neutraliza-max-verstappen-vence-escaldante-gp-austria-gabriel-bortoleto-11o\/\">do \u00faltimo domingo (28)<\/a>, <strong>Lewis Hamilton<\/strong> admitiu que ainda n\u00e3o sabe o que esperar da <strong>SF-26<\/strong> em <strong>Silverstone<\/strong>. Em entrevista acompanhada pelo <strong>GRANDE PR\u00caMIO<\/strong>, o heptacampe\u00e3o mundial de <strong>F\u00f3rmula 1<\/strong> explicou que a pista que recebe o <strong>GP da Inglaterra<\/strong> pode representar mais um desafio para os pilotos em quest\u00e3o de recupera\u00e7\u00e3o de energia.<\/p>\n\n\n\n<p class=\"wp-block-paragraph\">O brit\u00e2nico venceu na <strong>Catalunha<\/strong> e esperava ter uma nova chance em <strong>Spielberg<\/strong>, uma vez que a escuderia de Maranello preparou melhorias e contou com a primeira atualiza\u00e7\u00e3o no motor de acordo com as regras do <strong>ADUO<\/strong>. O que aconteceu, por\u00e9m, foi bem diferente. Embora os carros vermelhos tenham sido competitivos na classifica\u00e7\u00e3o, ficaram distantes de igualar o ritmo de <strong>Mercedes<\/strong> e <strong>Red Bull<\/strong>, principalmente, contentando-se com um duelo particular contra a <strong>McLaren<\/strong>.<\/p>\n\n\n\n<figure class=\"wp-block-embed is-type-video is-provider-youtube wp-block-embed-youtube wp-embed-aspect-16-9 wp-has-aspect-ratio\"><div class=\"wp-block-embed__wrapper\">\n<iframe loading=\"lazy\" title=\"RUSSELL SOBREVIVE NA BRIGA POR T\u00cdTULO DA F1 COM VIT\u00d3RIA NA \u00c1USTRIA OU \u00c9 POUCO? | Paddock GP\" width=\"500\" height=\"281\" src=\"https:\/\/www.youtube.com\/embed\/Sl9YI9fovuI?feature=oembed\" frameborder=\"0\" allow=\"accelerometer; autoplay; clipboard-write; encrypted-media; gyroscope; picture-in-picture; web-share\" referrerpolicy=\"strict-origin-when-cross-origin\" allowfullscreen><\/iframe>\n<\/div><\/figure>\n\n\n\n<p class=\"wp-block-paragraph\">Devido \u00e0 falta de performance, Hamilton at\u00e9 arriscou uma estrat\u00e9gia de tr\u00eas paradas, o que n\u00e3o funcionou. No fim, cruzou a linha de chegada na quinta coloca\u00e7\u00e3o e longe do p\u00f3dio, com mais de 24s de desvantagem em rela\u00e7\u00e3o a <strong>Andrea Kimi Antonelli<\/strong>, que ocupou o terceiro lugar. O foco agora est\u00e1 em Silverstone, onde venceu pela \u00faltima vez em 2024, quando ainda vestia as cores das Flechas de Prata.<\/p>\n\n\n\n<p class=\"wp-block-paragraph\">&#8220;H\u00e1 muitas retas em Silverstone. Muitas retas, muitos lugares para acionar a bateria, mas poucos para recuperar energia. Talvez o d\u00e9ficit n\u00e3o seja t\u00e3o grande quanto aqui, n\u00e3o sei, mas h\u00e1 muitas retas. \u00c9 dif\u00edcil dizer&#8221;, disse Lewis em entrevista acompanhada pelo <strong>GP<\/strong>. &#8220;Espero que estejamos em uma situa\u00e7\u00e3o melhor e que, com o apoio dos torcedores, consigamos um desempenho ainda melhor&#8221;, seguiu.<\/p>\n\n\n\n<p class=\"wp-block-paragraph\">Ao ser questionado se a atualiza\u00e7\u00e3o no motor surtiu o efeito esperado na \u00c1ustria, o brit\u00e2nico explicou que foi dif\u00edcil analisar por causa da altitude de quase 700 metros. Embora n\u00e3o seja um fator t\u00e3o relevante quanto na <strong>Cidade do M\u00e9xico<\/strong>, por exemplo, ainda sim interfere no funcionamento do turbo e proporciona um desafio maior na quest\u00e3o do resfriamento da unidade de pot\u00eancia.<\/p>\n\n\n\n<p class=\"wp-block-paragraph\">&#8220;Estamos em altitude em rela\u00e7\u00e3o \u00e0 \u00faltima corrida. Como estamos em altitude, voc\u00ea n\u00e3o sente muito. Mas sou muito grato \u00e0 equipe por continuar se esfor\u00e7ando para dar esse primeiro passo. O pr\u00f3ximo passo precisa ser muito maior&#8221;, encerrou Hamilton.<\/p>\n\n\n\n<figure class=\"wp-block-image size-large\"><img loading=\"lazy\" decoding=\"async\" width=\"1024\" height=\"576\" src=\"https:\/\/grandepremio.com\/br\/wp-content\/uploads\/2026\/06\/f1-2026-austria-gabriel-lopez-sabado-classificacao-ferrari-lewis-hamilton-03-1024x576.jpg\" alt=\"F1 2026, AUSTRIA, CLASSIFICA\u00c7\u00c3O, S\u00c1BADO, GABRIEL L\u00d3PEZ, FERRARI, LEWIS HAMILTON, RETRATO, ROSTO\" class=\"wp-image-1020307821\" srcset=\"https:\/\/grandepremio.com\/wp-content\/uploads\/2026\/06\/f1-2026-austria-gabriel-lopez-sabado-classificacao-ferrari-lewis-hamilton-03-1024x576.jpg 1024w, https:\/\/grandepremio.com\/wp-content\/uploads\/2026\/06\/f1-2026-austria-gabriel-lopez-sabado-classificacao-ferrari-lewis-hamilton-03-300x169.jpg 300w, https:\/\/grandepremio.com\/wp-content\/uploads\/2026\/06\/f1-2026-austria-gabriel-lopez-sabado-classificacao-ferrari-lewis-hamilton-03-768x432.jpg 768w, https:\/\/grandepremio.com\/wp-content\/uploads\/2026\/06\/f1-2026-austria-gabriel-lopez-sabado-classificacao-ferrari-lewis-hamilton-03-1536x864.jpg 1536w, https:\/\/grandepremio.com\/wp-content\/uploads\/2026\/06\/f1-2026-austria-gabriel-lopez-sabado-classificacao-ferrari-lewis-hamilton-03-1200x675.jpg 1200w, https:\/\/grandepremio.com\/wp-content\/uploads\/2026\/06\/f1-2026-austria-gabriel-lopez-sabado-classificacao-ferrari-lewis-hamilton-03-150x84.jpg 150w, https:\/\/grandepremio.com\/wp-content\/uploads\/2026\/06\/f1-2026-austria-gabriel-lopez-sabado-classificacao-ferrari-lewis-hamilton-03.jpg 1920w\" sizes=\"(max-width: 1024px) 100vw, 1024px\" \/><figcaption class=\"wp-element-caption\">Lewis Hamilton espera que a Ferrari seja mais competitiva em Silverstone (Foto: Gabriel L\u00f3pez\/Grande Pr\u00eamio)<\/figcaption><\/figure>\n\n\n\n<p class=\"wp-block-paragraph\">A F\u00f3rmula 1 volta de&nbsp;<strong>3 a 5 de julho<\/strong>&nbsp;com o&nbsp;<strong>GP da Inglaterra<\/strong>, em&nbsp;<strong>Silverstone<\/strong>, nona etapa da temporada 2026. O&nbsp;<strong>GRANDE PR\u00caMIO<\/strong>&nbsp;acompanha todas as atividades&nbsp;<a href=\"https:\/\/www.grandepremio.com\/br\/ao-vivo\/f1\/\">&nbsp;<strong>AO VIVO E EM&nbsp;<\/strong><\/a><strong><a href=\"https:\/\/www.grandepremio.com\/br\/ao-vivo\/\" target=\"_blank\" rel=\"noreferrer noopener\">TEMPO REAL<\/a><\/strong>,&nbsp;<a href=\"https:\/\/www.youtube.com\/@GrandePremio1\/streams\">com classifica\u00e7\u00e3o e corrida em&nbsp;<strong>SEGUNDA TELA&nbsp;<\/strong>no YouTube<\/a>, em parceria com a&nbsp;<strong>Voz do Esporte<\/strong>. O&nbsp;<strong>Briefing&nbsp;<\/strong>chega para analisar ap\u00f3s o fim de cada dia de atividades nas redes sociais e na&nbsp;<strong>GPTV<\/strong>.<\/p>\n\n\n\n<p class=\"wp-block-paragraph\">Al\u00e9m da cobertura completa das atividades, o&nbsp;<strong>GRANDE PR\u00caMIO<\/strong>&nbsp;tamb\u00e9m estar\u00e1 in loco em&nbsp;<strong>Silverstone&nbsp;<\/strong>com o rep\u00f3rter&nbsp;<strong>Leonid Kliuev<\/strong>.<\/p>\n\n\n\n<figure class=\"wp-block-table\"><table class=\"has-fixed-layout\"><tbody><tr><td><strong>Sess\u00e3o<\/strong><\/td><td><strong>BRA*<\/strong><\/td><td><strong>CBV<\/strong><\/td><td><strong>POR<\/strong><br><strong>ANG<\/strong><\/td><td><strong>MOZ<\/strong><\/td><\/tr><tr><td>Treino livre 1<\/td><td>08:30<\/td><td>10:30<\/td><td>12:30<\/td><td>13:30<\/td><\/tr><tr><td>Classifica\u00e7\u00e3o Sprint<\/td><td>12:30<\/td><td>14:30<\/td><td>16:30<\/td><td>17:30<\/td><\/tr><tr><td>Corrida Sprint<\/td><td>08:00<\/td><td>10:00<\/td><td>12:00<\/td><td>13:00<\/td><\/tr><tr><td>Classifica\u00e7\u00e3o<\/td><td>12:00<\/td><td>14:00<\/td><td>16:00<\/td><td>17:00<\/td><\/tr><tr><td>Corrida<\/td><td>11:00<\/td><td>13:00<\/td><td>15:00<\/td><td>16:00<\/td><\/tr><\/tbody><\/table><\/figure>\n\n\n\n<p class=\"wp-block-paragraph\"><em>*Hor\u00e1rio de Bras\u00edlia<\/em><\/p>\n\n\n\n<p class=\"wp-block-paragraph\">\u25b6\ufe0f\u00a0<strong>F1:\u00a0<a href=\"https:\/\/www.grandepremio.com\/br\/f1\/calendario\/\">confira o calend\u00e1rio completo de 2026<\/a><\/strong><br>\u25b6\ufe0f\u00a0<strong>Inscreva-se nos dois canais do GRANDE PR\u00caMIO no YouTube:\u00a0<a href=\"https:\/\/www.youtube.com\/channel\/UC9OlHEgxoaY6QY6nWPoiqQg?sub_confirmation=1\">GP<\/a>\u00a0|\u00a0<a href=\"https:\/\/www.youtube.com\/channel\/UC9csiS6q_C3C0FYhyr1rnFA?sub_confirmation=1\">GPTV<\/a><\/strong><\/p>\n\n\n\n<h2 class=\"wp-block-heading\"><strong>F1 hoje: saiba aqui as not\u00edcias mais importantes do dia da F\u00f3rmula 1<\/strong><\/h2>\n\n\n\n<p class=\"wp-block-paragraph\">A reda\u00e7\u00e3o do&nbsp;<strong>GRANDE PR\u00caMIO<\/strong>&nbsp;selecionou as not\u00edcias mais importantes das \u00faltimas horas para voc\u00ea ficar por dentro de tudo que acontece na F1.<\/p>\n\n\n\n<p class=\"wp-block-paragraph\">\u25b6\ufe0f\u00a0<strong><a href=\"https:\/\/grandepremio.com\/br\/f1\/mclaren-celebra-briga-ferrari-opina-estrategia-lewis-hamilton-austria\/\">McLaren celebra briga com Ferrari e opina sobre estrat\u00e9gia de Hamilton na \u00c1ustria<br><\/a><\/strong>\u25b6\ufe0f\u00a0<strong><a href=\"https:\/\/grandepremio.com\/br\/f1\/gabriel-bortoleto-evolucao-audi-austria-novo-passo-gp-da-inglaterra\/\">Bortoleto v\u00ea evolu\u00e7\u00e3o da Audi na \u00c1ustria e projeta novo passo no GP da Inglaterra<\/a><\/strong><br>\u25b6\ufe0f\u00a0<strong><a href=\"https:\/\/grandepremio.com\/br\/f1\/mclaren-divaga-max-verstappen-garante-nao-estamos-busca-pilotos\/\">McLaren desvia de Verstappen, mas v\u00ea equipe em alta: \u201cTelefone sempre toca\u201d<\/a><\/strong><br>\u25b6\ufe0f\u00a0<strong><a href=\"https:\/\/grandepremio.com\/br\/f1\/adrian-newey-detalha-pacote-atualizacoes-aston-martin-projeta-grande-salto\/\">Newey detalha pacote de atualiza\u00e7\u00f5es da Aston Martin e projeta \u201cgrande salto\u201d<\/a><\/strong><\/p>\n","protected":false},"excerpt":{"rendered":"<p>Ao analisar o tra\u00e7ado de Silverstone e as dificuldades em quest\u00e3o de recupera\u00e7\u00e3o de energia, Lewis Hamilton falou sobre a possibilidade de a Ferrari ser mais competitiva por l\u00e1<\/p>\n","protected":false},"author":19,"featured_media":1020307931,"comment_status":"closed","ping_status":"closed","sticky":false,"template":"","format":"standard","meta":{"42wp_featured_image_caption":"F1 2026, AUSTRIA, CORRIDA, FERRARI, LEWIS HAMILTON, CARRO","42wp_featured_image_credits":"F1 2026, AUSTRIA, CORRIDA, FERRARI, LEWIS HAMILTON, CARRO","42wp_featured_video":"","42wp_featured_image_hidden":false,"42wp_authors_list":[],"footnotes":""},"categories":[2],"tags":[5660,969,147,29516,642,160,207,180,47182,1491,30103,28285,87],"42wp_author":[47165,47160],"class_list":["post-145852","post","type-post","status-publish","format-standard","has-post-thumbnail","hentry","category-f1","tag-classificacao","tag-corrida","tag-f1","tag-f1-2026","tag-f1-ao-vivo","tag-f1-tv","tag-ferrari","tag-formula-1","tag-formula-1-2026-2","tag-grande-premio","tag-grande-premio-f1","tag-grandepremio","tag-lewis-hamilton","42wp_author-leonid-kluiev","42wp_author-vicente-soella"],"_links":{"self":[{"href":"https:\/\/grandepremio.com\/br\/wp-json\/wp\/v2\/posts\/145852","targetHints":{"allow":["GET"]}}],"collection":[{"href":"https:\/\/grandepremio.com\/br\/wp-json\/wp\/v2\/posts"}],"about":[{"href":"https:\/\/grandepremio.com\/br\/wp-json\/wp\/v2\/types\/post"}],"author":[{"embeddable":true,"href":"https:\/\/grandepremio.com\/br\/wp-json\/wp\/v2\/users\/19"}],"replies":[{"embeddable":true,"href":"https:\/\/grandepremio.com\/br\/wp-json\/wp\/v2\/comments?post=145852"}],"version-history":[{"count":7,"href":"https:\/\/grandepremio.com\/br\/wp-json\/wp\/v2\/posts\/145852\/revisions"}],"predecessor-version":[{"id":145862,"href":"https:\/\/grandepremio.com\/br\/wp-json\/wp\/v2\/posts\/145852\/revisions\/145862"}],"wp:featuredmedia":[{"embeddable":true,"href":"https:\/\/grandepremio.com\/br\/wp-json\/wp\/v2\/media\/1020307931"}],"wp:attachment":[{"href":"https:\/\/grandepremio.com\/br\/wp-json\/wp\/v2\/media?parent=145852"}],"wp:term":[{"taxonomy":"category","embeddable":true,"href":"https:\/\/grandepremio.com\/br\/wp-json\/wp\/v2\/categories?post=145852"},{"taxonomy":"post_tag","embeddable":true,"href":"https:\/\/grandepremio.com\/br\/wp-json\/wp\/v2\/tags?post=145852"},{"taxonomy":"42wp_author","embeddable":true,"href":"https:\/\/grandepremio.com\/br\/wp-json\/wp\/v2\/42wp_author?post=145852"}],"curies":[{"name":"wp","href":"https:\/\/api.w.org\/{rel}","templated":true}]}}