{"id":14588,"date":"2025-11-28T09:34:28","date_gmt":"2025-11-28T12:34:28","guid":{"rendered":"https:\/\/grandepremio.com\/br\/noticias\/racing-bulls-tenta-cartada-final-muda-sozinha-atualizacoes-formula-1-gp-catar\/"},"modified":"2025-11-28T17:51:49","modified_gmt":"2025-11-28T20:51:49","slug":"racing-bulls-tenta-cartada-final-muda-sozinha-atualizacoes-formula-1-gp-catar","status":"publish","type":"post","link":"https:\/\/grandepremio.com\/br\/f1\/racing-bulls-tenta-cartada-final-muda-sozinha-atualizacoes-formula-1-gp-catar\/","title":{"rendered":"Racing Bulls tenta cartada final e muda sozinha: atualiza\u00e7\u00f5es da F1 no GP do Catar"},"content":{"rendered":"\n<p class=\"wp-block-paragraph\">A <strong>Racing Bulls<\/strong> \u00e9 a \u00fanica equipe do grid da <strong>F\u00f3rmula 1<\/strong> que apresentou atualiza\u00e7\u00e3o t\u00e9cnica para o <strong>GP do Catar<\/strong>, conforme o documento oficial de submiss\u00e3o de pe\u00e7as publicado pela <strong>Federa\u00e7\u00e3o Internacional de Automobilismo (FIA)<\/strong> nesta sexta-feira (28). O time de Faenza levou uma modifica\u00e7\u00e3o opcional para o flap da asa dianteira, solu\u00e7\u00e3o pensada especificamente para ampliar a faixa de acerto do carro no desafiador curcuito de <strong>Lusail<\/strong>.<\/p>\n\n\n\n<p class=\"wp-block-paragraph\">O novo elemento aerodin\u00e2mico \u2014 chamado <em>gurney flap<\/em> \u2014 da Racing Bulls busca gerar maior carga frontal e ajustar o equil\u00edbrio em curvas de m\u00e9dia e alta velocidade, pontos cr\u00edticos em Lusail. Segundo a descri\u00e7\u00e3o t\u00e9cnica enviada \u00e0 FIA, o flap opcional amplia a capacidade de o carro gerar downforce sem altera\u00e7\u00f5es estruturais maiores, oferecendo flexibilidade para responder \u00e0s demandas do circuito. Trata-se de um ajuste fino, mas significativo, em um fim de semana onde a frente do carro costuma ser especialmente exigida.<\/p>\n\n\n\n<p class=\"wp-block-paragraph\">A atualiza\u00e7\u00e3o chega em uma prova que j\u00e1 teve mudan\u00e7as importantes por parte da organiza\u00e7\u00e3o e da pr\u00f3pria FIA. Para reduzir abusos de limites de pista, <a href=\"https:\/\/www.grandepremio.com\/br\/f1\/noticias\/fia-promove-mudancas-pista-lusail-evitar-festival-punicoes-gp-catar\/\">o tra\u00e7ado de Lusail recebeu novas faixas de brita<\/a> nos arredores das curvas 6, 10 e 16, al\u00e9m da amplia\u00e7\u00e3o da \u00e1rea externa da curva 14. A medida busca punir naturalmente quem passa do limite, reduzindo a depend\u00eancia da fiscaliza\u00e7\u00e3o por c\u00e2meras e excesso de puni\u00e7\u00f5es \u2014 problema recorrente em anos anteriores.<\/p>\n\n\n\n<p class=\"wp-block-paragraph\">Al\u00e9m dos ajustes no tra\u00e7ado, a prova tem outra medida significativa:&nbsp;<a href=\"https:\/\/www.grandepremio.com\/br\/f1\/noticias\/pirelli-confirma-numero-maximo-voltas-jogo-pneu-fim-semana-catar\/\">a volta do limite de 25 voltas por jogo de pneus<\/a>. Em 2023, a regra foi criada por preocupa\u00e7\u00f5es que a altura das zebras danificasse os compostos. Em 2024, houve somente uma recomenda\u00e7\u00e3o, mas as equipes, por motivos estrat\u00e9gicos, cumpriram quilometragens al\u00e9m do recomendado. Na pr\u00e1tica, a obrigatoriedade for\u00e7a uma prova de pelo menos duas paradas neste domingo (30).<\/p>\n\n\n\n<figure class=\"wp-block-image size-large\"><img decoding=\"async\" src=\"https:\/\/www.grandepremio.com\/br\/wp-content\/uploads\/2025\/11\/las-vegas-2025-f1-treinos-livres-racing-bulls-liam-lawson-01-2-1200x800.jpg\" alt=\"\" class=\"wp-image-1036342\"\/><figcaption class=\"wp-element-caption\">Racing Bulls aposta em mudan\u00e7a na asa dianteira para GP do Catar (Foto: Red Bull Content Pool)<\/figcaption><\/figure>\n\n\n\n<p class=\"wp-block-paragraph\">O cen\u00e1rio t\u00e9cnico refor\u00e7a a abordagem conservadora adotada pela maior parte do pelot\u00e3o. Nenhuma das outras nove equipes \u2014 <strong>Ferrari<\/strong>, <strong>Red Bull<\/strong>, <strong>Mercedes<\/strong>, <strong>McLaren<\/strong>, <strong>Aston Martin<\/strong>, <strong>Alpine<\/strong>, <strong>Haas<\/strong>, <strong>Williams <\/strong>e <strong>Sauber<\/strong> \u2014 apresentou novas pe\u00e7as, algo incomum, mas compreens\u00edvel diante da reta final do campeonato e o formato sprint do fim de semana, que limita tempo de pista para testar modifica\u00e7\u00f5es.<\/p>\n\n\n\n<p class=\"wp-block-paragraph\">A&nbsp;<strong><a href=\"https:\/\/www.grandepremio.com\/br\/f1\/\" target=\"_blank\" rel=\"noreferrer noopener\"><\/a><a href=\"https:\/\/www.grandepremio.com\/br\/f1\/\" target=\"_blank\" rel=\"noreferrer noopener\">F\u00f3rmula 1<\/a><\/strong>&nbsp;retorna neste fim de semana, de 28 a 30 de novembro, com o GP do Catar, 23\u00aa etapa da temporada 2025. O&nbsp;<strong>GRANDE PR\u00caMIO<\/strong>&nbsp;acompanha todas as atividades<a href=\"https:\/\/www.grandepremio.com\/br\/ao-vivo\/f1\/\">&nbsp;<strong>AO VIVO E EM&nbsp;<\/strong><\/a><strong><a href=\"https:\/\/www.grandepremio.com\/br\/ao-vivo\/\" target=\"_blank\" rel=\"noreferrer noopener\">TEMPO REAL<\/a><\/strong>,&nbsp;<a href=\"https:\/\/www.youtube.com\/@GrandePremio1\/streams\">al\u00e9m de classifica\u00e7\u00f5es e corridas em&nbsp;<strong>SEGUNDA TELA&nbsp;<\/strong>no YouTube<\/a>, em parceria com a&nbsp;<strong>Voz do Esporte<\/strong>. O&nbsp;<strong>Briefing&nbsp;<\/strong>chega para analisar ap\u00f3s o fim de cada dia de atividades nas redes sociais e na&nbsp;<strong>GPTV<\/strong>.<\/p>\n\n\n\n<p class=\"wp-block-paragraph\">Al\u00e9m da cobertura tradicional, o<strong>&nbsp;GRANDE PR\u00caMIO<\/strong>&nbsp;estar\u00e1&nbsp;<strong>IN LOCO<\/strong>&nbsp;em&nbsp;<strong><a href=\"https:\/\/www.grandepremio.com\/br\/circuito\/lusail\/\" target=\"_blank\" rel=\"noreferrer noopener\">Lusail<\/a><\/strong>&nbsp;para acompanhar todas as emo\u00e7\u00f5es da etapa com o rep\u00f3rter&nbsp;<strong>Leonid Kliuev<\/strong>.<\/p>\n\n\n\n<p class=\"wp-block-paragraph\"><strong>GP do Catar de F1: veja os hor\u00e1rios em Brasil, Cabo Verde,&nbsp;<a href=\"https:\/\/grandepremio.pt\/\" target=\"_blank\" rel=\"noreferrer noopener\">Portugal<\/a>, Angola e Mo\u00e7ambique:<\/strong><\/p>\n\n\n\n<figure class=\"wp-block-table\"><table class=\"has-fixed-layout\"><tbody><tr><td><strong>Sess\u00e3o<\/strong><\/td><td><strong>BRA*<\/strong><\/td><td><strong>CBV<\/strong><\/td><td><strong>POR<\/strong><br><strong>ANG<\/strong><\/td><td><strong>MOZ<\/strong><\/td><\/tr><tr><td>Treino livre<\/td><td>10:30<\/td><td>12:30<\/td><td>14:30<\/td><td>15:30<\/td><\/tr><tr><td>Classifica\u00e7\u00e3o sprint<\/td><td>14:30<\/td><td>16:30<\/td><td>18:30<\/td><td>19:30<\/td><\/tr><tr><td>Corrida sprint<\/td><td>11:00<\/td><td>13:00<\/td><td>15:00<\/td><td>16:00<\/td><\/tr><tr><td>Classifica\u00e7\u00e3o<\/td><td>15:00<\/td><td>17:00<\/td><td>19:00<\/td><td>20:00<\/td><\/tr><tr><td>Corrida<\/td><td>13:00<\/td><td>15:00<\/td><td>17:00<\/td><td>18:00<\/td><\/tr><\/tbody><\/table><\/figure>\n\n\n\n<p class=\"wp-block-paragraph\"><em>*Hor\u00e1rio de Bras\u00edlia<\/em><\/p>\n\n\n\n<p class=\"wp-block-paragraph\">\u25b6\ufe0f&nbsp;<strong>Onde assistir F1?&nbsp;<a href=\"https:\/\/www.grandepremio.com\/br\/programacao-tv\/noticias\/onde-assistir-corridas-fim-de-semana-tv-e-streaming-20-a-23-de-novembro\/\">Veja aqui todas as informa\u00e7\u00f5es<\/a><\/strong><br>\u25b6\ufe0f&nbsp;<strong>F1: faltam quantas corridas?&nbsp;<a href=\"https:\/\/www.grandepremio.com\/br\/f1\/calendario\/\" target=\"_blank\" rel=\"noreferrer noopener\">Veja o calend\u00e1rio da F1<\/a><\/strong><br>\u25b6\ufe0f&nbsp;<strong>Inscreva-se nos dois canais do GRANDE PR\u00caMIO no YouTube:&nbsp;<a href=\"https:\/\/www.youtube.com\/channel\/UC9OlHEgxoaY6QY6nWPoiqQg?sub_confirmation=1\" target=\"_blank\" rel=\"noreferrer noopener\">GP<\/a>&nbsp;|&nbsp;<a href=\"https:\/\/www.youtube.com\/channel\/UC9csiS6q_C3C0FYhyr1rnFA?sub_confirmation=1\" target=\"_blank\" rel=\"noreferrer noopener\">GP2<\/a><\/strong><\/p>\n\n\n\n<figure class=\"wp-block-embed is-type-video is-provider-youtube wp-block-embed-youtube wp-embed-aspect-16-9 wp-has-aspect-ratio\"><div class=\"wp-block-embed__wrapper\">\n<iframe loading=\"lazy\" title=\"NORRIS E PIASTRI LIVRES PARA BRIGAR, NEWEY CHEFE DA ASTON MARTIN E TUDO SOBRE O GP DO CATAR! | WGP\" width=\"500\" height=\"281\" src=\"https:\/\/www.youtube.com\/embed\/h-xUlBo1jeg?feature=oembed\" frameborder=\"0\" allow=\"accelerometer; autoplay; clipboard-write; encrypted-media; gyroscope; picture-in-picture; web-share\" referrerpolicy=\"strict-origin-when-cross-origin\" allowfullscreen><\/iframe>\n<\/div><\/figure>\n","protected":false},"excerpt":{"rendered":"<p>Racing Bulls leva flap modificado na asa dianteira para aumentar equil\u00edbrio do carro. Nenhuma das outras nove equipes levou novos componentes para Lusail<\/p>\n","protected":false},"author":0,"featured_media":1001036787,"comment_status":"closed","ping_status":"closed","sticky":false,"template":"","format":"standard","meta":{"42wp_featured_image_caption":"","42wp_featured_image_credits":"","42wp_featured_video":"","42wp_featured_image_hidden":false,"42wp_authors_list":[],"footnotes":""},"categories":[2],"tags":[20491,309,26271,1113,5273,147,3630,207,180,3628,600,41740,1491,28285,119,30840,31014,43265,36668,90,82,35129,38179,204,1197,42001,215],"42wp_author":[47164],"class_list":["post-14588","post","type-post","status-publish","format-standard","has-post-thumbnail","hentry","category-f1","tag-alpine","tag-aston-martin","tag-calendario-f1","tag-catar","tag-classificacao-f1","tag-f1","tag-f1-2025","tag-ferrari","tag-formula-1","tag-formula-1-2025","tag-gp-do-catar","tag-gp-do-catar-f1","tag-grande-premio","tag-grandepremio","tag-haas","tag-horarios-f1","tag-lusail","tag-lusail-2025","tag-lusail-f1","tag-mclaren","tag-mercedes","tag-onde-assistir-f1","tag-racing-bulls","tag-red-bull","tag-sauber","tag-temporada-2025-f1","tag-williams","42wp_author-marcos-gil-ribeiro"],"_links":{"self":[{"href":"https:\/\/grandepremio.com\/br\/wp-json\/wp\/v2\/posts\/14588","targetHints":{"allow":["GET"]}}],"collection":[{"href":"https:\/\/grandepremio.com\/br\/wp-json\/wp\/v2\/posts"}],"about":[{"href":"https:\/\/grandepremio.com\/br\/wp-json\/wp\/v2\/types\/post"}],"replies":[{"embeddable":true,"href":"https:\/\/grandepremio.com\/br\/wp-json\/wp\/v2\/comments?post=14588"}],"version-history":[{"count":0,"href":"https:\/\/grandepremio.com\/br\/wp-json\/wp\/v2\/posts\/14588\/revisions"}],"wp:featuredmedia":[{"embeddable":true,"href":"https:\/\/grandepremio.com\/br\/wp-json\/wp\/v2\/media\/1001036787"}],"wp:attachment":[{"href":"https:\/\/grandepremio.com\/br\/wp-json\/wp\/v2\/media?parent=14588"}],"wp:term":[{"taxonomy":"category","embeddable":true,"href":"https:\/\/grandepremio.com\/br\/wp-json\/wp\/v2\/categories?post=14588"},{"taxonomy":"post_tag","embeddable":true,"href":"https:\/\/grandepremio.com\/br\/wp-json\/wp\/v2\/tags?post=14588"},{"taxonomy":"42wp_author","embeddable":true,"href":"https:\/\/grandepremio.com\/br\/wp-json\/wp\/v2\/42wp_author?post=14588"}],"curies":[{"name":"wp","href":"https:\/\/api.w.org\/{rel}","templated":true}]}}