{"id":14590,"date":"2025-11-28T04:30:00","date_gmt":"2025-11-28T07:30:00","guid":{"rendered":"https:\/\/grandepremio.com\/br\/noticias\/lance-stroll-exalta-adrian-newey-novo-chefe-aston-martin-f1-extrai-maximo-todos\/"},"modified":"2025-11-27T18:43:44","modified_gmt":"2025-11-27T21:43:44","slug":"lance-stroll-exalta-adrian-newey-novo-chefe-aston-martin-f1-extrai-maximo-todos","status":"publish","type":"post","link":"https:\/\/grandepremio.com\/br\/f1\/lance-stroll-exalta-adrian-newey-novo-chefe-aston-martin-f1-extrai-maximo-todos\/","title":{"rendered":"Stroll exalta Newey como novo chefe da Aston Martin na F1: &#8220;Extrai o m\u00e1ximo de todos&#8221;"},"content":{"rendered":"\n<p class=\"wp-block-paragraph\">Assim como <strong>Fernando Alonso<\/strong> <a href=\"https:\/\/www.grandepremio.com\/br\/f1\/noticias\/fernando-alonso-aprova-escolha-adrian-newey-diz-busca-desempenho-sera-mais-extrema\/\">j\u00e1 havia feito<\/a>, <strong>Lance Stroll<\/strong> tamb\u00e9m aprovou a decis\u00e3o da <strong>Aston Martin<\/strong> de colocar <strong>Adrian Newey<\/strong> na fun\u00e7\u00e3o de chefe de equipe a partir da temporada 2026 da <strong>F\u00f3rmula 1<\/strong>. O canadense explicou como tem sido a rela\u00e7\u00e3o entre eles at\u00e9 aqui e afirmou que o projetista sempre est\u00e1 focado em &#8220;extrair o m\u00e1ximo de todos&#8221; que trabalham no desenvolvimento do carro.<\/p>\n\n\n\n<p class=\"wp-block-paragraph\">A escuderia brit\u00e2nica pegou o mundo do esporte a motor de surpresa na \u00faltima quarta-feira (26)\u00a0<a href=\"https:\/\/www.grandepremio.com\/br\/f1\/noticias\/aston-martin-surpreende-anuncia-adrian-newey-novo-chefe-equipe-formula-1\/\">ao anunciar o &#8216;Mago da Aerodin\u00e2mica&#8217; como substituto de\u00a0<strong>Andy Cowell<\/strong><\/a>\u00a0no posto de comando. Contratado em 2024 para ajudar no design do\u00a0<strong>AMR26<\/strong>, modelo que vai competir sob o novo regulamento da categoria, o engenheiro de 66 anos agora vai desempenhar um cargo in\u00e9dito na long\u00ednqua carreira.<\/p>\n\n\n\n<p class=\"wp-block-paragraph\">Desta forma, Newey agora ampliar\u00e1 a atua\u00e7\u00e3o no time de Silverstone e comandar\u00e1 n\u00e3o s\u00f3 o processo de constru\u00e7\u00e3o do novo b\u00f3lido, mas tamb\u00e9m as opera\u00e7\u00f5es de pista. E Stroll realmente gostou da escolha, j\u00e1 que, de acordo com o <strong>#18<\/strong>, o engenheiro \u00e9 o nome certo para ajudar a Aston Martin a dar o pr\u00f3ximo passo no objetivo de se tornar uma das principais for\u00e7as da <strong>F1<\/strong>.<\/p>\n\n\n\n<p class=\"wp-block-paragraph\">&#8220;Adrian \u00e9 respons\u00e1vel pelo design do carro, mas tamb\u00e9m est\u00e1 fortemente envolvido na cultura da equipe e em extrair o m\u00e1ximo de todos que contribuem para construir o carro&#8221;, disse o canadense aos rep\u00f3rteres no <strong>Catar<\/strong>. &#8220;\u00c9 um neg\u00f3cio guiado por desempenho, e Adrian \u00e9 totalmente focado em desempenho. Ent\u00e3o acho que isso \u00e9 positivo&#8221;, continuou.<\/p>\n\n\n\n<figure class=\"wp-block-image size-large\"><img decoding=\"async\" src=\"https:\/\/www.grandepremio.com\/br\/wp-content\/uploads\/2025\/11\/catar-2025-f1-quinta-feira-aston-martin-lance-stroll-01-1200x800.jpg\" alt=\"\" class=\"wp-image-1037735\"\/><figcaption class=\"wp-element-caption\">Lance Stroll aprovou a escolha por Adrian Newey para ser chefe de equipe (Foto: Aston Martin)<\/figcaption><\/figure>\n\n\n\n<p class=\"wp-block-paragraph\">\u25b6\ufe0f <strong>Onde assistir F1?\u00a0<a href=\"https:\/\/www.grandepremio.com\/br\/programacao-tv\/noticias\/onde-assistir-corridas-fim-de-semana-tv-e-streaming-20-a-23-de-novembro\/\">Veja aqui todas as informa\u00e7\u00f5es<\/a><\/strong><br>\u25b6\ufe0f <strong>F1: faltam quantas corridas?\u00a0<a href=\"https:\/\/www.grandepremio.com\/br\/f1\/calendario\/\" target=\"_blank\" rel=\"noreferrer noopener\">Veja o calend\u00e1rio da F1<\/a><\/strong><br>\u25b6\ufe0f <strong>Inscreva-se nos dois canais do GRANDE PR\u00caMIO no YouTube:\u00a0<a href=\"https:\/\/www.youtube.com\/channel\/UC9OlHEgxoaY6QY6nWPoiqQg?sub_confirmation=1\" target=\"_blank\" rel=\"noreferrer noopener\">GP<\/a>\u00a0|\u00a0<a href=\"https:\/\/www.youtube.com\/channel\/UC9csiS6q_C3C0FYhyr1rnFA?sub_confirmation=1\" target=\"_blank\" rel=\"noreferrer noopener\">GP2<\/a><\/strong><\/p>\n\n\n\n<p class=\"wp-block-paragraph\">Al\u00e9m disso, Lance foi questionado sobre como tem sido o relacionamento com Newey desde que o projetista desembarcou na equipe. &#8220;Conversamos sobre o que eu gosto no carro. Mas o carro do pr\u00f3ximo ano \u00e9 um tipo completamente diferente&#8221;, apontou.<\/p>\n\n\n\n<p class=\"wp-block-paragraph\">&#8220;Ent\u00e3o, no fim das contas, tudo se resume a construir o carro de corrida mais r\u00e1pido poss\u00edvel e, quando chegamos \u00e0 pista e pilotamos, a\u00ed a conversa passa a ser sobre o equil\u00edbrio e as limita\u00e7\u00f5es&#8221;, concluiu.<\/p>\n\n\n\n<p class=\"wp-block-paragraph\">A&nbsp;<strong><a href=\"https:\/\/www.grandepremio.com\/br\/f1\/\" target=\"_blank\" rel=\"noreferrer noopener\"><\/a><a href=\"https:\/\/www.grandepremio.com\/br\/f1\/\" target=\"_blank\" rel=\"noreferrer noopener\">F\u00f3rmula 1<\/a><\/strong>&nbsp;retorna neste fim de semana, de 28 a 30 de novembro, com o GP do Catar, 23\u00aa etapa da temporada 2025. O&nbsp;<strong>GRANDE PR\u00caMIO<\/strong>&nbsp;acompanha todas as atividades<a href=\"https:\/\/www.grandepremio.com\/br\/ao-vivo\/f1\/\">&nbsp;<strong>AO VIVO E EM&nbsp;<\/strong><\/a><strong><a href=\"https:\/\/www.grandepremio.com\/br\/ao-vivo\/\" target=\"_blank\" rel=\"noreferrer noopener\">TEMPO REAL<\/a><\/strong>,&nbsp;<a href=\"https:\/\/www.youtube.com\/@GrandePremio1\/streams\">al\u00e9m de classifica\u00e7\u00f5es e corridas em&nbsp;<strong>SEGUNDA TELA&nbsp;<\/strong>no YouTube<\/a>, em parceria com a&nbsp;<strong>Voz do Esporte<\/strong>. O&nbsp;<strong>Briefing&nbsp;<\/strong>chega para analisar ap\u00f3s o fim de cada dia de atividades nas redes sociais e na&nbsp;<strong>GPTV<\/strong>.<\/p>\n\n\n\n<p class=\"wp-block-paragraph\">Al\u00e9m da cobertura tradicional, o<strong>&nbsp;GRANDE PR\u00caMIO<\/strong>&nbsp;estar\u00e1&nbsp;<strong>IN LOCO<\/strong>&nbsp;em&nbsp;<strong><a href=\"https:\/\/www.grandepremio.com\/br\/circuito\/lusail\/\" target=\"_blank\" rel=\"noreferrer noopener\">Lusail<\/a><\/strong>&nbsp;para acompanhar todas as emo\u00e7\u00f5es da etapa com o rep\u00f3rter&nbsp;<strong>Leonid Kliuev<\/strong>.<\/p>\n\n\n\n<p class=\"wp-block-paragraph\"><strong>GP do Catar de F1: veja os hor\u00e1rios em Brasil, Cabo Verde,&nbsp;<a href=\"https:\/\/grandepremio.pt\/\" target=\"_blank\" rel=\"noreferrer noopener\">Portugal<\/a>, Angola e Mo\u00e7ambique:<\/strong><\/p>\n\n\n\n<figure class=\"wp-block-table\"><table class=\"has-fixed-layout\"><tbody><tr><td><strong>Sess\u00e3o<\/strong><\/td><td><strong>BRA*<\/strong><\/td><td><strong>CBV<\/strong><\/td><td><strong>POR<\/strong><br><strong>ANG<\/strong><\/td><td><strong>MOZ<\/strong><\/td><\/tr><tr><td>Treino livre<\/td><td>10:30<\/td><td>12:30<\/td><td>14:30<\/td><td>15:30<\/td><\/tr><tr><td>Classifica\u00e7\u00e3o sprint<\/td><td>14:30<\/td><td>16:30<\/td><td>18:30<\/td><td>19:30<\/td><\/tr><tr><td>Corrida sprint<\/td><td>11:00<\/td><td>13:00<\/td><td>15:00<\/td><td>16:00<\/td><\/tr><tr><td>Classifica\u00e7\u00e3o<\/td><td>15:00<\/td><td>17:00<\/td><td>19:00<\/td><td>20:00<\/td><\/tr><tr><td>Corrida<\/td><td>13:00<\/td><td>15:00<\/td><td>17:00<\/td><td>18:00<\/td><\/tr><\/tbody><\/table><\/figure>\n\n\n\n<p class=\"wp-block-paragraph\"><em>*Hor\u00e1rio de Bras\u00edlia<\/em><\/p>\n\n\n\n<figure class=\"wp-block-embed is-type-video is-provider-youtube wp-block-embed-youtube wp-embed-aspect-16-9 wp-has-aspect-ratio\"><div class=\"wp-block-embed__wrapper\">\n<iframe loading=\"lazy\" title=\"VERSTAPPEN REACENDE BRIGA PELO T\u00cdTULO DA F1 EM LAS VEGAS. AINDA D\u00c1? | Paddock GP #442\" width=\"500\" height=\"281\" src=\"https:\/\/www.youtube.com\/embed\/bSAoF1gX3Gs?feature=oembed\" frameborder=\"0\" allow=\"accelerometer; autoplay; clipboard-write; encrypted-media; gyroscope; picture-in-picture; web-share\" referrerpolicy=\"strict-origin-when-cross-origin\" allowfullscreen><\/iframe>\n<\/div><\/figure>\n","protected":false},"excerpt":{"rendered":"<p>Lance Stroll falou sobre o relacionamento com Adrian Newey e explicou o motivo de o projetista ser o nome certo para ocupar o cargo de chefia na Aston Martin<\/p>\n","protected":false},"author":0,"featured_media":1001037575,"comment_status":"closed","ping_status":"closed","sticky":false,"template":"","format":"standard","meta":{"42wp_featured_image_caption":"","42wp_featured_image_credits":"","42wp_featured_video":"","42wp_featured_image_hidden":false,"42wp_authors_list":[],"footnotes":""},"categories":[2],"tags":[309,26271,1113,45192,30090,5273,147,3630,180,3628,600,41740,1491,28285,30840,485,31014,43265,36668,35129,42001],"42wp_author":[47160],"class_list":["post-14590","post","type-post","status-publish","format-standard","has-post-thumbnail","hentry","category-f1","tag-aston-martin","tag-calendario-f1","tag-catar","tag-catar-2025","tag-catar-f1","tag-classificacao-f1","tag-f1","tag-f1-2025","tag-formula-1","tag-formula-1-2025","tag-gp-do-catar","tag-gp-do-catar-f1","tag-grande-premio","tag-grandepremio","tag-horarios-f1","tag-lance-stroll","tag-lusail","tag-lusail-2025","tag-lusail-f1","tag-onde-assistir-f1","tag-temporada-2025-f1","42wp_author-vicente-soella"],"_links":{"self":[{"href":"https:\/\/grandepremio.com\/br\/wp-json\/wp\/v2\/posts\/14590","targetHints":{"allow":["GET"]}}],"collection":[{"href":"https:\/\/grandepremio.com\/br\/wp-json\/wp\/v2\/posts"}],"about":[{"href":"https:\/\/grandepremio.com\/br\/wp-json\/wp\/v2\/types\/post"}],"replies":[{"embeddable":true,"href":"https:\/\/grandepremio.com\/br\/wp-json\/wp\/v2\/comments?post=14590"}],"version-history":[{"count":0,"href":"https:\/\/grandepremio.com\/br\/wp-json\/wp\/v2\/posts\/14590\/revisions"}],"wp:featuredmedia":[{"embeddable":true,"href":"https:\/\/grandepremio.com\/br\/wp-json\/wp\/v2\/media\/1001037575"}],"wp:attachment":[{"href":"https:\/\/grandepremio.com\/br\/wp-json\/wp\/v2\/media?parent=14590"}],"wp:term":[{"taxonomy":"category","embeddable":true,"href":"https:\/\/grandepremio.com\/br\/wp-json\/wp\/v2\/categories?post=14590"},{"taxonomy":"post_tag","embeddable":true,"href":"https:\/\/grandepremio.com\/br\/wp-json\/wp\/v2\/tags?post=14590"},{"taxonomy":"42wp_author","embeddable":true,"href":"https:\/\/grandepremio.com\/br\/wp-json\/wp\/v2\/42wp_author?post=14590"}],"curies":[{"name":"wp","href":"https:\/\/api.w.org\/{rel}","templated":true}]}}