{"id":14596,"date":"2025-11-27T16:34:39","date_gmt":"2025-11-27T19:34:39","guid":{"rendered":"https:\/\/grandepremio.com\/br\/noticias\/charles-leclerc-admite-dificuldade-dar-conselhos-lewis-hamilton-conquistou-muito-mais-do-que-eu\/"},"modified":"2025-11-27T16:38:49","modified_gmt":"2025-11-27T19:38:49","slug":"charles-leclerc-admite-dificuldade-dar-conselhos-lewis-hamilton-conquistou-muito-mais-do-que-eu","status":"publish","type":"post","link":"https:\/\/grandepremio.com\/br\/f1\/charles-leclerc-admite-dificuldade-dar-conselhos-lewis-hamilton-conquistou-muito-mais-do-que-eu\/","title":{"rendered":"Leclerc admite dificuldade em dar conselhos a Hamilton: &#8220;Conquistou muito mais do que eu&#8221;"},"content":{"rendered":"\n<p class=\"wp-block-paragraph\">Apesar do momento dif\u00edcil pelo qual <strong>Lewis Hamilton<\/strong> vem atravessando com a <strong>Ferrari<\/strong> na temporada 2025 da <strong>F\u00f3rmula 1<\/strong>, <strong>Charles Leclerc<\/strong> admitiu que n\u00e3o tem condi\u00e7\u00f5es de oferecer muitos conselhos ao companheiro de equipe. Por estar h\u00e1 mais tempo no time de Maranello, o monegasco explicou que os dois vivem &#8220;processos diferentes&#8221; e minimizou as dificuldades enfrentadas pelo heptacampe\u00e3o, deixando claro que leva tempo para se acostumar com certas coisas.<\/p>\n\n\n\n<p class=\"wp-block-paragraph\">Depois de um resultado decepcionante no <strong>GP de Las Vegas<\/strong>, quando\u00a0<a href=\"https:\/\/www.grandepremio.com\/br\/f1\/noticias\/max-verstappen-dribla-lando-norris-vence-las-vegas-manter-chances-penta-gabriel-bortoleto-bate\/\">cruzou a linha de chegada em d\u00e9cimo<\/a>\u00a0e\u00a0<a href=\"https:\/\/www.grandepremio.com\/br\/f1\/noticias\/fia-desclassifica-lando-norris-oscar-piastri-gp-las-vegas-desgaste-prancha-assoalho\/\">herdou duas posi\u00e7\u00e3o por causa das desclassifica\u00e7\u00f5es<\/a>\u00a0de\u00a0<strong>Lando Norris<\/strong>\u00a0e\u00a0<strong><a href=\"https:\/\/www.grandepremio.com\/br\/piloto\/oscar-piastri\/\" target=\"_blank\" rel=\"noreferrer noopener\">Oscar Piastri<\/a><\/strong>, o brit\u00e2nico classificou o atual ano como sendo o\u00a0<a href=\"https:\/\/www.grandepremio.com\/br\/f1\/noticias\/lewis-hamilton-joga-toalha-apos-8o-lugar-las-vegas-pior-temporada-carreira\/\">&#8220;pior da carreira&#8221;<\/a>. Mas n\u00e3o parou por a\u00ed. Ao ser questionado sobre as expectativas para 2026, quando a categoria passa a competir sob um novo regulamento, disse que\u00a0<a href=\"https:\/\/www.grandepremio.com\/br\/f1\/noticias\/lewis-hamilton-celebra-2025-acabando-nega-animacao-f1-2026-nao-estou-ansioso\/\">n\u00e3o estava nada ansioso para ver o que o futuro lhe reserva<\/a>.<\/p>\n\n\n\n<p class=\"wp-block-paragraph\">Por isso, durante a coletiva de imprensa acompanhada pelo <strong>GRANDE PR\u00caMIO<\/strong> nesta quinta-feira (27), em <strong>Lusail<\/strong>, Leclerc foi perguntado se existia algo que poderia fazer para ajudar Hamilton a sair deste momento ruim com a Ferrari. O dono da <strong>SF-25 #16<\/strong> destacou que tamb\u00e9m precisa cuidar de algumas quest\u00f5es referentes \u00e0 pr\u00f3pria pilotagem, o que acaba lhe roubando muito tempo.<\/p>\n\n\n\n<p class=\"wp-block-paragraph\">&#8220;Meu trabalho \u00e9 obviamente maximizar tudo o que posso fazer dentro do meu controle. E j\u00e1 existem tantas coisas nas quais estou focado para mim e para a equipe, tentando garantir que minha pilotagem atenda \u00e0s necessidades da equipe da melhor maneira poss\u00edvel, que \u00e9 dif\u00edcil dedicar tempo a mais alguma coisa&#8221;, come\u00e7ou.<\/p>\n\n\n\n<figure class=\"wp-block-image size-large\"><img decoding=\"async\" src=\"https:\/\/www.grandepremio.com\/br\/wp-content\/uploads\/2025\/05\/01-scuderia-ferrari-saui-gp-saturday_9f1dfd70-81ef-4031-8999-59bebf543a11-1200x800.jpg\" alt=\"\" class=\"wp-image-965375\"\/><figcaption class=\"wp-element-caption\">Charles Leclerc disse que n\u00e3o tem condi\u00e7\u00f5es de dar conselhos a Lewis Hamilton (Foto: Ferrari)<\/figcaption><\/figure>\n\n\n\n<p class=\"wp-block-paragraph\">\u25b6\ufe0f <strong>Onde assistir F1?\u00a0<a href=\"https:\/\/www.grandepremio.com\/br\/programacao-tv\/noticias\/onde-assistir-corridas-fim-de-semana-tv-e-streaming-20-a-23-de-novembro\/\">Veja aqui todas as informa\u00e7\u00f5es<\/a><\/strong><br>\u25b6\ufe0f <strong>F1: faltam quantas corridas?\u00a0<a href=\"https:\/\/www.grandepremio.com\/br\/f1\/calendario\/\" target=\"_blank\" rel=\"noreferrer noopener\">Veja o calend\u00e1rio da F1<\/a><\/strong><br>\u25b6\ufe0f <strong>Inscreva-se nos dois canais do GRANDE PR\u00caMIO no YouTube:\u00a0<a href=\"https:\/\/www.youtube.com\/channel\/UC9OlHEgxoaY6QY6nWPoiqQg?sub_confirmation=1\" target=\"_blank\" rel=\"noreferrer noopener\">GP<\/a>\u00a0|\u00a0<a href=\"https:\/\/www.youtube.com\/channel\/UC9csiS6q_C3C0FYhyr1rnFA?sub_confirmation=1\" target=\"_blank\" rel=\"noreferrer noopener\">GP2<\/a><\/strong><\/p>\n\n\n\n<p class=\"wp-block-paragraph\">&#8220;E tamb\u00e9m, Lewis j\u00e1 conquistou muito mais do que eu jamais conquistei. Ent\u00e3o realmente n\u00e3o tenho conselhos para dar a ele, mas com certeza \u00e9 um processo longo sempre que voc\u00ea entra em uma nova equipe. Nem me lembro mais como \u00e9 entrar em um time novo&#8221;, brincou o monegasco, que se tornou titular da Ferrari na <strong>F1<\/strong> em 2019, mesmo que tenha sido aceito na academia de pilotos da escuderia em 2016.<\/p>\n\n\n\n<p class=\"wp-block-paragraph\">&#8220;J\u00e1 faz oito anos que estou na Ferrari. Ent\u00e3o sei como tudo funciona e, naturalmente, tudo parece muito familiar. Mas, para Lewis, ainda \u00e9 algo novo, mesmo depois de um ano. Os processos s\u00e3o completamente diferentes. A forma como voc\u00ea enxerga a equipe, a maneira como voc\u00ea trabalha \u2014 tudo isso ainda precisa de um tempo para se acostumar&#8221;, concluiu.<\/p>\n\n\n\n<p class=\"wp-block-paragraph\">A&nbsp;<strong><a href=\"https:\/\/www.grandepremio.com\/br\/f1\/\" target=\"_blank\" rel=\"noreferrer noopener\"><\/a><a href=\"https:\/\/www.grandepremio.com\/br\/f1\/\" target=\"_blank\" rel=\"noreferrer noopener\">F\u00f3rmula 1<\/a><\/strong>&nbsp;retorna neste fim de semana, de 28 a 30 de novembro, com o GP do Catar, 23\u00aa etapa da temporada 2025. O&nbsp;<strong>GRANDE PR\u00caMIO<\/strong>&nbsp;acompanha todas as atividades<a href=\"https:\/\/www.grandepremio.com\/br\/ao-vivo\/f1\/\">&nbsp;<strong>AO VIVO E EM&nbsp;<\/strong><\/a><strong><a href=\"https:\/\/www.grandepremio.com\/br\/ao-vivo\/\" target=\"_blank\" rel=\"noreferrer noopener\">TEMPO REAL<\/a><\/strong>,&nbsp;<a href=\"https:\/\/www.youtube.com\/@GrandePremio1\/streams\">al\u00e9m de classifica\u00e7\u00f5es e corridas em&nbsp;<strong>SEGUNDA TELA&nbsp;<\/strong>no YouTube<\/a>, em parceria com a&nbsp;<strong>Voz do Esporte<\/strong>. O&nbsp;<strong>Briefing&nbsp;<\/strong>chega para analisar ap\u00f3s o fim de cada dia de atividades nas redes sociais e na&nbsp;<strong>GPTV<\/strong>.<\/p>\n\n\n\n<p class=\"wp-block-paragraph\">Al\u00e9m da cobertura tradicional, o<strong>&nbsp;GRANDE PR\u00caMIO<\/strong>&nbsp;estar\u00e1&nbsp;<strong>IN LOCO<\/strong>&nbsp;em&nbsp;<strong><a href=\"https:\/\/www.grandepremio.com\/br\/circuito\/lusail\/\" target=\"_blank\" rel=\"noreferrer noopener\">Lusail<\/a><\/strong>&nbsp;para acompanhar todas as emo\u00e7\u00f5es da etapa com o rep\u00f3rter&nbsp;<strong>Leonid Kliuev<\/strong>.<\/p>\n\n\n\n<p class=\"wp-block-paragraph\"><strong>GP do Catar de F1: veja os hor\u00e1rios em Brasil, Cabo Verde,&nbsp;<a href=\"https:\/\/grandepremio.pt\/\" target=\"_blank\" rel=\"noreferrer noopener\">Portugal<\/a>, Angola e Mo\u00e7ambique:<\/strong><\/p>\n\n\n\n<figure class=\"wp-block-table\"><table class=\"has-fixed-layout\"><tbody><tr><td><strong>Sess\u00e3o<\/strong><\/td><td><strong>BRA*<\/strong><\/td><td><strong>CBV<\/strong><\/td><td><strong>POR<\/strong><br><strong>ANG<\/strong><\/td><td><strong>MOZ<\/strong><\/td><\/tr><tr><td>Treino livre<\/td><td>10:30<\/td><td>12:30<\/td><td>14:30<\/td><td>15:30<\/td><\/tr><tr><td>Classifica\u00e7\u00e3o sprint<\/td><td>14:30<\/td><td>16:30<\/td><td>18:30<\/td><td>19:30<\/td><\/tr><tr><td>Corrida sprint<\/td><td>11:00<\/td><td>13:00<\/td><td>15:00<\/td><td>16:00<\/td><\/tr><tr><td>Classifica\u00e7\u00e3o<\/td><td>15:00<\/td><td>17:00<\/td><td>19:00<\/td><td>20:00<\/td><\/tr><tr><td>Corrida<\/td><td>13:00<\/td><td>15:00<\/td><td>17:00<\/td><td>18:00<\/td><\/tr><\/tbody><\/table><\/figure>\n\n\n\n<p class=\"wp-block-paragraph\"><em>*Hor\u00e1rio de Bras\u00edlia<\/em><\/p>\n\n\n\n<figure class=\"wp-block-embed is-type-video is-provider-youtube wp-block-embed-youtube wp-embed-aspect-16-9 wp-has-aspect-ratio\"><div class=\"wp-block-embed__wrapper\">\n<iframe loading=\"lazy\" title=\"VERSTAPPEN REACENDE BRIGA PELO T\u00cdTULO DA F1 EM LAS VEGAS. AINDA D\u00c1? | Paddock GP #442\" width=\"500\" height=\"281\" src=\"https:\/\/www.youtube.com\/embed\/bSAoF1gX3Gs?feature=oembed\" frameborder=\"0\" allow=\"accelerometer; autoplay; clipboard-write; encrypted-media; gyroscope; picture-in-picture; web-share\" referrerpolicy=\"strict-origin-when-cross-origin\" allowfullscreen><\/iframe>\n<\/div><\/figure>\n","protected":false},"excerpt":{"rendered":"<p>Embora Lewis Hamilton esteja vivendo um momento complicado com a Ferrari, Charles Leclerc afirmou que n\u00e3o h\u00e1 muitos conselhos que possam ser dados neste momento para ajudar o heptacampe\u00e3o<\/p>\n","protected":false},"author":0,"featured_media":1000937300,"comment_status":"closed","ping_status":"closed","sticky":false,"template":"","format":"standard","meta":{"42wp_featured_image_caption":"","42wp_featured_image_credits":"","42wp_featured_video":"","42wp_featured_image_hidden":false,"42wp_authors_list":[],"footnotes":""},"categories":[2],"tags":[26271,1113,45192,30090,209,5273,147,3630,207,180,3628,600,41740,1491,28285,30840,87,31014,43265,36668,35129,42001],"42wp_author":[47165,47160],"class_list":["post-14596","post","type-post","status-publish","format-standard","has-post-thumbnail","hentry","category-f1","tag-calendario-f1","tag-catar","tag-catar-2025","tag-catar-f1","tag-charles-leclerc","tag-classificacao-f1","tag-f1","tag-f1-2025","tag-ferrari","tag-formula-1","tag-formula-1-2025","tag-gp-do-catar","tag-gp-do-catar-f1","tag-grande-premio","tag-grandepremio","tag-horarios-f1","tag-lewis-hamilton","tag-lusail","tag-lusail-2025","tag-lusail-f1","tag-onde-assistir-f1","tag-temporada-2025-f1","42wp_author-leonid-kluiev","42wp_author-vicente-soella"],"_links":{"self":[{"href":"https:\/\/grandepremio.com\/br\/wp-json\/wp\/v2\/posts\/14596","targetHints":{"allow":["GET"]}}],"collection":[{"href":"https:\/\/grandepremio.com\/br\/wp-json\/wp\/v2\/posts"}],"about":[{"href":"https:\/\/grandepremio.com\/br\/wp-json\/wp\/v2\/types\/post"}],"replies":[{"embeddable":true,"href":"https:\/\/grandepremio.com\/br\/wp-json\/wp\/v2\/comments?post=14596"}],"version-history":[{"count":0,"href":"https:\/\/grandepremio.com\/br\/wp-json\/wp\/v2\/posts\/14596\/revisions"}],"wp:featuredmedia":[{"embeddable":true,"href":"https:\/\/grandepremio.com\/br\/wp-json\/wp\/v2\/media\/1000937300"}],"wp:attachment":[{"href":"https:\/\/grandepremio.com\/br\/wp-json\/wp\/v2\/media?parent=14596"}],"wp:term":[{"taxonomy":"category","embeddable":true,"href":"https:\/\/grandepremio.com\/br\/wp-json\/wp\/v2\/categories?post=14596"},{"taxonomy":"post_tag","embeddable":true,"href":"https:\/\/grandepremio.com\/br\/wp-json\/wp\/v2\/tags?post=14596"},{"taxonomy":"42wp_author","embeddable":true,"href":"https:\/\/grandepremio.com\/br\/wp-json\/wp\/v2\/42wp_author?post=14596"}],"curies":[{"name":"wp","href":"https:\/\/api.w.org\/{rel}","templated":true}]}}