{"id":14597,"date":"2025-11-27T16:12:14","date_gmt":"2025-11-27T19:12:14","guid":{"rendered":"https:\/\/grandepremio.com\/br\/noticias\/pierre-gasly-critica-punicao-pouco-dura-gabriel-bortoleto-catar-nao-foi-pequeno-erro\/"},"modified":"2025-11-27T16:19:08","modified_gmt":"2025-11-27T19:19:08","slug":"pierre-gasly-critica-punicao-pouco-dura-gabriel-bortoleto-catar-nao-foi-pequeno-erro","status":"publish","type":"post","link":"https:\/\/grandepremio.com\/br\/f1\/pierre-gasly-critica-punicao-pouco-dura-gabriel-bortoleto-catar-nao-foi-pequeno-erro\/","title":{"rendered":"Gasly critica puni\u00e7\u00e3o \u201cpouco dura\u201d a Bortoleto no Catar: &#8220;N\u00e3o foi um pequeno erro&#8221;"},"content":{"rendered":"\n<p class=\"wp-block-paragraph\"><strong>Pierre Gasly<\/strong> criticou <strong>Gabriel Bortoleto<\/strong> pelo acidente causado logo ap\u00f3s a largada do<strong> GP de Las Vegas de F1<\/strong>, realizado no \u00faltimo fim de semana. Questionado pelo <strong>GRANDE PR\u00caMIO<\/strong> em entrevista coletiva nesta <strong>quinta-feira (27)<\/strong>, no paddock do <strong>aut\u00f3dromo de Lusail<\/strong>, pista que recebe o <strong>GP do Catar<\/strong>, o franc\u00eas apontou que o lance n\u00e3o foi proposital, mas que foi um erro que &#8220;n\u00e3o deveria acontecer nesse n\u00edvel&#8221;, por isso, indicou que a puni\u00e7\u00e3o de cinco posi\u00e7\u00f5es no grid de largada ao brasileiro foi branda.<\/p>\n\n\n\n<p class=\"wp-block-paragraph\">Bortoleto mergulhou na curva 1 ap\u00f3s a largada do <strong>GP de Las Vegas<\/strong>, acertando em cheio <strong>Lance Stroll<\/strong>, que bateu em Gasly como consequ\u00eancia do choque. O representante da <strong>Alpine<\/strong> conseguiu continuar na prova ap\u00f3s um pit-stop, enquanto os advers\u00e1rios abandonaram na sequ\u00eancia.<\/p>\n\n\n\n<p class=\"wp-block-paragraph\">Por n\u00e3o conseguir seguir na corrida, Bortoleto foi punido em cinco posi\u00e7\u00f5es no grid do GP do Catar, marcado para este fim de semana \u2014 algo que foi considerado brando por Gasly. Mesmo continuando na prova em Las Vegas e finalizando em 13\u00ba, o franc\u00eas viu o erro com certa gravidade, al\u00e9m de ter destacado a chance perdida de pontuar nos Estados Unidos.<\/p>\n\n\n\n<p class=\"wp-block-paragraph\">\u25b6\ufe0f\u00a0<strong>Inscreva-se nos dois canais do GRANDE PR\u00caMIO no YouTube:\u00a0<a href=\"https:\/\/www.youtube.com\/channel\/UC9OlHEgxoaY6QY6nWPoiqQg?sub_confirmation=1\" target=\"_blank\" rel=\"noreferrer noopener\">GP<\/a>\u00a0|\u00a0<a href=\"https:\/\/www.youtube.com\/channel\/UC9csiS6q_C3C0FYhyr1rnFA?sub_confirmation=1\" target=\"_blank\" rel=\"noreferrer noopener\">GP2<\/a><\/strong><\/p>\n\n\n\n\n\n\n\n<p class=\"wp-block-paragraph\">\u201cPara mim, foi um grande erro de avalia\u00e7\u00e3o. Gabi faz uma temporada muito boa, mas nesse n\u00edvel isso n\u00e3o deveria acontecer\u201d, respondeu Gasly ao <strong>GRANDE PR\u00caMIO<\/strong>. \u201cEle n\u00e3o errou por alguns metros \u2014 e afetou a corrida do Stroll e a minha. Nunca queremos olhar apenas para as consequ\u00eancias, mas, de certa forma, isso custou a alguns outros pilotos oportunidades de pontuar&#8221;, continuou.<\/p>\n\n\n\n<p class=\"wp-block-paragraph\">\u201cN\u00e3o acho que a puni\u00e7\u00e3o foi muito dura, porque n\u00e3o foi um erro pequeno, como situa\u00e7\u00f5es em que voc\u00ea freia um pouco tarde, como o <strong>Liam<\/strong> [<strong>Lawson<\/strong>, que acertou <strong>Oscar Piastri<\/strong> na largada, mas ambos seguiram na prova], por exemplo. Mas se olhar a velocidade que estava por dentro, se o Stroll ou nenhum carro estivesse ali, ele iria parar muito longe. Foi otimista demais&#8221;, comentou Gasly.<\/p>\n\n\n\n<p class=\"wp-block-paragraph\">\u201cSei que n\u00e3o foi intencional. N\u00e3o sei se ele perdeu a no\u00e7\u00e3o do espa\u00e7o, porque por dentro n\u00e3o se tem placas de refer\u00eancia, ent\u00e3o imagino que seja isso que aconteceu&#8221;, encerrou Gasly.<\/p>\n\n\n\n<p class=\"wp-block-paragraph\">A&nbsp;<strong><a href=\"https:\/\/www.grandepremio.com\/br\/f1\/\" target=\"_blank\" rel=\"noreferrer noopener\"><\/a><a href=\"https:\/\/www.grandepremio.com\/br\/f1\/\" target=\"_blank\" rel=\"noreferrer noopener\">F\u00f3rmula 1<\/a><\/strong>&nbsp;retorna neste fim de semana, de 28 a 30 de novembro, com o GP do Catar, 23\u00aa etapa da temporada 2025. O&nbsp;<strong>GRANDE PR\u00caMIO<\/strong>&nbsp;acompanha todas as atividades<a href=\"https:\/\/www.grandepremio.com\/br\/ao-vivo\/f1\/\">&nbsp;<strong>AO VIVO E EM&nbsp;<\/strong><\/a><strong><a href=\"https:\/\/www.grandepremio.com\/br\/ao-vivo\/\" target=\"_blank\" rel=\"noreferrer noopener\">TEMPO REAL<\/a><\/strong>,&nbsp;<a href=\"https:\/\/www.youtube.com\/@GrandePremio1\/streams\">al\u00e9m de classifica\u00e7\u00e3o e corrida em&nbsp;<strong>SEGUNDA TELA&nbsp;<\/strong>no YouTube<\/a>, em parceria com a&nbsp;<strong>Voz do Esporte<\/strong>. O&nbsp;<strong>Briefing&nbsp;<\/strong>chega para analisar ap\u00f3s o fim de cada dia de atividades nas redes sociais e na&nbsp;<strong>GPTV<\/strong>. Al\u00e9m da cobertura tradicional, o<strong>&nbsp;GRANDE PR\u00caMIO<\/strong>&nbsp;estar\u00e1&nbsp;<strong>IN LOCO<\/strong>&nbsp;em&nbsp;<strong><a href=\"https:\/\/www.grandepremio.com\/br\/circuito\/lusail\/\" target=\"_blank\" rel=\"noreferrer noopener\">Lusail<\/a><\/strong>&nbsp;para acompanhar todas as emo\u00e7\u00f5es da etapa com o rep\u00f3rter&nbsp;<strong>Leonid Kliuev<\/strong>.<\/p>\n\n\n\n<p class=\"wp-block-paragraph\"><strong>GP do Catar de F1: veja os hor\u00e1rios em Brasil, Cabo Verde,&nbsp;<a href=\"https:\/\/grandepremio.pt\/\" target=\"_blank\" rel=\"noreferrer noopener\">Portugal<\/a>, Angola e Mo\u00e7ambique:<\/strong><\/p>\n\n\n\n<figure class=\"wp-block-table\"><table class=\"has-fixed-layout\"><tbody><tr><td><strong>Sess\u00e3o<\/strong><\/td><td><strong>BRA*<\/strong><\/td><td><strong>CBV<\/strong><\/td><td><strong>POR<\/strong><br><strong>ANG<\/strong><\/td><td><strong>MOZ<\/strong><\/td><\/tr><tr><td>Treino livre<\/td><td>10:30<\/td><td>12:30<\/td><td>14:30<\/td><td>15:30<\/td><\/tr><tr><td>Classifica\u00e7\u00e3o sprint<\/td><td>14:30<\/td><td>16:30<\/td><td>18:30<\/td><td>19:30<\/td><\/tr><tr><td>Corrida sprint<\/td><td>11:00<\/td><td>13:00<\/td><td>15:00<\/td><td>16:00<\/td><\/tr><tr><td>Classifica\u00e7\u00e3o<\/td><td>15:00<\/td><td>17:00<\/td><td>19:00<\/td><td>20:00<\/td><\/tr><tr><td>Corrida<\/td><td>13:00<\/td><td>15:00<\/td><td>17:00<\/td><td>18:00<\/td><\/tr><\/tbody><\/table><\/figure>\n\n\n\n<p class=\"wp-block-paragraph\"><em>*Hor\u00e1rio de Bras\u00edlia<\/em><\/p>\n\n\n\n<p class=\"wp-block-paragraph\">\u25b6\ufe0f&nbsp;<strong>Onde assistir F1?&nbsp;<a href=\"https:\/\/www.grandepremio.com\/br\/programacao-tv\/noticias\/onde-assistir-corridas-do-fim-de-semana-tv-streaming-28-30-de-novembro\/\">Veja aqui todas as informa\u00e7\u00f5es<\/a><\/strong><br><strong>\u25b6\ufe0f<\/strong>&nbsp;<strong>F1: faltam quantas corridas?&nbsp;<a href=\"https:\/\/www.grandepremio.com\/br\/f1\/calendario\/\" target=\"_blank\" rel=\"noreferrer noopener\">Veja o calend\u00e1rio da F1<\/a><\/strong><\/p>\n\n\n\n<figure class=\"wp-block-embed is-type-video is-provider-youtube wp-block-embed-youtube wp-embed-aspect-16-9 wp-has-aspect-ratio\"><div class=\"wp-block-embed__wrapper\">\n<iframe loading=\"lazy\" title=\"RED BULL TENTA ENTRAR NA MENTE DA MCLAREN! E O RESET DE BORTOLETO | TTGP #207\" width=\"500\" height=\"281\" src=\"https:\/\/www.youtube.com\/embed\/da4L-7rV4YY?feature=oembed\" frameborder=\"0\" allow=\"accelerometer; autoplay; clipboard-write; encrypted-media; gyroscope; picture-in-picture; web-share\" referrerpolicy=\"strict-origin-when-cross-origin\" allowfullscreen><\/iframe>\n<\/div><\/figure>\n","protected":false},"excerpt":{"rendered":"<p>Pierre Gasly respondeu ao GRANDE PR\u00caMIO que erro de Gabriel Bortoleto n\u00e3o foi intencional em Las Vegas, mas indicou que san\u00e7\u00e3o de cinco posi\u00e7\u00f5es no grid no Catar foi branda<\/p>\n","protected":false},"author":0,"featured_media":1001035498,"comment_status":"closed","ping_status":"closed","sticky":false,"template":"","format":"standard","meta":{"42wp_featured_image_caption":"","42wp_featured_image_credits":"","42wp_featured_video":"","42wp_featured_image_hidden":false,"42wp_authors_list":[],"footnotes":""},"categories":[2],"tags":[20491,26271,1113,5273,147,3630,29516,885,180,3628,25440,350,600,1491,28285,30840,31014,43265,36668,35129,676,2477,1197,39087,42001],"42wp_author":[47155,47165],"class_list":["post-14597","post","type-post","status-publish","format-standard","has-post-thumbnail","hentry","category-f1","tag-alpine","tag-calendario-f1","tag-catar","tag-classificacao-f1","tag-f1","tag-f1-2025","tag-f1-2026","tag-flavio-briatore","tag-formula-1","tag-formula-1-2025","tag-franco-colapinto","tag-gabriel-bortoleto","tag-gp-do-catar","tag-grande-premio","tag-grandepremio","tag-horarios-f1","tag-lusail","tag-lusail-2025","tag-lusail-f1","tag-onde-assistir-f1","tag-pierre-gasly","tag-punicao","tag-sauber","tag-temporada-2025-da-f1","tag-temporada-2025-f1","42wp_author-daniel-balsa","42wp_author-leonid-kluiev"],"_links":{"self":[{"href":"https:\/\/grandepremio.com\/br\/wp-json\/wp\/v2\/posts\/14597","targetHints":{"allow":["GET"]}}],"collection":[{"href":"https:\/\/grandepremio.com\/br\/wp-json\/wp\/v2\/posts"}],"about":[{"href":"https:\/\/grandepremio.com\/br\/wp-json\/wp\/v2\/types\/post"}],"replies":[{"embeddable":true,"href":"https:\/\/grandepremio.com\/br\/wp-json\/wp\/v2\/comments?post=14597"}],"version-history":[{"count":0,"href":"https:\/\/grandepremio.com\/br\/wp-json\/wp\/v2\/posts\/14597\/revisions"}],"wp:featuredmedia":[{"embeddable":true,"href":"https:\/\/grandepremio.com\/br\/wp-json\/wp\/v2\/media\/1001035498"}],"wp:attachment":[{"href":"https:\/\/grandepremio.com\/br\/wp-json\/wp\/v2\/media?parent=14597"}],"wp:term":[{"taxonomy":"category","embeddable":true,"href":"https:\/\/grandepremio.com\/br\/wp-json\/wp\/v2\/categories?post=14597"},{"taxonomy":"post_tag","embeddable":true,"href":"https:\/\/grandepremio.com\/br\/wp-json\/wp\/v2\/tags?post=14597"},{"taxonomy":"42wp_author","embeddable":true,"href":"https:\/\/grandepremio.com\/br\/wp-json\/wp\/v2\/42wp_author?post=14597"}],"curies":[{"name":"wp","href":"https:\/\/api.w.org\/{rel}","templated":true}]}}