{"id":147252,"date":"2026-07-04T02:39:48","date_gmt":"2026-07-04T05:39:48","guid":{"rendered":"https:\/\/grandepremio.com\/br\/?p=147252"},"modified":"2026-07-04T02:59:22","modified_gmt":"2026-07-04T05:59:22","slug":"pascal-wehrlein-celebra-vitoria-xangai-mira-titulo-apos-reacao-lutar-fim","status":"publish","type":"post","link":"https:\/\/grandepremio.com\/br\/formula-e\/pascal-wehrlein-celebra-vitoria-xangai-mira-titulo-apos-reacao-lutar-fim\/","title":{"rendered":"Wehrlein celebra vit\u00f3ria em Xangai e mira t\u00edtulo ap\u00f3s rea\u00e7\u00e3o: &#8220;Lutar at\u00e9 o fim&#8221;"},"content":{"rendered":"\n<p class=\"wp-block-paragraph\"><strong>Pascal Wehrlein<\/strong> iniciou o s\u00e1bado (4) confirmando seu favoritismo e vencendo a disputa da<strong> corrida 1 <\/strong>do<strong> eP de Xangai<\/strong>, encerrando uma sequ\u00eancia de tr\u00eas corridas sem pontuar. O piloto da <strong>Porsche<\/strong>, que conquistou sua segunda vit\u00f3ria na atual temporada e definitivamente acirrou a disputa do <strong>Mundial de Pilotos<\/strong>, reconheceu que est\u00e1 tendo um fim de semana extremamente regular.<\/p>\n\n\n\n<p class=\"wp-block-paragraph\">Em entrevista oficial ap\u00f3s a corrida, Wehrlein ressaltou mais uma vez que o carro est\u00e1 em boas condi\u00e7\u00f5es em Xangai e avaliou como conseguiu reunir condi\u00e7\u00f5es para pilotar em um ritmo controlado. Al\u00e9m disso, demonstrou confian\u00e7a em rela\u00e7\u00e3o \u00e0 briga pelo t\u00edtulo, demonstrando estar preparado para lutar at\u00e9 o fim.<\/p>\n\n\n\n<figure class=\"wp-block-embed is-type-video is-provider-youtube wp-block-embed-youtube wp-embed-aspect-4-3 wp-has-aspect-ratio\"><div class=\"wp-block-embed__wrapper\">\n<iframe loading=\"lazy\" title=\"\ud83d\udd34AO VIVO: F\u00d3RMULA E 2026 | CORRIDA 1 eP DE XANGAI COM IMAGENS E DRUGOVICH | 12\u00aa ETAPA\" width=\"500\" height=\"375\" src=\"https:\/\/www.youtube.com\/embed\/q1zxwo4B0oo?feature=oembed\" frameborder=\"0\" allow=\"accelerometer; autoplay; clipboard-write; encrypted-media; gyroscope; picture-in-picture; web-share\" referrerpolicy=\"strict-origin-when-cross-origin\" allowfullscreen><\/iframe>\n<\/div><\/figure>\n\n\n\n<p class=\"wp-block-paragraph\">&#8220;\u00c9 um momento crucial da temporada, ent\u00e3o n\u00e3o poderia ficar mais feliz com o dia de hoje. O carro estava incr\u00edvel, e a execu\u00e7\u00e3o foi perfeita, deixando tudo simplesmente divertido. Estive o tempo todo no meu ritmo e fiz minha corrida. N\u00e3o fiquei muito preocupado com o v\u00e1cuo. Tamb\u00e9m n\u00e3o fiquei preocupado com a velocidade e estive longe do caos que estava acontecendo Ser\u00e3o mais cinco corridas pela frente, mas seguiremos em frente com tudo&#8221;, afirmou.<\/p>\n\n\n\n<p class=\"wp-block-paragraph\">Sinto que tinha um ritmo realmente muito bom, ent\u00e3o n\u00e3o acho que era necess\u00e1rio ficar a corrida toda no v\u00e1cuo de outro carro e me colocar em uma posi\u00e7\u00e3o que n\u00e3o desejava estar. Mesmo nos momentos em que a pista estava molhada, simplesmente consegui fazer minha corrida, manter o carro intacto e dar as minhas voltas. N\u00e3o poderia ficar mais feliz. Tentaremos lutar o m\u00e1ximo poss\u00edvel para conquistar o m\u00e1ximo de trof\u00e9us e campeonatos que pudermos&#8221;, concluiu.<\/p>\n\n\n\n<figure class=\"wp-block-image size-large\"><img loading=\"lazy\" decoding=\"async\" width=\"1024\" height=\"683\" src=\"https:\/\/grandepremio.com\/br\/wp-content\/uploads\/2026\/07\/2284557792-2048x2048-1-1024x683.jpg\" alt=\"\" class=\"wp-image-1020308445\" srcset=\"https:\/\/grandepremio.com\/wp-content\/uploads\/2026\/07\/2284557792-2048x2048-1-1024x683.jpg 1024w, https:\/\/grandepremio.com\/wp-content\/uploads\/2026\/07\/2284557792-2048x2048-1-300x200.jpg 300w, https:\/\/grandepremio.com\/wp-content\/uploads\/2026\/07\/2284557792-2048x2048-1-768x512.jpg 768w, https:\/\/grandepremio.com\/wp-content\/uploads\/2026\/07\/2284557792-2048x2048-1-1536x1024.jpg 1536w, https:\/\/grandepremio.com\/wp-content\/uploads\/2026\/07\/2284557792-2048x2048-1-150x100.jpg 150w, https:\/\/grandepremio.com\/wp-content\/uploads\/2026\/07\/2284557792-2048x2048-1.jpg 2048w\" sizes=\"(max-width: 1024px) 100vw, 1024px\" \/><figcaption class=\"wp-element-caption\">Pascal Wehrlein superou tempestade para fechar corrida 1 do eP de Xangai em primeiro lugar (Foto: F\u00f3rmula E)<\/figcaption><\/figure>\n\n\n\n<p class=\"wp-block-paragraph\">A\u00a0<strong>F\u00f3rmula E<\/strong>\u00a0volta \u00e0 pista na noite deste s\u00e1bado (4). \u00c0s 18h50 (hor\u00e1rio de Bras\u00edlia, GMT-3), come\u00e7a a transmiss\u00e3o do TL3, que come\u00e7a \u00e0s 19h. A partir das 20h50, voc\u00ea acompanha a classifica\u00e7\u00e3o da corrida 2 do eP de Xangai, que ser\u00e1 exibido a partir de 0h30 de domingo. O\u00a0<strong>GRANDE PR\u00caMIO<\/strong>\u00a0transmite o evento completo\u00a0<strong>AO VIVO e COM IMAGENS<\/strong>\u00a0no\u00a0<strong>YouTube<\/strong>\u00a0e na\u00a0<strong>GPTV<\/strong>.<\/p>\n\n\n\n<h2 class=\"wp-block-heading\">eP de Xangai da F\u00f3rmula E:&nbsp;veja os hor\u00e1rios em Brasil, Cabo Verde,&nbsp;Portugal, Angola e Mo\u00e7ambique<\/h2>\n\n\n\n<figure class=\"wp-block-table is-style-stripes\"><table class=\"has-fixed-layout\"><tbody><tr><td><strong>Data<\/strong><\/td><td><strong>&nbsp;Sess\u00e3o<\/strong><\/td><td><strong>BRA*<\/strong><\/td><td><strong>CBV<\/strong><\/td><td><strong>POR<\/strong><br><strong>ANG<\/strong><\/td><td><strong>MOZ<\/strong><\/td><\/tr><tr><td>S\u00e1bado (4)<\/td><td>Corrida<\/td><td>1:05<\/td><td>3:05<\/td><td>5:05<\/td><td>6:05<\/td><\/tr><tr><td>S\u00e1bado (4)<\/td><td>Treino livre 3<\/td><td>19:00<\/td><td>21:00<\/td><td>23:00<\/td><td>0:00<\/td><\/tr><tr><td>S\u00e1bado (4)<\/td><td>Classifica\u00e7\u00e3o<\/td><td>21:00<\/td><td>23:00<\/td><td>1:00<\/td><td>2:00<\/td><\/tr><tr><td>Domingo (5)<\/td><td>Corrida<\/td><td>1:05<\/td><td>3:05<\/td><td>5:05<\/td><td>6:05<\/td><\/tr><\/tbody><\/table><\/figure>\n\n\n\n<p class=\"wp-block-paragraph\"><em>*Hor\u00e1rios de Bras\u00edlia (GMT-3)<\/em><\/p>\n\n\n\n<p class=\"wp-block-paragraph\">\u25b6\ufe0f<strong>&nbsp;Inscreva-se nos dois canais do GRANDE PR\u00caMIO no YouTube:&nbsp;<a href=\"https:\/\/www.youtube.com\/channel\/UC9OlHEgxoaY6QY6nWPoiqQg?sub_confirmation=1\">GP<\/a>&nbsp;|&nbsp;<a href=\"https:\/\/www.youtube.com\/channel\/UC9csiS6q_C3C0FYhyr1rnFA?sub_confirmation=1\">GPTV<\/a><\/strong><\/p>\n\n\n\n<h2 class=\"wp-block-heading\">F\u00f3rmula E hoje: saiba aqui as not\u00edcias mais importantes do dia da F\u00f3rmula E<\/h2>\n\n\n\n<p class=\"wp-block-paragraph\">A reda\u00e7\u00e3o do <strong>GRANDE PR\u00caMIO<\/strong> selecionou as not\u00edcias mais importantes das \u00faltimas horas para voc\u00ea ficar por dentro de tudo que acontece na F\u00f3rmula E.<\/p>\n\n\n\n<p class=\"wp-block-paragraph\">\u25b6\ufe0f <a href=\"https:\/\/grandepremio.com\/br\/formula-e\/pascal-wehrlein-sobrevive-chuva-vence-corrida-1-ep-de-xangai-felipe-drugovich\/\">Wehrlein sobrevive \u00e0 chuva e vence corrida 1 do eP de Xangai. Drugovich \u00e9 4\u00ba<\/a><br><strong>\u25b6\ufe0f <a href=\"https:\/\/grandepremio.com\/br\/formula-e\/pascal-wehrlein-passeia-conquista-pole-corrida-1-ep-de-xangai-felipe-drugovich-sai-9o\/\">Wehrlein passeia e conquista pole da corrida 1 do eP de Xangai. Drugovich \u00e9 9\u00ba<\/a><\/strong><br><strong>\u25b6\ufe0f <a href=\"https:\/\/grandepremio.com\/br\/formula-e\/formula-e-preve-chuvas-fortes-ep-de-xangai-altera-horarios-fim-de-semana\/\">F\u00f3rmula E prev\u00ea chuvas fortes no eP de Xangai e altera programa\u00e7\u00e3o<\/a><br>\u25b6\ufe0f <a href=\"https:\/\/grandepremio.com\/br\/formula-e\/pascal-wehrlein-comanda-tl1-chuvoso-formula-e-ep-de-xangai-felipe-drugovich-10o\/\">Wehrlein comanda TL1 chuvoso no eP de Xangai. Drugovich \u00e9 10\u00ba<\/a><br>\u25b6\ufe0f <a href=\"https:\/\/grandepremio.com\/br\/formula-e\/norman-nato-dan-ticktum-zane-maloney-puxam-fila-punicoes-formula-e-grid-ep-xangai\/\">Nato, Ticktum e Maloney puxam fila de puni\u00e7\u00f5es no grid do eP de Xangai<\/a><br>\u25b6\ufe0f <a href=\"https:\/\/grandepremio.com\/br\/formula-e\/felipe-drugovich-celebra-parceria-fala-construir-algo-futuro-andretti\/\">Drugovich celebra parceria com Andretti e fala em &#8220;construir algo para futuro&#8221;<\/a><br>\u25b6\ufe0f <a href=\"https:\/\/grandepremio.com\/br\/formula-e\/andretti-mantem-felipe-drugovich-era-gen4-formula-temporada-2026-27\/\">Andretti mant\u00e9m Drugovich na temporada 2026\/27 da F\u00f3rmula E<\/a><\/strong><\/p>\n\n\n\n<p class=\"wp-block-paragraph\"><\/p>\n","protected":false},"excerpt":{"rendered":"<p>Pascal Wehrlein destaca estrat\u00e9gia de evitar o caos durante a prova e afirma que equipe seguir\u00e1 na luta pelo Mundial nas cinco etapas restantes<\/p>\n","protected":false},"author":9,"featured_media":1020308482,"comment_status":"closed","ping_status":"closed","sticky":false,"template":"","format":"standard","meta":{"42wp_featured_image_caption":"Shanghai E-Prix Round 12","42wp_featured_image_credits":"","42wp_featured_video":"","42wp_featured_image_hidden":false,"42wp_authors_list":[],"footnotes":""},"categories":[19],"tags":[],"42wp_author":[47171],"class_list":["post-147252","post","type-post","status-publish","format-standard","has-post-thumbnail","hentry","category-formula-e","42wp_author-fabricio-carvalho"],"_links":{"self":[{"href":"https:\/\/grandepremio.com\/br\/wp-json\/wp\/v2\/posts\/147252","targetHints":{"allow":["GET"]}}],"collection":[{"href":"https:\/\/grandepremio.com\/br\/wp-json\/wp\/v2\/posts"}],"about":[{"href":"https:\/\/grandepremio.com\/br\/wp-json\/wp\/v2\/types\/post"}],"author":[{"embeddable":true,"href":"https:\/\/grandepremio.com\/br\/wp-json\/wp\/v2\/users\/9"}],"replies":[{"embeddable":true,"href":"https:\/\/grandepremio.com\/br\/wp-json\/wp\/v2\/comments?post=147252"}],"version-history":[{"count":4,"href":"https:\/\/grandepremio.com\/br\/wp-json\/wp\/v2\/posts\/147252\/revisions"}],"predecessor-version":[{"id":147316,"href":"https:\/\/grandepremio.com\/br\/wp-json\/wp\/v2\/posts\/147252\/revisions\/147316"}],"wp:featuredmedia":[{"embeddable":true,"href":"https:\/\/grandepremio.com\/br\/wp-json\/wp\/v2\/media\/1020308482"}],"wp:attachment":[{"href":"https:\/\/grandepremio.com\/br\/wp-json\/wp\/v2\/media?parent=147252"}],"wp:term":[{"taxonomy":"category","embeddable":true,"href":"https:\/\/grandepremio.com\/br\/wp-json\/wp\/v2\/categories?post=147252"},{"taxonomy":"post_tag","embeddable":true,"href":"https:\/\/grandepremio.com\/br\/wp-json\/wp\/v2\/tags?post=147252"},{"taxonomy":"42wp_author","embeddable":true,"href":"https:\/\/grandepremio.com\/br\/wp-json\/wp\/v2\/42wp_author?post=147252"}],"curies":[{"name":"wp","href":"https:\/\/api.w.org\/{rel}","templated":true}]}}