{"id":14759,"date":"2025-11-22T08:49:51","date_gmt":"2025-11-22T11:49:51","guid":{"rendered":"https:\/\/grandepremio.com\/br\/noticias\/tomoki-nojiri-encerra-jejum-super-formula-vence-corrida-1-suzuka-igor-fraga-2o\/"},"modified":"2025-11-22T08:49:56","modified_gmt":"2025-11-22T11:49:56","slug":"tomoki-nojiri-encerra-jejum-super-formula-vence-corrida-1-suzuka-igor-fraga-2o","status":"publish","type":"post","link":"https:\/\/grandepremio.com\/br\/super-formula\/tomoki-nojiri-encerra-jejum-super-formula-vence-corrida-1-suzuka-igor-fraga-2o\/","title":{"rendered":"Nojiri encerra jejum na Super F\u00f3rmula e vence corrida 1 em Suzuka. Fraga \u00e9 2\u00ba"},"content":{"rendered":"\n<p class=\"wp-block-paragraph\">A primeira corrida da etapa final da <strong>Super F\u00f3rmula<\/strong> terminou com<strong> Tomoki Nojiri <\/strong>de volta ao lugar mais alto do p\u00f3dio. Depois de mais de um ano sem vencer, o piloto levou a melhor em <strong>Suzuka<\/strong>, na primeira parte da etapa do fim de semana. E foi um dia com atraso e acidentes. Depois de Nojiri, veio <strong>Igor Fraga<\/strong>, piloto brasileiro. <strong>Tadasuke Makino<\/strong> completou o p\u00f3dio.<\/p>\n\n\n\n<p class=\"wp-block-paragraph\">\u25b6\ufe0f\u00a0<strong>Onde assistir F1?\u00a0<a href=\"https:\/\/www.grandepremio.com\/br\/programacao-tv\/noticias\/onde-assistir-corridas-fim-de-semana-tv-e-streaming-20-a-23-de-novembro\/\">Veja aqui todas as informa\u00e7\u00f5es.<\/a><\/strong><br><strong>\u25b6\ufe0f<\/strong>\u00a0<strong>F1: faltam quantas corridas?\u00a0<a href=\"https:\/\/www.grandepremio.com\/br\/f1\/calendario\/\" target=\"_blank\" rel=\"noreferrer noopener\">Veja o calend\u00e1rio da F1<\/a><\/strong><br><strong>\u25b6\ufe0f<\/strong>\u00a0<strong>Inscreva-se nos dois canais do GRANDE PR\u00caMIO no YouTube:\u00a0<a href=\"https:\/\/www.youtube.com\/channel\/UC9OlHEgxoaY6QY6nWPoiqQg?sub_confirmation=1\" target=\"_blank\" rel=\"noreferrer noopener\">GP<\/a>\u00a0|\u00a0<a href=\"https:\/\/www.youtube.com\/channel\/UC9csiS6q_C3C0FYhyr1rnFA?sub_confirmation=1\" target=\"_blank\" rel=\"noreferrer noopener\">GP2<\/a><\/strong><\/p>\n\n\n\n<p class=\"wp-block-paragraph\">O in\u00edcio da prova precisou ser adiado e, com isso, o n\u00famero de voltas foi reduzido de 27 para 26. A causa do problema foi o carro de <strong>Kazuta Kotaka<\/strong>, que apresentou problemas antes mesmo que fosse dada a largada. Depois que a corrida de fato come\u00e7ou, n\u00e3o demorou para que fosse interrompida novamente.<\/p>\n\n\n\n<p class=\"wp-block-paragraph\">Fraga atingiu <strong>Ayumi Iwasa<\/strong>, vice-l\u00edder do campeonato, que por isso precisou abandonar a disputa. Enquanto isso, o l\u00edder da temporada, <strong>Sho Tsuboi<\/strong>, assumia a sexta coloca\u00e7\u00e3o e assegurava vantagem em rela\u00e7\u00e3o ao principal rival.&nbsp;<\/p>\n\n\n\n<figure class=\"wp-block-image size-full\"><img decoding=\"async\" src=\"https:\/\/www.grandepremio.com\/br\/wp-content\/uploads\/2025\/11\/MK1_5183.jpg.webp\" alt=\"\" class=\"wp-image-1036661\"\/><figcaption class=\"wp-element-caption\">Nojiri, Fraga e Makino no p\u00f3dio da corrida 1 da Super F\u00f3rmula em Suzuka (Imagem: Divulga\u00e7\u00e3o\/Super F\u00f3rmula)<\/figcaption><\/figure>\n\n\n\n<p class=\"wp-block-paragraph\">Nas voltas seguintes, outro acidente, dessa vez com <strong>Zak O\u2019Sullivan<\/strong> e <strong>Oliver Rasmussen<\/strong>. O\u2019Sullivan n\u00e3o concluiu a prova e Rasmussen caiu para a \u00faltima posi\u00e7\u00e3o. Depois disso, a corrida prosseguiu sem mais acidentes.<\/p>\n\n\n\n<p class=\"wp-block-paragraph\">Ao final da disputa, Tsuboi foi o quarto colocado e <strong>Kakunoshin Ohta<\/strong>, o quinto. Depois, vieram <strong>Kazuya Oshima<\/strong>, <strong>Nirei Fukuzumi<\/strong>, <strong>Sasha Fenestraz<\/strong>, <strong>Ren Sato<\/strong> e <strong>Atsushi Miyake<\/strong>, que completou o top-10.<\/p>\n\n\n\n<p class=\"wp-block-paragraph\">A briga pelo t\u00edtulo chega no \u00faltima dia da temporada com Tsuboi na frente com 112,5 pontos, enquanto  Ohta e Iwasa t\u00eam 96 e Makino, 92. 40 pontos ainda est\u00e3o em disputa.<\/p>\n\n\n\n<p class=\"wp-block-paragraph\">As \u00faltimas corridas da Super F\u00f3rmula na temporada 2025 est\u00e3o marcadas para este s\u00e1bado (22), \u00e0s 21h50 (Hor\u00e1rio de Bras\u00edlia, GMT-3) e, depois, 2h50 do domingo (23), sempre em Suzuka.<\/p>\n\n\n\n<figure class=\"wp-block-embed is-type-video is-provider-youtube wp-block-embed-youtube wp-embed-aspect-16-9 wp-has-aspect-ratio\"><div class=\"wp-block-embed__wrapper\">\n<iframe loading=\"lazy\" title=\"NORRIS POLE, HAMILTON \u00daLTIMO: O GRID DE LARGADA DO GP DE LAS VEGAS F1 | BRIEFING\" width=\"500\" height=\"281\" src=\"https:\/\/www.youtube.com\/embed\/XvgPO6DR7Jw?start=1&amp;feature=oembed\" frameborder=\"0\" allow=\"accelerometer; autoplay; clipboard-write; encrypted-media; gyroscope; picture-in-picture; web-share\" referrerpolicy=\"strict-origin-when-cross-origin\" allowfullscreen><\/iframe>\n<\/div><figcaption class=\"wp-element-caption\">NORRIS POLE, HAMILTON \u00daLTIMO: O GRID DE LARGADA DO GP DE LAS VEGAS F1 | BRIEFING<br><a href=\"https:\/\/www.youtube.com\/@GrandePremio1\"><\/a><br><\/figcaption><\/figure>\n","protected":false},"excerpt":{"rendered":"<p>A primeira das tr\u00eas corridas da decis\u00e3o da temporada de 2025 da Super F\u00f3rmula contou com atraso, acidentes e Igor Fraga de volta ao p\u00f3dio<\/p>\n","protected":false},"author":0,"featured_media":1001036660,"comment_status":"closed","ping_status":"closed","sticky":false,"template":"","format":"standard","meta":{"42wp_featured_image_caption":"","42wp_featured_image_credits":"","42wp_featured_video":"","42wp_featured_image_hidden":false,"42wp_authors_list":[],"footnotes":""},"categories":[55],"tags":[],"42wp_author":[47167],"class_list":["post-14759","post","type-post","status-publish","format-standard","has-post-thumbnail","hentry","category-super-formula","42wp_author-julia-palomares-aro"],"_links":{"self":[{"href":"https:\/\/grandepremio.com\/br\/wp-json\/wp\/v2\/posts\/14759","targetHints":{"allow":["GET"]}}],"collection":[{"href":"https:\/\/grandepremio.com\/br\/wp-json\/wp\/v2\/posts"}],"about":[{"href":"https:\/\/grandepremio.com\/br\/wp-json\/wp\/v2\/types\/post"}],"replies":[{"embeddable":true,"href":"https:\/\/grandepremio.com\/br\/wp-json\/wp\/v2\/comments?post=14759"}],"version-history":[{"count":0,"href":"https:\/\/grandepremio.com\/br\/wp-json\/wp\/v2\/posts\/14759\/revisions"}],"wp:featuredmedia":[{"embeddable":true,"href":"https:\/\/grandepremio.com\/br\/wp-json\/wp\/v2\/media\/1001036660"}],"wp:attachment":[{"href":"https:\/\/grandepremio.com\/br\/wp-json\/wp\/v2\/media?parent=14759"}],"wp:term":[{"taxonomy":"category","embeddable":true,"href":"https:\/\/grandepremio.com\/br\/wp-json\/wp\/v2\/categories?post=14759"},{"taxonomy":"post_tag","embeddable":true,"href":"https:\/\/grandepremio.com\/br\/wp-json\/wp\/v2\/tags?post=14759"},{"taxonomy":"42wp_author","embeddable":true,"href":"https:\/\/grandepremio.com\/br\/wp-json\/wp\/v2\/42wp_author?post=14759"}],"curies":[{"name":"wp","href":"https:\/\/api.w.org\/{rel}","templated":true}]}}