{"id":147636,"date":"2026-07-04T15:31:35","date_gmt":"2026-07-04T18:31:35","guid":{"rendered":"https:\/\/grandepremio.com\/br\/?p=147636"},"modified":"2026-07-08T11:48:48","modified_gmt":"2026-07-08T14:48:48","slug":"pierre-gasly-leva-punicao-perde-3-posicoes-grid-inglaterra-atrapalhar-lance-stroll","status":"publish","type":"post","link":"https:\/\/grandepremio.com\/br\/f1\/pierre-gasly-leva-punicao-perde-3-posicoes-grid-inglaterra-atrapalhar-lance-stroll\/","title":{"rendered":"Gasly leva puni\u00e7\u00e3o e perde 3 posi\u00e7\u00f5es no grid da Inglaterra por atrapalhar Stroll"},"content":{"rendered":"\n<p class=\"wp-block-paragraph\"><strong>Pierre Gasly<\/strong> foi punido e perder\u00e1 tr\u00eas posi\u00e7\u00f5es no grid de largada do <strong>GP da Inglaterra<\/strong>. Na sess\u00e3o de classifica\u00e7\u00e3o, realizada neste s\u00e1bado (4), o franc\u00eas da <strong>Alpine<\/strong> acabou atrapalhando <strong>Lance Stroll<\/strong>, da <strong>Aston Martin<\/strong>. Com a san\u00e7\u00e3o, o piloto cai de 12\u00ba para 15\u00ba no grid da corrida que acontece neste domingo.<\/p>\n\n\n\n<p class=\"wp-block-paragraph\">No Q1, Stroll estava em volta r\u00e1pida quando encontrou Gasly lento na curva 15, o que for\u00e7ou o canadense a sair da linha de corrida e prejudicar a tentativa. Pierre explicou que o r\u00e1dio n\u00e3o funcionava no momento e que esperava que outro piloto (Antonelli) permanecesse atr\u00e1s.<\/p>\n\n\n\n<p class=\"wp-block-paragraph\">Apesar de entender que a justificativa de Gasly era plaus\u00edvel, a dire\u00e7\u00e3o de prova entendeu que a aus\u00eancia de r\u00e1dio n\u00e3o remove a responsabilidade de Pierre em bloquear outro carro, j\u00e1 que permaneceu lento na linha de corrida e tinha informa\u00e7\u00f5es o suficiente, como no painel do volante, para entender que Lance estava em volta r\u00e1pida.<\/p>\n\n\n\n<figure class=\"wp-block-embed is-type-video is-provider-youtube wp-block-embed-youtube wp-embed-aspect-16-9 wp-has-aspect-ratio\"><div class=\"wp-block-embed__wrapper\">\n<iframe loading=\"lazy\" title=\"F1 2026: ANTONELLI POLE NA INGLATERRA: VEJA GRID DE LARGADA [narra\u00e7\u00e3o + Briefing]\" width=\"500\" height=\"281\" src=\"https:\/\/www.youtube.com\/embed\/RwPAR5LalWU?feature=oembed\" frameborder=\"0\" allow=\"accelerometer; autoplay; clipboard-write; encrypted-media; gyroscope; picture-in-picture; web-share\" referrerpolicy=\"strict-origin-when-cross-origin\" allowfullscreen><\/iframe>\n<\/div><\/figure>\n\n\n\n<p class=\"wp-block-paragraph\">No Q1, Stroll estava em volta r\u00e1pida quando encontrou Gasly lento na curva 15, o que for\u00e7ou o canadense a sair da linha de corrida e prejudicar a tentativa. Pierre explicou que o r\u00e1dio n\u00e3o funcionava no momento e que esperava que outro piloto (Antonelli) permanecesse atr\u00e1s.<\/p>\n\n\n\n<p class=\"wp-block-paragraph\">Apesar de entender que a justificativa de Gasly era plaus\u00edvel, a dire\u00e7\u00e3o de prova entendeu que a aus\u00eancia de r\u00e1dio n\u00e3o remove a responsabilidade de Pierre em bloquear outro carro, j\u00e1 que permaneceu lento na linha de corrida e tinha informa\u00e7\u00f5es o suficiente, como no painel do volante, para entender que Lance estava em volta r\u00e1pida.<\/p>\n\n\n\n<p class=\"wp-block-paragraph\">Com isso, veio uma puni\u00e7\u00e3o de tr\u00eas posi\u00e7\u00f5es para Pierre. Os principais beneficiados s\u00e3o <strong>Nico H\u00fclkenberg, da Audi; Oliver Bearman, da Haas e Carlos Sainz, da Williams<\/strong>, que ganham um posto cada.<\/p>\n\n\n\n<p class=\"wp-block-paragraph\">O&nbsp;<strong>GRANDE PR\u00caMIO<\/strong>&nbsp;acompanha todas as atividades do&nbsp;<strong>GP da Inglaterra<\/strong>&nbsp;<a href=\"https:\/\/www.grandepremio.com\/br\/ao-vivo\/f1\/\">&nbsp;<strong>AO VIVO E EM&nbsp;<\/strong><\/a><strong><a href=\"https:\/\/www.grandepremio.com\/br\/ao-vivo\/\" target=\"_blank\" rel=\"noreferrer noopener\">TEMPO REAL<\/a><\/strong>,&nbsp;<a href=\"https:\/\/www.youtube.com\/@GrandePremio1\/streams\">com classifica\u00e7\u00f5es e corridas em&nbsp;<strong>SEGUNDA TELA&nbsp;<\/strong>no YouTube<\/a>, em parceria com a&nbsp;<strong>Voz do Esporte<\/strong>. O&nbsp;<strong>Briefing&nbsp;<\/strong>chega para analisar ap\u00f3s o fim de cada dia de atividades nas redes sociais e na&nbsp;<strong>GPTV<\/strong>.<\/p>\n\n\n\n<p class=\"wp-block-paragraph\">Al\u00e9m da cobertura completa das atividades, o&nbsp;<strong>GRANDE PR\u00caMIO<\/strong>&nbsp;tamb\u00e9m est\u00e1 in loco em&nbsp;<strong>Silverstone<\/strong>&nbsp;com o rep\u00f3rter&nbsp;<strong>Leonid Kliuev<\/strong>.<\/p>\n\n\n\n<figure class=\"wp-block-table\"><table class=\"has-fixed-layout\"><tbody><tr><td><strong>Sess\u00e3o<\/strong><\/td><td><strong>BRA*<\/strong><\/td><td><strong>CBV<\/strong><\/td><td><strong>POR<\/strong><br><strong>ANG<\/strong><\/td><td><strong>MOZ<\/strong><\/td><\/tr><tr><td>Corrida<\/td><td>11:00<\/td><td>13:00<\/td><td>15:00<\/td><td>16:00<\/td><\/tr><\/tbody><\/table><\/figure>\n\n\n\n<p class=\"wp-block-paragraph\"><em>*Hor\u00e1rio de Bras\u00edlia<\/em><\/p>\n\n\n\n<p class=\"wp-block-paragraph\">\u25b6\ufe0f&nbsp;<strong>F1:&nbsp;<a href=\"https:\/\/www.grandepremio.com\/br\/f1\/calendario\/\">confira o calend\u00e1rio completo de 2026<\/a><\/strong>&nbsp;<br>\u25b6\ufe0f&nbsp;<strong>Inscreva-se nos dois canais do GRANDE PR\u00caMIO no YouTube:&nbsp;<a href=\"https:\/\/www.youtube.com\/channel\/UC9OlHEgxoaY6QY6nWPoiqQg?sub_confirmation=1\">GP<\/a>&nbsp;|&nbsp;<a href=\"https:\/\/www.youtube.com\/channel\/UC9csiS6q_C3C0FYhyr1rnFA?sub_confirmation=1\">GPTV<\/a><\/strong><\/p>\n\n\n\n<h2 class=\"wp-block-heading\"><strong>F1 hoje: saiba aqui as not\u00edcias mais importantes do dia da F\u00f3rmula 1<\/strong><\/h2>\n\n\n\n<p class=\"wp-block-paragraph\">A reda\u00e7\u00e3o do&nbsp;<strong>GRANDE PR\u00caMIO<\/strong>&nbsp;selecionou as not\u00edcias mais importantes das \u00faltimas horas para voc\u00ea ficar por dentro de tudo que acontece na F1.<\/p>\n\n\n\n<p class=\"wp-block-paragraph\">\u25b6\ufe0f <a href=\"https:\/\/grandepremio.com\/br\/f1\/andrea-kimi-antonelli-frustra-torcidas-lewis-hamilton-george-russell-crava-pole-gp-da-inglaterra\/\"><strong>Antonelli frustra torcidas de Hamilton e Russell e crava pole do GP da Inglaterra<\/strong><\/a><br>\u25b6\ufe0f <a href=\"https:\/\/grandepremio.com\/br\/f1\/f1-2026-como-ficou-grid-largada-gp-inglaterra\/\"><strong>F1 2026: como ficou o grid de largada do GP da Inglaterra<\/strong><\/a><br>\u25b6\ufe0f <a href=\"https:\/\/grandepremio.com\/br\/f1\/andrea-kimi-antonelli-festeja-pole-gratificante-silverstone-melhoramos-longo-dia\/\"><strong>Antonelli festeja pole \u201cgratificante\u201d em Silverstone: \u201cMelhoramos ao longo do dia\u201d<\/strong><\/a><br>\u25b6\ufe0f <a href=\"https:\/\/grandepremio.com\/br\/f1\/charles-leclerc-celebra-2-lugar-grid-gp-inglaterra-estou-confiante-novamente\/\"><strong>Leclerc celebra 2\u00ba lugar no grid do GP da Inglaterra: \u201cEstou confia<\/strong><\/a><\/p>\n","protected":false},"excerpt":{"rendered":"<p>Pierre Gasly atrapalhou Lance Stroll no Q1 da classifica\u00e7\u00e3o do GP da Inglaterra e vai perder tr\u00eas posi\u00e7\u00f5es no grid. Nico H\u00fclkenberg, Carlos Sainz e Oliver Bearman s\u00e3o beneficiados<\/p>\n","protected":false},"author":16,"featured_media":1020308512,"comment_status":"closed","ping_status":"closed","sticky":false,"template":"","format":"standard","meta":{"42wp_featured_image_caption":"Pierre Gasly","42wp_featured_image_credits":"(Foto: Alpine)","42wp_featured_video":"","42wp_featured_image_hidden":false,"42wp_authors_list":[],"footnotes":""},"categories":[2],"tags":[1276,1417,20491,27861,34712,309,26271,546,209,5273,302,147,29516,29148,176,207,180,31425,28995,25440,350,800,1505,40176,1491,28285,119,30840,46649,4361,28104,485,547,87,595,203,90,82,1521,29923,35129,2916,676,38179,204,1197,3632,46650,31927,31470,215],"42wp_author":[47119],"class_list":["post-147636","post","type-post","status-publish","format-standard","has-post-thumbnail","hentry","category-f1","tag-abu-dhabi","tag-alex-albon","tag-alpine","tag-andrea-kimi-antonelli","tag-arvid-lindblad","tag-aston-martin","tag-calendario-f1","tag-carlos-sainz","tag-charles-leclerc","tag-classificacao-f1","tag-esteban-ocon","tag-f1","tag-f1-2026","tag-f1-hoje","tag-fernando-alonso","tag-ferrari","tag-formula-1","tag-formula-1-2026","tag-formula-1-hoje","tag-franco-colapinto","tag-gabriel-bortoleto","tag-george-russell","tag-gp-da-inglaterra","tag-gp-da-inglaterra-f1","tag-grande-premio","tag-grandepremio","tag-haas","tag-horarios-f1","tag-inglaterra-2026","tag-inglaterra-f1","tag-isack-hadjar","tag-lance-stroll","tag-lando-norris","tag-lewis-hamilton","tag-liam-lawson","tag-max-verstappen","tag-mclaren","tag-mercedes","tag-nico-hulkenberg","tag-oliver-bearman","tag-onde-assistir-f1","tag-oscar-piastri","tag-pierre-gasly","tag-racing-bulls","tag-red-bull","tag-sauber","tag-silverstone","tag-silverstone-2026","tag-silverstone-f1","tag-temporada-2026-f1","tag-williams","42wp_author-gabriel-carvalho"],"_links":{"self":[{"href":"https:\/\/grandepremio.com\/br\/wp-json\/wp\/v2\/posts\/147636","targetHints":{"allow":["GET"]}}],"collection":[{"href":"https:\/\/grandepremio.com\/br\/wp-json\/wp\/v2\/posts"}],"about":[{"href":"https:\/\/grandepremio.com\/br\/wp-json\/wp\/v2\/types\/post"}],"author":[{"embeddable":true,"href":"https:\/\/grandepremio.com\/br\/wp-json\/wp\/v2\/users\/16"}],"replies":[{"embeddable":true,"href":"https:\/\/grandepremio.com\/br\/wp-json\/wp\/v2\/comments?post=147636"}],"version-history":[{"count":1,"href":"https:\/\/grandepremio.com\/br\/wp-json\/wp\/v2\/posts\/147636\/revisions"}],"predecessor-version":[{"id":147646,"href":"https:\/\/grandepremio.com\/br\/wp-json\/wp\/v2\/posts\/147636\/revisions\/147646"}],"wp:featuredmedia":[{"embeddable":true,"href":"https:\/\/grandepremio.com\/br\/wp-json\/wp\/v2\/media\/1020308512"}],"wp:attachment":[{"href":"https:\/\/grandepremio.com\/br\/wp-json\/wp\/v2\/media?parent=147636"}],"wp:term":[{"taxonomy":"category","embeddable":true,"href":"https:\/\/grandepremio.com\/br\/wp-json\/wp\/v2\/categories?post=147636"},{"taxonomy":"post_tag","embeddable":true,"href":"https:\/\/grandepremio.com\/br\/wp-json\/wp\/v2\/tags?post=147636"},{"taxonomy":"42wp_author","embeddable":true,"href":"https:\/\/grandepremio.com\/br\/wp-json\/wp\/v2\/42wp_author?post=147636"}],"curies":[{"name":"wp","href":"https:\/\/api.w.org\/{rel}","templated":true}]}}