{"id":148388,"date":"2026-07-06T09:32:46","date_gmt":"2026-07-06T12:32:46","guid":{"rendered":"https:\/\/grandepremio.com\/br\/?p=148388"},"modified":"2026-07-06T09:34:41","modified_gmt":"2026-07-06T12:34:41","slug":"andrea-kimi-antonelli-nega-abatimento-reves-gp-da-inglaterra-so-aumenta-motivacao","status":"publish","type":"post","link":"https:\/\/grandepremio.com\/br\/f1\/andrea-kimi-antonelli-nega-abatimento-reves-gp-da-inglaterra-so-aumenta-motivacao\/","title":{"rendered":"Antonelli nega abatimento por rev\u00e9s no GP da Inglaterra: &#8220;S\u00f3 aumenta motiva\u00e7\u00e3o&#8221;"},"content":{"rendered":"\n<p class=\"wp-block-paragraph\"><strong>Andrea Kimi Antonelli<\/strong> deixou o <a href=\"https:\/\/grandepremio.com\/br\/f1\/charles-leclerc-bate-mercedes-vence-inglaterra-gabriel-bortoleto-pontua-andrea-kimi-antonelli-sofre\/\"><strong>GP da Inglaterra<\/strong> de domingo (5)<\/a> frustrado com o resultado, mas garantiu que o desempenho apresentado pela <strong>Mercedes <\/strong>ao longo do fim de semana refor\u00e7ou a confian\u00e7a para a sequ\u00eancia da temporada 2026 da <strong>F\u00f3rmula 1<\/strong>. O italiano afirmou que a perda de muitos pontos n\u00e3o diminui o otimismo, mas aumenta ainda mais a motiva\u00e7\u00e3o para buscar um resultado melhor na pr\u00f3xima etapa, na <strong>B\u00e9lgica<\/strong>.<\/p>\n\n\n\n<p class=\"wp-block-paragraph\">Antonelli largou da pole-position, chegou a liderar parte da corrida e se manteve na disputa pela vit\u00f3ria contra <strong>Charles Leclerc<\/strong> at\u00e9 sofrer um problema mec\u00e2nico no <strong>W17<\/strong> na volta 42. O piloto ainda conseguiu levar o carro at\u00e9 a bandeirada, mas recebeu 5s de puni\u00e7\u00e3o por exceder os limites de pista e terminou apenas em 15\u00ba. Como consequ\u00eancia, <a href=\"https:\/\/grandepremio.com\/br\/f1\/andrea-kimi-antonelli-ve-vantagem-cair-25-pontos-confira-classificacao-f1-2026\/\">viu a vantagem no <strong>Mundial de Pilotos<\/strong> cair para 25 pontos<\/a>.<\/p>\n\n\n\n<figure class=\"wp-block-embed is-type-video is-provider-youtube wp-block-embed-youtube wp-embed-aspect-16-9 wp-has-aspect-ratio\"><div class=\"wp-block-embed__wrapper\">\n<iframe loading=\"lazy\" title=\"F1 2026: VERGONHA DA FIA! LECLERC VENCE NA INGLATERRA SOB SAFETY-CAR! [narra\u00e7\u00e3o + Briefing]\" width=\"500\" height=\"281\" src=\"https:\/\/www.youtube.com\/embed\/Cay7zB2XJX0?feature=oembed\" frameborder=\"0\" allow=\"accelerometer; autoplay; clipboard-write; encrypted-media; gyroscope; picture-in-picture; web-share\" referrerpolicy=\"strict-origin-when-cross-origin\" allowfullscreen><\/iframe>\n<\/div><\/figure>\n\n\n\n<p class=\"wp-block-paragraph\">Em entrevista acompanhada pelo <strong>GRANDE PR\u00caMIO<\/strong>, Antonelli preferiu destacar o desempenho da Mercedes durante o fim de semana e afirmou que a equipe mostrou o verdadeiro potencial do carro apesar do resultado decepcionante.<\/p>\n\n\n\n<p class=\"wp-block-paragraph\">&#8220;Perdemos muitos pontos, mas o momento continua sendo positivo, porque acho que neste fim de semana mostramos nossa velocidade. Tamb\u00e9m mostramos qual pode ser o nosso potencial quando estou em uma boa fase, quando n\u00f3s, como equipe, encontramos um bom equil\u00edbrio com o carro. Mostramos do que somos capazes&#8221;, afirmou.<\/p>\n\n\n\n<p class=\"wp-block-paragraph\">O italiano ressaltou que o abandono n\u00e3o abalou a confian\u00e7a constru\u00edda nas \u00faltimas etapas e revelou que o contratempo serviu como combust\u00edvel para tentar dar a resposta imediatamente em <strong>Spa-Francorchamps<\/strong>.<\/p>\n\n\n\n<p class=\"wp-block-paragraph\">&#8220;Ent\u00e3o, acho que esse bom momento continua existindo. Na verdade, esse rev\u00e9s faz a chama crescer ainda mais para chegar a Spa e tentar fazer um trabalho ainda melhor&#8221;, completou.<\/p>\n\n\n\n<figure class=\"wp-block-image size-large\"><img loading=\"lazy\" decoding=\"async\" width=\"1024\" height=\"683\" src=\"https:\/\/grandepremio.com\/br\/wp-content\/uploads\/2026\/07\/f1-2026-inglaterra-corrida-sprint-mercedes-kimi-antonelli-01-1-1024x683.jpeg\" alt=\"F1 2026, INGLATERRA, CORRIDA, MERCEDES, KIMI ANTONELLI\" class=\"wp-image-1020308728\" srcset=\"https:\/\/grandepremio.com\/wp-content\/uploads\/2026\/07\/f1-2026-inglaterra-corrida-sprint-mercedes-kimi-antonelli-01-1-1024x683.jpeg 1024w, https:\/\/grandepremio.com\/wp-content\/uploads\/2026\/07\/f1-2026-inglaterra-corrida-sprint-mercedes-kimi-antonelli-01-1-300x200.jpeg 300w, https:\/\/grandepremio.com\/wp-content\/uploads\/2026\/07\/f1-2026-inglaterra-corrida-sprint-mercedes-kimi-antonelli-01-1-768x512.jpeg 768w, https:\/\/grandepremio.com\/wp-content\/uploads\/2026\/07\/f1-2026-inglaterra-corrida-sprint-mercedes-kimi-antonelli-01-1-1536x1025.jpeg 1536w, https:\/\/grandepremio.com\/wp-content\/uploads\/2026\/07\/f1-2026-inglaterra-corrida-sprint-mercedes-kimi-antonelli-01-1-150x100.jpeg 150w, https:\/\/grandepremio.com\/wp-content\/uploads\/2026\/07\/f1-2026-inglaterra-corrida-sprint-mercedes-kimi-antonelli-01-1.jpeg 2048w\" sizes=\"(max-width: 1024px) 100vw, 1024px\" \/><figcaption class=\"wp-element-caption\">Kimi Antonelli sofreu com quebra da Mercedes e terminou GP da Inglaterra apenas em 15\u00ba (Foto: Mercedes)<\/figcaption><\/figure>\n\n\n\n<p class=\"wp-block-paragraph\">A<strong>&nbsp;F\u00f3rmula 1<\/strong>&nbsp;volta de 17 a 19 de julho no<strong>&nbsp;GP da B\u00e9lgica<\/strong>, em&nbsp;<strong>Spa-Francorchamps<\/strong>, d\u00e9cimo da&nbsp;<strong>temporada 2026<\/strong>.<\/p>\n\n\n\n<p class=\"wp-block-paragraph\">\u25b6\ufe0f&nbsp;<strong>F1:&nbsp;<a href=\"https:\/\/www.grandepremio.com\/br\/f1\/calendario\/\">confira o calend\u00e1rio completo de 2026<\/a><\/strong><br>\u25b6\ufe0f&nbsp;<strong>Inscreva-se nos dois canais do GRANDE PR\u00caMIO no YouTube:&nbsp;<a href=\"https:\/\/www.youtube.com\/channel\/UC9OlHEgxoaY6QY6nWPoiqQg?sub_confirmation=1\">GP<\/a>&nbsp;|&nbsp;<a href=\"https:\/\/www.youtube.com\/channel\/UC9csiS6q_C3C0FYhyr1rnFA?sub_confirmation=1\">GPTV<\/a><\/strong><\/p>\n\n\n\n<h2 class=\"wp-block-heading\"><strong>F1 hoje: saiba aqui as not\u00edcias mais importantes do dia da F\u00f3rmula 1<\/strong><\/h2>\n\n\n\n<p class=\"wp-block-paragraph\">A reda\u00e7\u00e3o do&nbsp;<strong>GRANDE PR\u00caMIO<\/strong>&nbsp;selecionou as not\u00edcias mais importantes das \u00faltimas horas para voc\u00ea ficar por dentro de tudo que acontece na F1.<\/p>\n\n\n\n<p class=\"wp-block-paragraph\">\u25b6\ufe0f <a href=\"https:\/\/grandepremio.com\/br\/f1\/mercedes-recorda-final-2021-cutuca-fia-bom-seguiram-regras\/\">Mercedes recorda final de 2021 e cutuca FIA: \u201cQue bom que seguiram as regras\u201d<\/a><br>\u25b6\ufe0f <a href=\"https:\/\/grandepremio.com\/br\/f1\/bahrein-aproxima-volta-calendario-f1-2026-apos-reuniao-silverstone\/\">Bahrein se aproxima de volta ao calend\u00e1rio da F1 2026 ap\u00f3s reuni\u00e3o em Silverstone<\/a><br>\u25b6\ufe0f <a href=\"https:\/\/grandepremio.com\/br\/f1\/como-abandono-max-verstappen-inglaterra-abre-caminho-rescisao-red-bull\/\">Como abandono de Verstappen na Inglaterra abre caminho para rescis\u00e3o com Red Bull<\/a><br>\u25b6\ufe0f <a href=\"https:\/\/grandepremio.com\/br\/f1\/red-bull-promete-investigacao-cogita-deixar-asa-macarena-de-lado-spa\/\">Red Bull promete investiga\u00e7\u00e3o e cogita deixar asa Macarena de lado em Spa<\/a><br>\u25b6\ufe0f <a href=\"https:\/\/grandepremio.com\/br\/f1\/maldicao-europa-faz-andrea-kimi-antonelli-perder-41-pontos-4-gps-f1-2026\/\">\u2018Maldi\u00e7\u00e3o da Europa\u2019 faz Antonelli perder 41 pontos em 4 GPs na F1 2026<\/a><\/p>\n","protected":false},"excerpt":{"rendered":"<p>Andrea Kimi Antonelli reconheceu que problemas no GP da Inglaterra custou muitos pontos, mas destacou desempenho apresentado pela Mercedes em Silverstone e disse que rev\u00e9s aumenta ainda mais vontade de reagir na B\u00e9lgica<\/p>\n","protected":false},"author":9,"featured_media":1020308541,"comment_status":"closed","ping_status":"closed","sticky":false,"template":"","format":"standard","meta":{"42wp_featured_image_caption":"Antonelli garantiu que decep\u00e7\u00e3o no GP da Inglaterra n\u00e3o o abate","42wp_featured_image_credits":"Reprodu\u00e7\u00e3o \/ F1","42wp_featured_video":"","42wp_featured_image_hidden":false,"42wp_authors_list":[],"footnotes":""},"categories":[2],"tags":[27861,26271,209,147,29516,29148,24868,31425,28995,1505,40176,24836,28285,36194,897,46649,4361,82,35129,3632,46650,31927,31470],"42wp_author":[47165,47164],"class_list":["post-148388","post","type-post","status-publish","format-standard","has-post-thumbnail","hentry","category-f1","tag-andrea-kimi-antonelli","tag-calendario-f1","tag-charles-leclerc","tag-f1","tag-f1-2026","tag-f1-hoje","tag-formula-1-3","tag-formula-1-2026","tag-formula-1-hoje","tag-gp-da-inglaterra","tag-gp-da-inglaterra-f1","tag-grande-premio-2","tag-grandepremio","tag-horarios-f1-2","tag-inglaterra","tag-inglaterra-2026","tag-inglaterra-f1","tag-mercedes","tag-onde-assistir-f1","tag-silverstone","tag-silverstone-2026","tag-silverstone-f1","tag-temporada-2026-f1","42wp_author-leonid-kluiev","42wp_author-marcos-gil-ribeiro"],"_links":{"self":[{"href":"https:\/\/grandepremio.com\/br\/wp-json\/wp\/v2\/posts\/148388","targetHints":{"allow":["GET"]}}],"collection":[{"href":"https:\/\/grandepremio.com\/br\/wp-json\/wp\/v2\/posts"}],"about":[{"href":"https:\/\/grandepremio.com\/br\/wp-json\/wp\/v2\/types\/post"}],"author":[{"embeddable":true,"href":"https:\/\/grandepremio.com\/br\/wp-json\/wp\/v2\/users\/9"}],"replies":[{"embeddable":true,"href":"https:\/\/grandepremio.com\/br\/wp-json\/wp\/v2\/comments?post=148388"}],"version-history":[{"count":7,"href":"https:\/\/grandepremio.com\/br\/wp-json\/wp\/v2\/posts\/148388\/revisions"}],"predecessor-version":[{"id":148399,"href":"https:\/\/grandepremio.com\/br\/wp-json\/wp\/v2\/posts\/148388\/revisions\/148399"}],"wp:featuredmedia":[{"embeddable":true,"href":"https:\/\/grandepremio.com\/br\/wp-json\/wp\/v2\/media\/1020308541"}],"wp:attachment":[{"href":"https:\/\/grandepremio.com\/br\/wp-json\/wp\/v2\/media?parent=148388"}],"wp:term":[{"taxonomy":"category","embeddable":true,"href":"https:\/\/grandepremio.com\/br\/wp-json\/wp\/v2\/categories?post=148388"},{"taxonomy":"post_tag","embeddable":true,"href":"https:\/\/grandepremio.com\/br\/wp-json\/wp\/v2\/tags?post=148388"},{"taxonomy":"42wp_author","embeddable":true,"href":"https:\/\/grandepremio.com\/br\/wp-json\/wp\/v2\/42wp_author?post=148388"}],"curies":[{"name":"wp","href":"https:\/\/api.w.org\/{rel}","templated":true}]}}