{"id":148427,"date":"2026-07-06T11:35:50","date_gmt":"2026-07-06T14:35:50","guid":{"rendered":"https:\/\/grandepremio.com\/br\/?p=148427"},"modified":"2026-07-06T11:35:52","modified_gmt":"2026-07-06T14:35:52","slug":"mercedes-retruca-frederic-vasseur-diz-mal-interpretado-sobre-gastos-ferrari","status":"publish","type":"post","link":"https:\/\/grandepremio.com\/br\/f1\/mercedes-retruca-frederic-vasseur-diz-mal-interpretado-sobre-gastos-ferrari\/","title":{"rendered":"Mercedes retruca Vasseur e diz que foi &#8220;mal interpretado&#8221; sobre gastos da Ferrari"},"content":{"rendered":"\n<p class=\"wp-block-paragraph\"><strong>Toto Wolff <\/strong>tentou colocar um ponto final na pol\u00eamica envolvendo suas declara\u00e7\u00f5es sobre o ritmo de desenvolvimento da Ferrari na <strong>F\u00f3rmula 1<\/strong>. O chefe da Mercedes afirmou que <strong>Fr\u00e9d\u00e9ric Vasseur <\/strong>interpretou de maneira equivocada seus coment\u00e1rios feitos ap\u00f3s o <strong>GP da \u00c1ustria <\/strong>e garantiu que jamais insinuou qualquer irregularidade relacionada ao teto de gastos da categoria.<\/p>\n\n\n\n<p class=\"wp-block-paragraph\">A controv\u00e9rsia come\u00e7ou depois que Wolff admitiu surpresa com a quantidade de atualiza\u00e7\u00f5es introduzidas pela Ferrari ao longo da temporada. Durante o <strong>GP da Inglaterra,<\/strong> disputado no \u00faltimo fim de semana, Vasseur respondeu \u00e0s declara\u00e7\u00f5es e deixou claro o inc\u00f4modo com a interpreta\u00e7\u00e3o de que a equipe italiana pudesse estar extrapolando os limites or\u00e7ament\u00e1rios.<\/p>\n\n\n\n<figure class=\"wp-block-embed is-type-video is-provider-youtube wp-block-embed-youtube wp-embed-aspect-16-9 wp-has-aspect-ratio\"><div class=\"wp-block-embed__wrapper\">\n<iframe loading=\"lazy\" title=\"F1 2026: VERGONHA DA FIA! LECLERC VENCE NA INGLATERRA SOB SAFETY-CAR! [narra\u00e7\u00e3o + Briefing]\" width=\"500\" height=\"281\" src=\"https:\/\/www.youtube.com\/embed\/Cay7zB2XJX0?feature=oembed\" frameborder=\"0\" allow=\"accelerometer; autoplay; clipboard-write; encrypted-media; gyroscope; picture-in-picture; web-share\" referrerpolicy=\"strict-origin-when-cross-origin\" allowfullscreen><\/iframe>\n<\/div><\/figure>\n\n\n\n<p class=\"wp-block-paragraph\">Em entrevista \u00e0 emissora inglesa Sky Sports, Wolff voltou ao assunto e atribuiu a rea\u00e7\u00e3o do dirigente franc\u00eas ao envolvimento emocional natural de quem lidera uma equipe de ponta.<\/p>\n\n\n\n<p class=\"wp-block-paragraph\">&#8220;Fred \u00e9 muito emotivo. Se ele tivesse lido meus coment\u00e1rios em vez de apenas a manchete, teria visto que o que eu disse foi apenas uma observa\u00e7\u00e3o. Seria interessante ver quantas atualiza\u00e7\u00f5es \u00e9 poss\u00edvel introduzir no fim da temporada&#8221;, afirmou.<\/p>\n\n\n\n<figure class=\"wp-block-image size-large\"><img loading=\"lazy\" decoding=\"async\" width=\"1024\" height=\"576\" src=\"https:\/\/grandepremio.com\/br\/wp-content\/uploads\/2026\/06\/f1-2026-monaco-rodrigo-ruiz-quinta-ferrari-frederic-vasseur-01-1024x576.webp\" alt=\"\" class=\"wp-image-1010404055\" srcset=\"https:\/\/grandepremio.com\/wp-content\/uploads\/2026\/06\/f1-2026-monaco-rodrigo-ruiz-quinta-ferrari-frederic-vasseur-01-1024x576.webp 1024w, https:\/\/grandepremio.com\/wp-content\/uploads\/2026\/06\/f1-2026-monaco-rodrigo-ruiz-quinta-ferrari-frederic-vasseur-01-300x169.webp 300w, https:\/\/grandepremio.com\/wp-content\/uploads\/2026\/06\/f1-2026-monaco-rodrigo-ruiz-quinta-ferrari-frederic-vasseur-01-768x432.webp 768w, https:\/\/grandepremio.com\/wp-content\/uploads\/2026\/06\/f1-2026-monaco-rodrigo-ruiz-quinta-ferrari-frederic-vasseur-01-150x84.webp 150w, https:\/\/grandepremio.com\/wp-content\/uploads\/2026\/06\/f1-2026-monaco-rodrigo-ruiz-quinta-ferrari-frederic-vasseur-01.webp 1200w\" sizes=\"(max-width: 1024px) 100vw, 1024px\" \/><figcaption class=\"wp-element-caption\">Fr\u00e9d\u00e9ric Vasseur ficou irritado ap\u00f3s coment\u00e1rios iniciais de Toto Wolff sobre atualiza\u00e7\u00f5es da Ferrari (Foto: Rodrigo Ruiz\/Grande Pr\u00eamio)<\/figcaption><\/figure>\n\n\n\n<p class=\"wp-block-paragraph\">O austr\u00edaco ressaltou que entende a postura do rival e classificou a repercuss\u00e3o como consequ\u00eancia da competitividade existente entre as equipes.<\/p>\n\n\n\n<p class=\"wp-block-paragraph\">&#8220;Mas \u00e9 isso. \u00c9 a emo\u00e7\u00e3o que todos n\u00f3s temos. E a paix\u00e3o pelo sucesso da nossa pr\u00f3pria equipe. N\u00e3o vejo problema nisso&#8221;, ressaltou.<\/p>\n\n\n\n<p class=\"wp-block-paragraph\">Questionado se Vasseur havia tirado suas declara\u00e7\u00f5es de contexto, Wolff respondeu de forma direta e reiterou que sua inten\u00e7\u00e3o nunca foi levantar suspeitas sobre a Ferrari.<\/p>\n\n\n\n<p class=\"wp-block-paragraph\">&#8220;Sim. Foi mal interpretado. Quando quero que algo seja compreendido de determinada maneira, fa\u00e7o quest\u00e3o de deixar isso claro. Naquele caso, essa n\u00e3o era a minha inten\u00e7\u00e3o&#8221;, concluiu.<\/p>\n\n\n\n<p class=\"wp-block-paragraph\">A<strong>&nbsp;F\u00f3rmula 1<\/strong>&nbsp;volta de 17 a 19 de julho no<strong>&nbsp;GP da B\u00e9lgica<\/strong>, em&nbsp;<strong>Spa-Francorchamps<\/strong>, d\u00e9cimo da&nbsp;<strong>temporada 2026<\/strong>.<\/p>\n\n\n\n<p class=\"wp-block-paragraph\">\u25b6\ufe0f&nbsp;<strong>F1:&nbsp;<a href=\"https:\/\/www.grandepremio.com\/br\/f1\/calendario\/\">confira o calend\u00e1rio completo de 2026<\/a><\/strong>&nbsp;<br>\u25b6\ufe0f&nbsp;<strong>Inscreva-se nos dois canais do GRANDE PR\u00caMIO no YouTube:&nbsp;<a href=\"https:\/\/www.youtube.com\/channel\/UC9OlHEgxoaY6QY6nWPoiqQg?sub_confirmation=1\">GP<\/a>&nbsp;|&nbsp;<a href=\"https:\/\/www.youtube.com\/channel\/UC9csiS6q_C3C0FYhyr1rnFA?sub_confirmation=1\">GPTV<\/a><\/strong><\/p>\n\n\n\n<h2 class=\"wp-block-heading\"><strong>F1 hoje: saiba aqui as not\u00edcias mais importantes do dia da F\u00f3rmula 1<\/strong><\/h2>\n\n\n\n<p class=\"wp-block-paragraph\">A reda\u00e7\u00e3o do&nbsp;<strong>GRANDE PR\u00caMIO<\/strong>&nbsp;selecionou as not\u00edcias mais importantes das \u00faltimas horas para voc\u00ea ficar por dentro de tudo que acontece na F1.<\/p>\n\n\n\n<p class=\"wp-block-paragraph\">\u25b6\ufe0f\u00a0<a href=\"https:\/\/grandepremio.com\/br\/f1\/speed-trap-confira-velocidades-maximas-gp-da-inglaterra-f1-2026\/\">Speed Trap: confira velocidades m\u00e1ximas do GP da Inglaterra da F1 2026<\/a><br>\u25b6\ufe0f\u00a0<a href=\"https:\/\/grandepremio.com\/br\/f1\/ferrari-rejeita-euforia-vitoria-nao-tiramos-conclusoes-apos-uma-corrida\/\">Ferrari rejeita euforia ap\u00f3s vit\u00f3ria: &#8220;N\u00e3o tiramos conclus\u00f5es ap\u00f3s uma corrida&#8221;<\/a><br>\u25b6\ufe0f\u00a0<a href=\"https:\/\/grandepremio.com\/br\/f1\/andrea-kimi-antonelli-nega-abatimento-reves-gp-da-inglaterra-so-aumenta-motivacao\/\">Antonelli nega abatimento por rev\u00e9s no GP da Inglaterra: &#8220;S\u00f3 aumenta motiva\u00e7\u00e3o&#8221;<\/a><br>\u25b6\ufe0f\u00a0<a href=\"https:\/\/grandepremio.com\/br\/f1\/mercedes-recorda-final-2021-cutuca-fia-bom-seguiram-regras\/\">Mercedes recorda final de 2021 e cutuca FIA: &#8220;Que bom que seguiram as regras&#8221;<\/a><br>\u25b6\ufe0f<strong>\u00a0<\/strong><a href=\"https:\/\/grandepremio.com\/br\/f1\/bahrein-aproxima-volta-calendario-f1-2026-apos-reuniao-silverstone\/\">Bahrein se aproxima de volta ao calend\u00e1rio da F1 2026 ap\u00f3s reuni\u00e3o em Silverstone<\/a><br>\u25b6\ufe0f <a href=\"https:\/\/grandepremio.com\/br\/f1\/opiniao-gp-fia-mata-gp-inglaterra-manipula-resultado-mostra-inutil\/\">Opini\u00e3o GP: FIA mata GP da Inglaterra, manipula resultado e se mostra in\u00fatil<\/a><\/p>\n\n\n\n<p class=\"wp-block-paragraph\"><\/p>\n","protected":false},"excerpt":{"rendered":"<p>Mercedes garante que declara\u00e7\u00e3o sobre ritmo de atualiza\u00e7\u00f5es da Ferrari foi retirada de contexto e afirma que nunca insinuou irregularidades envolvendo teto de gastos da F\u00f3rmula 1<\/p>\n","protected":false},"author":9,"featured_media":1010384207,"comment_status":"closed","ping_status":"closed","sticky":false,"template":"","format":"standard","meta":{"42wp_featured_image_caption":"Toto Wolff","42wp_featured_image_credits":"","42wp_featured_video":"","42wp_featured_image_hidden":false,"42wp_authors_list":[],"footnotes":""},"categories":[2],"tags":[5660,969,147,29516,642,160,207,180,31425,1491,30103,28285,82,150],"42wp_author":[47171],"class_list":["post-148427","post","type-post","status-publish","format-standard","has-post-thumbnail","hentry","category-f1","tag-classificacao","tag-corrida","tag-f1","tag-f1-2026","tag-f1-ao-vivo","tag-f1-tv","tag-ferrari","tag-formula-1","tag-formula-1-2026","tag-grande-premio","tag-grande-premio-f1","tag-grandepremio","tag-mercedes","tag-toto-wolff","42wp_author-fabricio-carvalho"],"_links":{"self":[{"href":"https:\/\/grandepremio.com\/br\/wp-json\/wp\/v2\/posts\/148427","targetHints":{"allow":["GET"]}}],"collection":[{"href":"https:\/\/grandepremio.com\/br\/wp-json\/wp\/v2\/posts"}],"about":[{"href":"https:\/\/grandepremio.com\/br\/wp-json\/wp\/v2\/types\/post"}],"author":[{"embeddable":true,"href":"https:\/\/grandepremio.com\/br\/wp-json\/wp\/v2\/users\/9"}],"replies":[{"embeddable":true,"href":"https:\/\/grandepremio.com\/br\/wp-json\/wp\/v2\/comments?post=148427"}],"version-history":[{"count":1,"href":"https:\/\/grandepremio.com\/br\/wp-json\/wp\/v2\/posts\/148427\/revisions"}],"predecessor-version":[{"id":148452,"href":"https:\/\/grandepremio.com\/br\/wp-json\/wp\/v2\/posts\/148427\/revisions\/148452"}],"wp:featuredmedia":[{"embeddable":true,"href":"https:\/\/grandepremio.com\/br\/wp-json\/wp\/v2\/media\/1010384207"}],"wp:attachment":[{"href":"https:\/\/grandepremio.com\/br\/wp-json\/wp\/v2\/media?parent=148427"}],"wp:term":[{"taxonomy":"category","embeddable":true,"href":"https:\/\/grandepremio.com\/br\/wp-json\/wp\/v2\/categories?post=148427"},{"taxonomy":"post_tag","embeddable":true,"href":"https:\/\/grandepremio.com\/br\/wp-json\/wp\/v2\/tags?post=148427"},{"taxonomy":"42wp_author","embeddable":true,"href":"https:\/\/grandepremio.com\/br\/wp-json\/wp\/v2\/42wp_author?post=148427"}],"curies":[{"name":"wp","href":"https:\/\/api.w.org\/{rel}","templated":true}]}}