{"id":148888,"date":"2026-07-08T06:53:07","date_gmt":"2026-07-08T09:53:07","guid":{"rendered":"https:\/\/grandepremio.com\/br\/?p=148888"},"modified":"2026-07-08T07:43:00","modified_gmt":"2026-07-08T10:43:00","slug":"carlos-sainz-demonstra-preocupacao-questiona-eficacia-atualizacoes-williams-frustrante","status":"publish","type":"post","link":"https:\/\/grandepremio.com\/br\/f1\/carlos-sainz-demonstra-preocupacao-questiona-eficacia-atualizacoes-williams-frustrante\/","title":{"rendered":"Sainz demonstra preocupa\u00e7\u00e3o e questiona efic\u00e1cia das atualiza\u00e7\u00f5es da Williams: &#8220;Frustrante&#8221;"},"content":{"rendered":"\n<p class=\"wp-block-paragraph\"><strong>Carlos Sainz<\/strong> demonstrou preocupa\u00e7\u00e3o com o momento vivido pela <strong>Williams <\/strong>na temporada 2026 da<strong> F\u00f3rmula 1<\/strong> e colocou em d\u00favida a efic\u00e1cia das atualiza\u00e7\u00f5es introduzidas pela equipe nas \u00faltimas etapas. O espanhol afirmou que o carro continua perdendo terreno para os concorrentes e reduziu as expectativas em rela\u00e7\u00e3o \u00e0 chegada do novo grande pacote de atualiza\u00e7\u00f5es.<\/p>\n\n\n\n<p class=\"wp-block-paragraph\">A Williams planeja introduzir um novo pacote aerodin\u00e2mico durante o<strong> GP do Azerbaij\u00e3o<\/strong>, considerado o principal conjunto de atualiza\u00e7\u00f5es da equipe neste ano. Apesar disso, Sainz afirmou que os resultados recentes mostram uma tend\u00eancia preocupante, j\u00e1 que os ganhos previstos pelos engenheiros n\u00e3o est\u00e3o se refletindo na pista.<\/p>\n\n\n\n<figure class=\"wp-block-embed is-type-video is-provider-youtube wp-block-embed-youtube wp-embed-aspect-16-9 wp-has-aspect-ratio\"><div class=\"wp-block-embed__wrapper\">\n<iframe loading=\"lazy\" title=\"VERSTAPPEN NA McLAREN E PIASTRI NA RED BULL \u00c9 A GRANDE BOMBA DA F1 2027? | Paddock GP\" width=\"500\" height=\"281\" src=\"https:\/\/www.youtube.com\/embed\/LjQ3vbIKUxY?feature=oembed\" frameborder=\"0\" allow=\"accelerometer; autoplay; clipboard-write; encrypted-media; gyroscope; picture-in-picture; web-share\" referrerpolicy=\"strict-origin-when-cross-origin\" allowfullscreen><\/iframe>\n<\/div><\/figure>\n\n\n\n<p class=\"wp-block-paragraph\">Em entrevista acompanhada pelo <strong>GRANDE PR\u00caMIO <\/strong>ap\u00f3s o GP da Inglaterra, o piloto destacou a dificuldade para acompanhar advers\u00e1rias diretas como <strong>Alpine <\/strong>e <strong>Audi <\/strong>durante todo o fim de semana.<\/p>\n\n\n\n<p class=\"wp-block-paragraph\">&#8220;Assim que estabelecemos nosso ritmo, vimos que Alpine e Audi estavam simplesmente r\u00e1pidas demais para n\u00f3s. Isso se repetiu durante todo o fim de semana e n\u00e3o conseguimos alcan\u00e7\u00e1-las. \u00c9 preocupante e frustrante, porque come\u00e7a a surgir uma tend\u00eancia negativa nesta temporada. N\u00e3o parece que estamos realmente recuperando muito tempo de volta quando as atualiza\u00e7\u00f5es chegam&#8221;, afirmou.<\/p>\n\n\n\n<figure class=\"wp-block-image size-large\"><img loading=\"lazy\" decoding=\"async\" width=\"1024\" height=\"576\" src=\"https:\/\/grandepremio.com\/br\/wp-content\/uploads\/2026\/07\/f1-2026-inglaterra-corrida-williams-carlos-sainz-010-1024x576.jpg\" alt=\"F1 2026, INGLATERRA, CORRIDA, WILLIAMS, CARLOS SAINZ\" class=\"wp-image-1020308786\" srcset=\"https:\/\/grandepremio.com\/wp-content\/uploads\/2026\/07\/f1-2026-inglaterra-corrida-williams-carlos-sainz-010-1024x576.jpg 1024w, https:\/\/grandepremio.com\/wp-content\/uploads\/2026\/07\/f1-2026-inglaterra-corrida-williams-carlos-sainz-010-300x169.jpg 300w, https:\/\/grandepremio.com\/wp-content\/uploads\/2026\/07\/f1-2026-inglaterra-corrida-williams-carlos-sainz-010-768x432.jpg 768w, https:\/\/grandepremio.com\/wp-content\/uploads\/2026\/07\/f1-2026-inglaterra-corrida-williams-carlos-sainz-010-1536x864.jpg 1536w, https:\/\/grandepremio.com\/wp-content\/uploads\/2026\/07\/f1-2026-inglaterra-corrida-williams-carlos-sainz-010-1200x675.jpg 1200w, https:\/\/grandepremio.com\/wp-content\/uploads\/2026\/07\/f1-2026-inglaterra-corrida-williams-carlos-sainz-010-150x84.jpg 150w, https:\/\/grandepremio.com\/wp-content\/uploads\/2026\/07\/f1-2026-inglaterra-corrida-williams-carlos-sainz-010.jpg 1920w\" sizes=\"(max-width: 1024px) 100vw, 1024px\" \/><figcaption class=\"wp-element-caption\">Carlos Sainz chegou apenas em 17\u00ba lugar no GP da Inglaterra (Foto: Williams)<\/figcaption><\/figure>\n\n\n\n<p class=\"wp-block-paragraph\">Na sequ\u00eancia, Sainz explicou que a equipe j\u00e1 conseguiu reduzir significativamente o peso do carro, mas admitiu que a evolu\u00e7\u00e3o esperada em desempenho n\u00e3o aconteceu, levantando d\u00favidas sobre a correla\u00e7\u00e3o entre os dados obtidos no t\u00fanel de vento e o comportamento da <strong>FW48 <\/strong>na pista.<\/p>\n\n\n\n<p class=\"wp-block-paragraph\">&#8220;Precisamos sentar e analisar a situa\u00e7\u00e3o com calma nesta semana, porque j\u00e1 reduzimos bastante o peso do carro, mas a diferen\u00e7a para a ponta continua aumentando, assim como a dist\u00e2ncia para o l\u00edder do pelot\u00e3o intermedi\u00e1rio. Ou seja, n\u00e3o parece que estamos conseguindo o ganho de tempo de volta que prev\u00edamos no t\u00fanel de vento&#8221;, ressaltou.<\/p>\n\n\n\n<p class=\"wp-block-paragraph\">Por fim, o espanhol reconheceu a frustra\u00e7\u00e3o por ver boas largadas deixarem de se transformar em resultados expressivos durante as corridas.<\/p>\n\n\n\n<p class=\"wp-block-paragraph\">&#8220;Obviamente n\u00e3o estou feliz. Ningu\u00e9m gosta de ser ultrapassado, especialmente depois de tantas largadas boas que temos feito neste ano, conseguindo entrar na zona de pontua\u00e7\u00e3o v\u00e1rias vezes para depois perder posi\u00e7\u00f5es&#8221;, concluiu.<\/p>\n\n\n\n<p class=\"wp-block-paragraph\">A<strong>&nbsp;F\u00f3rmula 1<\/strong>&nbsp;volta de 17 a 19 de julho no<strong>&nbsp;GP da B\u00e9lgica<\/strong>, em&nbsp;<strong>Spa-Francorchamps<\/strong>, d\u00e9cimo da&nbsp;<strong>temporada 2026<\/strong>.<\/p>\n\n\n\n<p class=\"wp-block-paragraph\">\u25b6\ufe0f&nbsp;<strong>F1:&nbsp;<a href=\"https:\/\/www.grandepremio.com\/br\/f1\/calendario\/\">confira o calend\u00e1rio completo de 2026<\/a><\/strong>&nbsp;<br>\u25b6\ufe0f&nbsp;<strong>Inscreva-se nos dois canais do GRANDE PR\u00caMIO no YouTube:&nbsp;<a href=\"https:\/\/www.youtube.com\/channel\/UC9OlHEgxoaY6QY6nWPoiqQg?sub_confirmation=1\">GP<\/a>&nbsp;|&nbsp;<a href=\"https:\/\/www.youtube.com\/channel\/UC9csiS6q_C3C0FYhyr1rnFA?sub_confirmation=1\">GPTV<\/a><\/strong><\/p>\n\n\n\n<h2 class=\"wp-block-heading\"><strong>F1 hoje: saiba aqui as not\u00edcias mais importantes do dia da F\u00f3rmula 1<\/strong><\/h2>\n\n\n\n<p class=\"wp-block-paragraph\">A reda\u00e7\u00e3o do&nbsp;<strong>GRANDE PR\u00caMIO<\/strong>&nbsp;selecionou as not\u00edcias mais importantes das \u00faltimas horas para voc\u00ea ficar por dentro de tudo que acontece na F1.<\/p>\n\n\n\n<p class=\"wp-block-paragraph\">\u25b6\ufe0f&nbsp;<a href=\"https:\/\/grandepremio.com\/br\/f1\/oscar-piastri-sinaliza-desejo-saida-abre-porta-max-verstappen-mclaren-2027\/\"><strong>Piastri sinaliza desejo de sa\u00edda e abre porta para Verstappen na McLaren em 2027<\/strong><\/a><br>\u25b6\ufe0f&nbsp;<a href=\"https:\/\/grandepremio.com\/br\/f1\/opiniao-gp-fia-mata-gp-inglaterra-manipula-resultado-mostra-inutil\/\"><strong>Opini\u00e3o GP: FIA mata GP da Inglaterra, manipula resultado e se mostra in\u00fatil<\/strong><\/a><br>\u25b6\ufe0f&nbsp;<a href=\"https:\/\/grandepremio.com\/br\/f1\/maldicao-europa-faz-andrea-kimi-antonelli-perder-41-pontos-4-gps-f1-2026\/\"><strong>\u2018Maldi\u00e7\u00e3o da Europa\u2019 faz Antonelli perder 41 pontos em 4 GPs na F1 2026<\/strong><\/a><br>\u25b6\ufe0f&nbsp;<a href=\"https:\/\/grandepremio.com\/br\/f1\/fia-admite-interesse-ter-fornecedora-motor-independente-era-v8-f1\/\"><strong>FIA admite interesse em ter fornecedora de motor independente para era dos V8 na F1<\/strong><\/a><br>\u25b6\ufe0f&nbsp;<a href=\"https:\/\/grandepremio.com\/br\/f1\/lewis-hamilton-ve-vantagem-duelo-george-russell-andrea-kimi-antonelli-serao-punidos-alguma-hora\/\"><strong>Hamilton v\u00ea vantagem em duelo com Russell e Antonelli: \u201cSer\u00e3o punidos alguma hora\u201d<\/strong><\/a><\/p>\n\n\n\n<p class=\"wp-block-paragraph\"><\/p>\n","protected":false},"excerpt":{"rendered":"<p>Carlos Sainz afirmou que Williams n\u00e3o est\u00e1 encontrando os ganhos previstos com as atualiza\u00e7\u00f5es e admite preocupa\u00e7\u00e3o com a perda de desempenho diante das rivais<\/p>\n","protected":false},"author":9,"featured_media":1020308788,"comment_status":"closed","ping_status":"closed","sticky":false,"template":"","format":"standard","meta":{"42wp_featured_image_caption":"F1 2026, INGLATERRA, CORRIDA, WILLIAMS, CARLOS SAINZ","42wp_featured_image_credits":"F1 2026, INGLATERRA, CORRIDA, WILLIAMS, CARLOS SAINZ","42wp_featured_video":"","42wp_featured_image_hidden":false,"42wp_authors_list":[],"footnotes":""},"categories":[2],"tags":[27776,34186,27487,38407,45462,546,5660,8235,45463,969,147,29516,642,11958,160,45554,176,180,31425,1491,30103,28285,215],"42wp_author":[47171,47165],"class_list":["post-148888","post","type-post","status-publish","format-standard","has-post-thumbnail","hentry","category-f1","tag-assistir-f1-ao-vivo","tag-assistir-f1-gratis","tag-assistir-f1-online","tag-calendario-f1-2026","tag-calendario-f1-2026-horarios","tag-carlos-sainz","tag-classificacao","tag-classificacao-da-f1","tag-classificacao-f1-2026","tag-corrida","tag-f1","tag-f1-2026","tag-f1-ao-vivo","tag-f1-live","tag-f1-tv","tag-f1-tv-2026","tag-fernando-alonso","tag-formula-1","tag-formula-1-2026","tag-grande-premio","tag-grande-premio-f1","tag-grandepremio","tag-williams","42wp_author-fabricio-carvalho","42wp_author-leonid-kluiev"],"_links":{"self":[{"href":"https:\/\/grandepremio.com\/br\/wp-json\/wp\/v2\/posts\/148888","targetHints":{"allow":["GET"]}}],"collection":[{"href":"https:\/\/grandepremio.com\/br\/wp-json\/wp\/v2\/posts"}],"about":[{"href":"https:\/\/grandepremio.com\/br\/wp-json\/wp\/v2\/types\/post"}],"author":[{"embeddable":true,"href":"https:\/\/grandepremio.com\/br\/wp-json\/wp\/v2\/users\/9"}],"replies":[{"embeddable":true,"href":"https:\/\/grandepremio.com\/br\/wp-json\/wp\/v2\/comments?post=148888"}],"version-history":[{"count":2,"href":"https:\/\/grandepremio.com\/br\/wp-json\/wp\/v2\/posts\/148888\/revisions"}],"predecessor-version":[{"id":148911,"href":"https:\/\/grandepremio.com\/br\/wp-json\/wp\/v2\/posts\/148888\/revisions\/148911"}],"wp:featuredmedia":[{"embeddable":true,"href":"https:\/\/grandepremio.com\/br\/wp-json\/wp\/v2\/media\/1020308788"}],"wp:attachment":[{"href":"https:\/\/grandepremio.com\/br\/wp-json\/wp\/v2\/media?parent=148888"}],"wp:term":[{"taxonomy":"category","embeddable":true,"href":"https:\/\/grandepremio.com\/br\/wp-json\/wp\/v2\/categories?post=148888"},{"taxonomy":"post_tag","embeddable":true,"href":"https:\/\/grandepremio.com\/br\/wp-json\/wp\/v2\/tags?post=148888"},{"taxonomy":"42wp_author","embeddable":true,"href":"https:\/\/grandepremio.com\/br\/wp-json\/wp\/v2\/42wp_author?post=148888"}],"curies":[{"name":"wp","href":"https:\/\/api.w.org\/{rel}","templated":true}]}}