{"id":148934,"date":"2026-07-08T09:55:42","date_gmt":"2026-07-08T12:55:42","guid":{"rendered":"https:\/\/grandepremio.com\/br\/?p=148934"},"modified":"2026-07-08T09:55:43","modified_gmt":"2026-07-08T12:55:43","slug":"mercedes-liga-alerta-avanco-ferrari-red-bull-spa-muito-particular","status":"publish","type":"post","link":"https:\/\/grandepremio.com\/br\/f1\/mercedes-liga-alerta-avanco-ferrari-red-bull-spa-muito-particular\/","title":{"rendered":"Mercedes liga alerta para avan\u00e7o de Ferrari e Red Bull: &#8220;Spa \u00e9 muito particular&#8221;"},"content":{"rendered":"\n<p class=\"wp-block-paragraph\">A <strong>Mercedes <\/strong>reconheceu que <strong>Ferrari <\/strong>e <strong>Red Bull <\/strong>voltaram a representar uma amea\u00e7a cada vez maior na temporada 2026 da<strong> F\u00f3rmula 1. <\/strong>Ap\u00f3s o<strong> GP da Inglaterra<\/strong>, o diretor de engenharia de pista da equipe, <strong>Andrew Shovlin<\/strong>, afirmou que as duas rivais evolu\u00edram nas \u00faltimas etapas e admitiu que<strong> Spa-Francorchamps<\/strong> dever\u00e1 impor um novo desafio para <strong>W17<\/strong>.<\/p>\n\n\n\n<p class=\"wp-block-paragraph\">Em <strong>Silverstone<\/strong>, <strong>George Russell <\/strong>garantiu o segundo lugar, enquanto<strong> Andrea Kimi Antonelli <\/strong>abandonou a corrida depois que uma prote\u00e7\u00e3o de roda se desprendeu do carro. Apesar do bom resultado conquistado pelo brit\u00e2nico, Shovlin destacou que a disputa pelo topo do grid ficou mais equilibrada nas \u00faltimas semanas.<\/p>\n\n\n\n<figure class=\"wp-block-embed is-type-video is-provider-youtube wp-block-embed-youtube wp-embed-aspect-16-9 wp-has-aspect-ratio\"><div class=\"wp-block-embed__wrapper\">\n<iframe loading=\"lazy\" title=\"VERSTAPPEN NA McLAREN E PIASTRI NA RED BULL \u00c9 A GRANDE BOMBA DA F1 2027? | Paddock GP\" width=\"500\" height=\"281\" src=\"https:\/\/www.youtube.com\/embed\/LjQ3vbIKUxY?feature=oembed\" frameborder=\"0\" allow=\"accelerometer; autoplay; clipboard-write; encrypted-media; gyroscope; picture-in-picture; web-share\" referrerpolicy=\"strict-origin-when-cross-origin\" allowfullscreen><\/iframe>\n<\/div><\/figure>\n\n\n\n<p class=\"wp-block-paragraph\">Em entrevista ao programa &#8220;Nu Silver Arrows Radio Show&#8221;, o dirigente afirmou que Ferrari e Red Bull deram um salto importante de desempenho, mas refor\u00e7ou que a prioridade da Mercedes continua sendo maximizar o pr\u00f3prio potencial.<\/p>\n\n\n\n<p class=\"wp-block-paragraph\">&#8220;Depois da \u00c1ustria, ach\u00e1vamos que a Red Bull seria muito r\u00e1pida, e a Ferrari realmente mostrou um ritmo forte. Mas precisamos focar principalmente em n\u00f3s mesmos, garantir que estamos operando bem e levando o carro at\u00e9 a bandeirada com confiabilidade&#8221;, ressaltou.<\/p>\n\n\n\n<figure class=\"wp-block-image size-full\"><img loading=\"lazy\" decoding=\"async\" width=\"1024\" height=\"682\" src=\"https:\/\/grandepremio.com\/br\/wp-content\/uploads\/2025\/09\/andrew-shovlin-mercedes-2024-f1-testing-1024x682-1.jpg\" alt=\"\" class=\"wp-image-1010366814\" srcset=\"https:\/\/grandepremio.com\/wp-content\/uploads\/2025\/09\/andrew-shovlin-mercedes-2024-f1-testing-1024x682-1.jpg 1024w, https:\/\/grandepremio.com\/wp-content\/uploads\/2025\/09\/andrew-shovlin-mercedes-2024-f1-testing-1024x682-1-300x200.jpg 300w, https:\/\/grandepremio.com\/wp-content\/uploads\/2025\/09\/andrew-shovlin-mercedes-2024-f1-testing-1024x682-1-768x512.jpg 768w, https:\/\/grandepremio.com\/wp-content\/uploads\/2025\/09\/andrew-shovlin-mercedes-2024-f1-testing-1024x682-1-150x100.jpg 150w\" sizes=\"(max-width: 1024px) 100vw, 1024px\" \/><figcaption class=\"wp-element-caption\">Andrew Shovlin demonstrou preocupa\u00e7\u00e3o com avan\u00e7os de Ferrari e Red Bull (Foto: Mercedes)<\/figcaption><\/figure>\n\n\n\n<p class=\"wp-block-paragraph\">Ao contr\u00e1rio das principais concorrentes, a Mercedes optou por um programa cont\u00ednuo de pequenas atualiza\u00e7\u00f5es ao longo da temporada, em vez de concentrar grandes pacotes de desenvolvimento em etapas espec\u00edficas. Segundo Shovlin, essa estrat\u00e9gia tem permitido ganhos graduais de desempenho e contribu\u00eddo para a competitividade do carro em diferentes tipos de circuito.<\/p>\n\n\n\n<p class=\"wp-block-paragraph\">&#8220;Estamos melhorando o desempenho do carro constantemente. N\u00e3o trouxemos um grande pacote de atualiza\u00e7\u00f5es como alguns dos nossos concorrentes, mas tentamos acrescentar desempenho a cada etapa para nos mantermos competitivos. Temos um carro que funciona bem em uma ampla variedade de pistas. Talvez isso n\u00e3o seja sorte, mas resultado de um bom trabalho de engenharia&#8221;, explicou.<\/p>\n\n\n\n<p class=\"wp-block-paragraph\">Por fim, o dirigente projetou dificuldades para o<strong> GP da B\u00e9lgica<\/strong> e destacou que Spa-Francorchamps exigir\u00e1 aten\u00e7\u00e3o especial da Mercedes, principalmente na gest\u00e3o de energia ao longo da volta.<\/p>\n\n\n\n<p class=\"wp-block-paragraph\">&#8220;H\u00e1 muita prepara\u00e7\u00e3o envolvida para cada circuito, garantindo que cheguemos com o acerto correto. Tivemos pistas como M\u00f4naco e \u00c1ustria, que historicamente eram dif\u00edceis para n\u00f3s, e foi positivo conseguir mudar esse cen\u00e1rio. Mas Spa \u00e9 um circuito muito particular, especialmente do ponto de vista da gest\u00e3o de energia. Temos muito trabalho pela frente para come\u00e7ar o fim de semana em um bom ritmo&#8221;, concluiu.<\/p>\n\n\n\n<p class=\"wp-block-paragraph\">A<strong>&nbsp;F\u00f3rmula 1<\/strong>&nbsp;volta de 17 a 19 de julho no<strong>&nbsp;GP da B\u00e9lgica<\/strong>, em&nbsp;<strong>Spa-Francorchamps<\/strong>, d\u00e9cimo da&nbsp;<strong>temporada 2026<\/strong>.<\/p>\n\n\n\n<p class=\"wp-block-paragraph\">\u25b6\ufe0f&nbsp;<strong>F1:&nbsp;<a href=\"https:\/\/www.grandepremio.com\/br\/f1\/calendario\/\">confira o calend\u00e1rio completo de 2026<\/a><\/strong>&nbsp;<br>\u25b6\ufe0f&nbsp;<strong>Inscreva-se nos dois canais do GRANDE PR\u00caMIO no YouTube:&nbsp;<a href=\"https:\/\/www.youtube.com\/channel\/UC9OlHEgxoaY6QY6nWPoiqQg?sub_confirmation=1\">GP<\/a>&nbsp;|&nbsp;<a href=\"https:\/\/www.youtube.com\/channel\/UC9csiS6q_C3C0FYhyr1rnFA?sub_confirmation=1\">GPTV<\/a><\/strong><\/p>\n\n\n\n<h2 class=\"wp-block-heading\"><strong>F1 hoje: saiba aqui as not\u00edcias mais importantes do dia da F\u00f3rmula 1<\/strong><\/h2>\n\n\n\n<p class=\"wp-block-paragraph\">A reda\u00e7\u00e3o do&nbsp;<strong>GRANDE PR\u00caMIO<\/strong>&nbsp;selecionou as not\u00edcias mais importantes das \u00faltimas horas para voc\u00ea ficar por dentro de tudo que acontece na F1.<\/p>\n\n\n\n<p class=\"wp-block-paragraph\">\u25b6\ufe0f\u00a0<a href=\"https:\/\/grandepremio.com\/br\/f1\/max-verstappen-afasta-otimismo-evolucao-red-bull-2026-so-quero-terminar-corridas\/\">Verstappen afasta otimismo em evolu\u00e7\u00e3o da Red Bull em 2026: \u201cS\u00f3 quero terminar corridas\u201d<\/a><br>\u25b6\ufe0f\u00a0<a href=\"https:\/\/grandepremio.com\/br\/f1\/george-russell-reconhece-superioridade-andrea-kimi-antonelli-2026-elogia-merece-estar-a-frente\/\">Russell reconhece superioridade de Antonelli em 2026: \u201cMerece estar \u00e0 frente\u201d<\/a><br>\u25b6\ufe0f\u00a0<a href=\"https:\/\/grandepremio.com\/br\/f1\/carlos-sainz-demonstra-preocupacao-questiona-eficacia-atualizacoes-williams-frustrante\/\">Sainz demonstra preocupa\u00e7\u00e3o e questiona efic\u00e1cia das atualiza\u00e7\u00f5es da Williams: &#8220;Frustrante&#8221;<\/a><br>\u25b6\ufe0f\u00a0<a href=\"https:\/\/grandepremio.com\/br\/f1\/oscar-piastri-sinaliza-desejo-saida-abre-porta-max-verstappen-mclaren-2027\/\"><strong>Piastri sinaliza desejo de sa\u00edda e abre porta para Verstappen na McLaren em 2027<\/strong><\/a><br>\u25b6\ufe0f\u00a0<a href=\"https:\/\/grandepremio.com\/br\/f1\/opiniao-gp-fia-mata-gp-inglaterra-manipula-resultado-mostra-inutil\/\"><strong>Opini\u00e3o GP: FIA mata GP da Inglaterra, manipula resultado e se mostra in\u00fatil<\/strong><\/a><br>\u25b6\ufe0f\u00a0<a href=\"https:\/\/grandepremio.com\/br\/f1\/maldicao-europa-faz-andrea-kimi-antonelli-perder-41-pontos-4-gps-f1-2026\/\"><strong>\u2018Maldi\u00e7\u00e3o da Europa\u2019 faz Antonelli perder 41 pontos em 4 GPs na F1 2026<\/strong><\/a><br>\u25b6\ufe0f\u00a0<a href=\"https:\/\/grandepremio.com\/br\/f1\/fia-admite-interesse-ter-fornecedora-motor-independente-era-v8-f1\/\"><strong>FIA admite interesse em ter fornecedora de motor independente para era dos V8 na F1<\/strong><\/a><\/p>\n\n\n\n<p class=\"wp-block-paragraph\"><\/p>\n","protected":false},"excerpt":{"rendered":"<p>Mercedes afirmou que Ferrari e Red Bull reduziram a diferen\u00e7a nas \u00faltimas etapas e admitiu preocupa\u00e7\u00e3o com as caracter\u00edsticas de Spa-Francorchamps, especialmente na gest\u00e3o de energia<\/p>\n","protected":false},"author":9,"featured_media":1020308496,"comment_status":"closed","ping_status":"closed","sticky":false,"template":"","format":"standard","meta":{"42wp_featured_image_caption":"George Russell (Foto: Mercedes)","42wp_featured_image_credits":"(Foto: Mercedes)","42wp_featured_video":"","42wp_featured_image_hidden":false,"42wp_authors_list":[],"footnotes":""},"categories":[2],"tags":[27776,34186,27487,38407,45462,5660,8235,45463,969,147,29516,642,11958,160,45554,176,180,31425,1491,30103,28285],"42wp_author":[],"class_list":["post-148934","post","type-post","status-publish","format-standard","has-post-thumbnail","hentry","category-f1","tag-assistir-f1-ao-vivo","tag-assistir-f1-gratis","tag-assistir-f1-online","tag-calendario-f1-2026","tag-calendario-f1-2026-horarios","tag-classificacao","tag-classificacao-da-f1","tag-classificacao-f1-2026","tag-corrida","tag-f1","tag-f1-2026","tag-f1-ao-vivo","tag-f1-live","tag-f1-tv","tag-f1-tv-2026","tag-fernando-alonso","tag-formula-1","tag-formula-1-2026","tag-grande-premio","tag-grande-premio-f1","tag-grandepremio"],"_links":{"self":[{"href":"https:\/\/grandepremio.com\/br\/wp-json\/wp\/v2\/posts\/148934","targetHints":{"allow":["GET"]}}],"collection":[{"href":"https:\/\/grandepremio.com\/br\/wp-json\/wp\/v2\/posts"}],"about":[{"href":"https:\/\/grandepremio.com\/br\/wp-json\/wp\/v2\/types\/post"}],"author":[{"embeddable":true,"href":"https:\/\/grandepremio.com\/br\/wp-json\/wp\/v2\/users\/9"}],"replies":[{"embeddable":true,"href":"https:\/\/grandepremio.com\/br\/wp-json\/wp\/v2\/comments?post=148934"}],"version-history":[{"count":1,"href":"https:\/\/grandepremio.com\/br\/wp-json\/wp\/v2\/posts\/148934\/revisions"}],"predecessor-version":[{"id":148940,"href":"https:\/\/grandepremio.com\/br\/wp-json\/wp\/v2\/posts\/148934\/revisions\/148940"}],"wp:featuredmedia":[{"embeddable":true,"href":"https:\/\/grandepremio.com\/br\/wp-json\/wp\/v2\/media\/1020308496"}],"wp:attachment":[{"href":"https:\/\/grandepremio.com\/br\/wp-json\/wp\/v2\/media?parent=148934"}],"wp:term":[{"taxonomy":"category","embeddable":true,"href":"https:\/\/grandepremio.com\/br\/wp-json\/wp\/v2\/categories?post=148934"},{"taxonomy":"post_tag","embeddable":true,"href":"https:\/\/grandepremio.com\/br\/wp-json\/wp\/v2\/tags?post=148934"},{"taxonomy":"42wp_author","embeddable":true,"href":"https:\/\/grandepremio.com\/br\/wp-json\/wp\/v2\/42wp_author?post=148934"}],"curies":[{"name":"wp","href":"https:\/\/api.w.org\/{rel}","templated":true}]}}