{"id":148943,"date":"2026-07-08T11:07:56","date_gmt":"2026-07-08T14:07:56","guid":{"rendered":"https:\/\/grandepremio.com\/br\/?p=148943"},"modified":"2026-07-13T09:59:27","modified_gmt":"2026-07-13T12:59:27","slug":"nicki-thiim-domina-norisring-dispara-6o-1o-dtm-confira-classificacao","status":"publish","type":"post","link":"https:\/\/grandepremio.com\/br\/dtm\/nicki-thiim-domina-norisring-dispara-6o-1o-dtm-confira-classificacao\/","title":{"rendered":"Thiim domina em Norisring e dispara de 6\u00ba para 1\u00ba no DTM. Confira classifica\u00e7\u00e3o"},"content":{"rendered":"\n<p class=\"wp-block-paragraph\">Dominante na rodada dupla do <strong>DTM<\/strong> em <strong>Norisring<\/strong>, com duas poles e duas vit\u00f3rias nas corridas do fim de semana, <strong>Nicki<\/strong> <strong>Thiim <\/strong>disparou do <strong>sexto <\/strong>ao <strong>primeiro <\/strong>lugar na classifica\u00e7\u00e3o da categoria, agora com <strong>117 <\/strong>pontos. Ap\u00f3s enfim alcan\u00e7ar os dois primeiros triunfos na temporada com o carro da <strong>Aston<\/strong> <strong>Martin<\/strong>, o dinamarqu\u00eas abriu <strong>nove <\/strong>tentos em rela\u00e7\u00e3o a <strong>Maro Engel<\/strong>, da <strong>Mercedes<\/strong>. <strong>Lucas Auer<\/strong>, que tamb\u00e9m comanda o carro alem\u00e3o, \u00e9 o terceiro, com <strong>106<\/strong>.<\/p>\n\n\n\n<p class=\"wp-block-paragraph\"><strong>Matteo Cairoli <\/strong>sofreu um baque com os <strong>cinco<\/strong> pontos somados em Norisring e caiu para quarto, uma posi\u00e7\u00e3o \u00e0 frente da <strong>BMW<\/strong> de <strong>Marco Wittmann<\/strong>. <strong>Ben D\u00f6rr<\/strong> ocupa a sexta coloca\u00e7\u00e3o, pouco \u00e0 frente de <strong>Arjun Maini<\/strong> e <strong>Thomas Preining<\/strong>. Por fim, <strong>Thierry Vermeulen<\/strong> e <strong>Finn Wiebelhaus<\/strong>, com carros de <strong>Ferrari<\/strong> e <strong>Ford<\/strong>, completam o grupo dos dez primeiros.<\/p>\n\n\n\n<figure class=\"wp-block-image size-large\"><img loading=\"lazy\" decoding=\"async\" width=\"1024\" height=\"683\" src=\"https:\/\/grandepremio.com\/br\/wp-content\/uploads\/2026\/07\/Nicki-Thiim-Carro-Norisring-DTM-2026-Corrida-1-1024x683.jpeg\" alt=\"\" class=\"wp-image-1020308651\" srcset=\"https:\/\/grandepremio.com\/wp-content\/uploads\/2026\/07\/Nicki-Thiim-Carro-Norisring-DTM-2026-Corrida-1-1024x683.jpeg 1024w, https:\/\/grandepremio.com\/wp-content\/uploads\/2026\/07\/Nicki-Thiim-Carro-Norisring-DTM-2026-Corrida-1-300x200.jpeg 300w, https:\/\/grandepremio.com\/wp-content\/uploads\/2026\/07\/Nicki-Thiim-Carro-Norisring-DTM-2026-Corrida-1-768x512.jpeg 768w, https:\/\/grandepremio.com\/wp-content\/uploads\/2026\/07\/Nicki-Thiim-Carro-Norisring-DTM-2026-Corrida-1-1536x1024.jpeg 1536w, https:\/\/grandepremio.com\/wp-content\/uploads\/2026\/07\/Nicki-Thiim-Carro-Norisring-DTM-2026-Corrida-1-2048x1366.jpeg 2048w, https:\/\/grandepremio.com\/wp-content\/uploads\/2026\/07\/Nicki-Thiim-Carro-Norisring-DTM-2026-Corrida-1-150x100.jpeg 150w\" sizes=\"(max-width: 1024px) 100vw, 1024px\" \/><figcaption class=\"wp-element-caption\">Thiim passou por cima da concorr\u00eancia em Norisring e disparou para a lideran\u00e7a do campeonato (Foto: DTM)<\/figcaption><\/figure>\n\n\n\n<p class=\"wp-block-paragraph\">No <strong>Campeonato de Equipes<\/strong>, a vantagem segue com a <strong>Winward Racing<\/strong>, que opera carros Mercedes, com <strong>162 <\/strong>pontos. A <strong>Emil Frey<\/strong> somou <strong>141<\/strong> com o equipamento da Ferrari, enquanto a <strong>HRT Ford<\/strong> aparece na terceira coloca\u00e7\u00e3o. Entre os <strong>Construtores<\/strong>, nova vantagem da Mercedes, agora com folga: <strong>221<\/strong> tentos contra <strong>150 <\/strong>da Ferrari, que ocupa o segundo lugar. A <strong>Porsche <\/strong>fecha o p\u00f3dio, com <strong>138<\/strong>. Confira as tr\u00eas tabelas completas abaixo.<\/p>\n\n\n\n<p class=\"wp-block-paragraph\">O DTM volta \u00e0 a\u00e7\u00e3o entre os dias <strong>25 e 26 de julho<\/strong>, para a quinta etapa da temporada 2026, em <strong>Oschersleben<\/strong>. At\u00e9 o fim do campeonato, a categoria ainda passa por <strong>N\u00fcrburgring<\/strong>, <strong>Sachsenring<\/strong> e <strong>Hockenheim<\/strong>.<\/p>\n\n\n\n<p class=\"wp-block-paragraph\"><strong>\u25b6\ufe0f&nbsp;Inscreva-se nos dois canais do GRANDE PR\u00caMIO no YouTube:&nbsp;<a href=\"https:\/\/www.youtube.com\/channel\/UC9OlHEgxoaY6QY6nWPoiqQg?sub_confirmation=1\">GP<\/a>&nbsp;|&nbsp;<a href=\"https:\/\/www.youtube.com\/channel\/UC9csiS6q_C3C0FYhyr1rnFA?sub_confirmation=1\">GPTV<\/a><\/strong><\/p>\n\n\n\n<h2 class=\"wp-block-heading\">Campeonato de Pilotos<\/h2>\n\n\n\n<figure class=\"wp-block-table is-style-stripes\"><table class=\"has-fixed-layout\"><tbody><tr><td><strong>&nbsp;<\/strong><\/td><td>Piloto<\/td><td>Montadora<\/td><td>Poles<\/td><td>Vit\u00f3rias<\/td><td>PONTOS<\/td><\/tr><tr><td>1<\/td><td>N THIIM<\/td><td>Aston Martin<\/td><td>3<\/td><td>2<\/td><td>117<\/td><\/tr><tr><td>2<\/td><td>M ENGEL<\/td><td>Mercedes<\/td><td>1<\/td><td>1<\/td><td>108<\/td><\/tr><tr><td>3<\/td><td>L AUER<\/td><td>Mercedes<\/td><td>\u2014<\/td><td>\u2014<\/td><td>106<\/td><\/tr><tr><td>4<\/td><td>M CAIROLI<\/td><td>Ferrari<\/td><td>1<\/td><td>2<\/td><td>83<\/td><\/tr><tr><td>5<\/td><td>M WITTMANN<\/td><td>BMW<\/td><td>\u2014<\/td><td>\u2014<\/td><td>77<\/td><\/tr><tr><td>6<\/td><td>B D\u00d6RR<\/td><td>McLaren<\/td><td>\u2014<\/td><td>1<\/td><td>76<\/td><\/tr><tr><td>7<\/td><td>A MAINI<\/td><td>Ford<\/td><td>1<\/td><td>\u2014<\/td><td>74<\/td><\/tr><tr><td>8<\/td><td>T PREINING<\/td><td>Porsche<\/td><td>\u2014<\/td><td>1<\/td><td>70<\/td><\/tr><tr><td>9<\/td><td>T VERMEULEN<\/td><td>Ferrari<\/td><td>\u2014<\/td><td>\u2014<\/td><td>67<\/td><\/tr><tr><td>10<\/td><td>F WIEBELHAUS<\/td><td>Ford<\/td><td>\u2014<\/td><td>\u2014<\/td><td>63<\/td><\/tr><tr><td>11<\/td><td>J GOUNON<\/td><td>Mercedes<\/td><td>\u2014<\/td><td>\u2014<\/td><td>59<\/td><\/tr><tr><td>12<\/td><td>K VAN DER LINDE<\/td><td>BMW<\/td><td>2<\/td><td>1<\/td><td>54<\/td><\/tr><tr><td>13<\/td><td>R FELLER<\/td><td>Porsche<\/td><td>\u2014<\/td><td>\u2014<\/td><td>50<\/td><\/tr><tr><td>14<\/td><td>M BORTOLOTTI<\/td><td>Lamborghini<\/td><td>\u2014<\/td><td>\u2014<\/td><td>37<\/td><\/tr><tr><td>15<\/td><td>L ENGSTLER<\/td><td>Lamborghini<\/td><td>\u2014<\/td><td>\u2014<\/td><td>32<\/td><\/tr><tr><td>16<\/td><td>M MAPELLI<\/td><td>Lamborghini<\/td><td>\u2014<\/td><td>\u2014<\/td><td>31<\/td><\/tr><tr><td>17<\/td><td>B BUUS<\/td><td>Porsche<\/td><td>\u2014<\/td><td>\u2014<\/td><td>23<\/td><\/tr><tr><td>18<\/td><td>T KALENDER<\/td><td>Mercedes<\/td><td>\u2014<\/td><td>\u2014<\/td><td>21<\/td><\/tr><tr><td>19<\/td><td>T GLOCK<\/td><td>McLaren<\/td><td>\u2014<\/td><td>\u2014<\/td><td>13<\/td><\/tr><tr><td>20<\/td><td>M PAUL<\/td><td>Lamborghini<\/td><td>\u2014<\/td><td>\u2014<\/td><td>5<\/td><\/tr><tr><td>21<\/td><td>N BAERT<\/td><td>Aston Martin<\/td><td>\u2014<\/td><td>\u2014<\/td><td>2<\/td><\/tr><\/tbody><\/table><\/figure>\n\n\n\n<h2 class=\"wp-block-heading\">Campeonato de Equipes<\/h2>\n\n\n\n<figure class=\"wp-block-table is-style-stripes\"><table class=\"has-fixed-layout\"><tbody><tr><td><strong>&nbsp;<\/strong><\/td><td>Equipe<\/td><td>Carro<\/td><td>PONTOS<\/td><\/tr><tr><td>1<\/td><td>Winward Racing<\/td><td>Mercedes<\/td><td>162<\/td><\/tr><tr><td>2<\/td><td>Emil Frey Racing<\/td><td>Ferrari<\/td><td>141<\/td><\/tr><tr><td>3<\/td><td>HRT Ford Racing<\/td><td>Ford<\/td><td>126<\/td><\/tr><tr><td>4<\/td><td>Schubert Motorsport<\/td><td>BMW<\/td><td>125<\/td><\/tr><tr><td>5<\/td><td>Landgraf Motorsports<\/td><td>Mercedes<\/td><td>124<\/td><\/tr><tr><td>6<\/td><td>Manthey<\/td><td>Porsche<\/td><td>119<\/td><\/tr><tr><td>7<\/td><td>Comtoyou Racing<\/td><td>Aston Martin<\/td><td>109<\/td><\/tr><tr><td>8<\/td><td>D\u00f6rr Motorsport<\/td><td>McLaren<\/td><td>87<\/td><\/tr><tr><td>9<\/td><td>ABT Sportsline<\/td><td>Lamborghini<\/td><td>62<\/td><\/tr><tr><td>10<\/td><td>Grasser-Racing Team<\/td><td>Lamborghini<\/td><td>42<\/td><\/tr><tr><td>11<\/td><td>Land-Motosport<\/td><td>Porsche<\/td><td>23<\/td><\/tr><\/tbody><\/table><\/figure>\n\n\n\n<h2 class=\"wp-block-heading\">Campeonato de Construtores<\/h2>\n\n\n\n<figure class=\"wp-block-table is-style-stripes\"><table class=\"has-fixed-layout\"><tbody><tr><td><strong>&nbsp;<\/strong><\/td><td>Construtor<\/td><td>PONTOS<\/td><\/tr><tr><td>1<\/td><td>Mercedes<\/td><td>221<\/td><\/tr><tr><td>2<\/td><td>Ferrari<\/td><td>150<\/td><\/tr><tr><td>3<\/td><td>Porsche<\/td><td>138<\/td><\/tr><tr><td>4<\/td><td>Ford<\/td><td>137<\/td><\/tr><tr><td>5<\/td><td>BMW<\/td><td>130<\/td><\/tr><tr><td>6<\/td><td>Aston Martin<\/td><td>127<\/td><\/tr><tr><td>7<\/td><td>Lamborghini<\/td><td>108<\/td><\/tr><tr><td>8<\/td><td>McLaren<\/td><td>98<\/td><\/tr><\/tbody><\/table><\/figure>\n","protected":false},"excerpt":{"rendered":"<p>Avassalador em Norisring, Nicki Thiim venceu as duas corridas do fim de semana, ainda levou as poles e disparou rumo \u00e0 lideran\u00e7a do DTM ap\u00f3s a quarta rodada do campeonato. Confira a classifica\u00e7\u00e3o completa<\/p>\n","protected":false},"author":13,"featured_media":1020308919,"comment_status":"closed","ping_status":"closed","sticky":false,"template":"","format":"standard","meta":{"42wp_featured_image_caption":"Nicki Thiim venceu a primeira da temporada, emendou a segunda e tomou a lideran\u00e7a do DTM","42wp_featured_image_credits":"ADAC","42wp_featured_video":"","42wp_featured_image_hidden":false,"42wp_authors_list":[],"footnotes":""},"categories":[13],"tags":[309,37404,37402,412,1491,28285,37403,4547],"42wp_author":[47142],"class_list":["post-148943","post","type-post","status-publish","format-standard","has-post-thumbnail","hentry","category-dtm","tag-aston-martin","tag-calendario-dtm","tag-classificacao-dtm","tag-dtm","tag-grande-premio","tag-grandepremio","tag-horarios-dtm","tag-norisring","42wp_author-jp-nascimento"],"_links":{"self":[{"href":"https:\/\/grandepremio.com\/br\/wp-json\/wp\/v2\/posts\/148943","targetHints":{"allow":["GET"]}}],"collection":[{"href":"https:\/\/grandepremio.com\/br\/wp-json\/wp\/v2\/posts"}],"about":[{"href":"https:\/\/grandepremio.com\/br\/wp-json\/wp\/v2\/types\/post"}],"author":[{"embeddable":true,"href":"https:\/\/grandepremio.com\/br\/wp-json\/wp\/v2\/users\/13"}],"replies":[{"embeddable":true,"href":"https:\/\/grandepremio.com\/br\/wp-json\/wp\/v2\/comments?post=148943"}],"version-history":[{"count":3,"href":"https:\/\/grandepremio.com\/br\/wp-json\/wp\/v2\/posts\/148943\/revisions"}],"predecessor-version":[{"id":150307,"href":"https:\/\/grandepremio.com\/br\/wp-json\/wp\/v2\/posts\/148943\/revisions\/150307"}],"wp:featuredmedia":[{"embeddable":true,"href":"https:\/\/grandepremio.com\/br\/wp-json\/wp\/v2\/media\/1020308919"}],"wp:attachment":[{"href":"https:\/\/grandepremio.com\/br\/wp-json\/wp\/v2\/media?parent=148943"}],"wp:term":[{"taxonomy":"category","embeddable":true,"href":"https:\/\/grandepremio.com\/br\/wp-json\/wp\/v2\/categories?post=148943"},{"taxonomy":"post_tag","embeddable":true,"href":"https:\/\/grandepremio.com\/br\/wp-json\/wp\/v2\/tags?post=148943"},{"taxonomy":"42wp_author","embeddable":true,"href":"https:\/\/grandepremio.com\/br\/wp-json\/wp\/v2\/42wp_author?post=148943"}],"curies":[{"name":"wp","href":"https:\/\/api.w.org\/{rel}","templated":true}]}}