{"id":149142,"date":"2026-07-08T18:30:33","date_gmt":"2026-07-08T21:30:33","guid":{"rendered":"https:\/\/grandepremio.com\/br\/?p=149142"},"modified":"2026-07-08T18:30:34","modified_gmt":"2026-07-08T21:30:34","slug":"audi-gabriel-bortoleto-fizeram-muito-acima-esperado-inglaterra-diz-evelyn-guimaraes","status":"publish","type":"post","link":"https:\/\/grandepremio.com\/br\/f1\/audi-gabriel-bortoleto-fizeram-muito-acima-esperado-inglaterra-diz-evelyn-guimaraes\/","title":{"rendered":"&#8220;Audi e Bortoleto fizeram muito acima do esperado&#8221; na Inglaterra, diz Evelyn Guimar\u00e3es"},"content":{"rendered":"\n<p class=\"wp-block-paragraph\">No programa <strong>Paddock GP<\/strong> de segunda-feira (6), <strong>Evelyn Guimar\u00e3es<\/strong> analisou o desempenho da Audi no <strong>GP da Inglaterra<\/strong> do \u00faltimo fim de semana. De acordo com a jornalista do <strong>GRANDE PR\u00caMIO<\/strong>, a equipe soube aproveitar muito bem as oportunidades mesmo em um circuito que n\u00e3o favorece o carro.<\/p>\n\n\n\n<p class=\"wp-block-paragraph\"><strong>Assista ao v\u00eddeo:<\/strong><\/p>\n\n\n\n<figure class=\"wp-block-video\"><video class=\"video-js vjs-big-play-centered\" data-gp-vjs=\"1\" controls src=\"https:\/\/grandepremio.com\/br\/wp-content\/uploads\/2026\/07\/pgp-corte-05.mp4\"><\/video><\/figure>\n\n\n\n<p class=\"wp-block-paragraph\">A<strong>&nbsp;F\u00f3rmula 1<\/strong>&nbsp;volta de 17 a 19 de julho no<strong>&nbsp;GP da B\u00e9lgica<\/strong>, em&nbsp;<strong>Spa-Francorchamps<\/strong>, d\u00e9cimo da&nbsp;<strong>temporada 2026<\/strong>.<\/p>\n\n\n\n<p class=\"wp-block-paragraph\">\u25b6\ufe0f\u00a0<strong>F1:\u00a0<a href=\"https:\/\/www.grandepremio.com\/br\/f1\/calendario\/\">confira o calend\u00e1rio completo de 2026<\/a><\/strong>\u00a0<br>\u25b6\ufe0f\u00a0<strong>Inscreva-se nos dois canais do GRANDE PR\u00caMIO no YouTube:\u00a0<a href=\"https:\/\/www.youtube.com\/channel\/UC9OlHEgxoaY6QY6nWPoiqQg?sub_confirmation=1\">GP<\/a>\u00a0|\u00a0<a href=\"https:\/\/www.youtube.com\/channel\/UC9csiS6q_C3C0FYhyr1rnFA?sub_confirmation=1\">GPTV<\/a><\/strong><\/p>\n\n\n\n<h2 class=\"wp-block-heading\"><strong>F1 hoje: saiba aqui as not\u00edcias mais importantes do dia da F\u00f3rmula 1<\/strong><\/h2>\n\n\n\n<p class=\"wp-block-paragraph\">A reda\u00e7\u00e3o do&nbsp;<strong>GRANDE PR\u00caMIO<\/strong>&nbsp;selecionou as not\u00edcias mais importantes das \u00faltimas horas para voc\u00ea ficar por dentro de tudo que acontece na F1.<\/p>\n\n\n\n<p class=\"wp-block-paragraph\">\u25b6\ufe0f\u00a0<a href=\"https:\/\/grandepremio.com\/br\/grandepremium\/f1\/materias\/as-notas-do-gp-da-inglaterra-da-f1-2026\/\"><strong>As notas do GP da Inglaterra da F1 2026<\/strong><\/a><br>\u25b6\ufe0f\u00a0<a href=\"https:\/\/grandepremio.com\/br\/f1\/mercedes-liga-alerta-avanco-ferrari-red-bull-spa-muito-particular\/\"><strong>Mercedes liga alerta para avan\u00e7o de Ferrari e Red Bull: \u201cSpa \u00e9 muito particular\u201d<\/strong><\/a><br>\u25b6\ufe0f\u00a0<a href=\"https:\/\/grandepremio.com\/br\/f1\/ferrari-diz-precisa-ser-realista-chances-titulo-lewis-hamilton-f1-2026\/\"><strong>Ferrari diz que \u201cprecisa ser realista\u201d com chances de t\u00edtulo de Hamilton na F1 2026<\/strong><\/a><br>\u25b6\ufe0f\u00a0<a href=\"https:\/\/grandepremio.com\/br\/f1\/mclaren-cogita-mudanca-de-conceito-e-explica-ponto-chave-para-competir-na-f1-2026\/\"><strong>McLaren cogita mudan\u00e7a de conceito e explica ponto-chave para competir na F1 2026<\/strong><\/a><br>\u25b6\ufe0f\u00a0<a href=\"https:\/\/grandepremio.com\/br\/f1\/george-russell-reconhece-superioridade-andrea-kimi-antonelli-2026-elogia-merece-estar-a-frente\/\"><strong>Russell reconhece superioridade de Antonelli em 2026: \u201cMerece estar \u00e0 frente\u201d<\/strong><\/a><br>\u25b6\ufe0f\u00a0<a href=\"https:\/\/grandepremio.com\/br\/f1\/max-verstappen-afasta-otimismo-evolucao-red-bull-2026-so-quero-terminar-corridas\/\"><strong>Verstappen afasta otimismo em evolu\u00e7\u00e3o da Red Bull em 2026: \u201cS\u00f3 quero terminar corridas\u201d<\/strong><\/a><\/p>\n","protected":false},"excerpt":{"rendered":"<p>Ap\u00f3s Gabriel Bortoleto voltar a pontuar com a Audi, Evelyn Guimar\u00e3es falou sobre o desempenho da equipe no GP da Inglaterra<\/p>\n","protected":false},"author":19,"featured_media":1020308262,"comment_status":"closed","ping_status":"closed","sticky":false,"template":"","format":"standard","meta":{"42wp_featured_image_caption":"Gabriel Bortoleto somou pontos na Inglaterra","42wp_featured_image_credits":"Audi","42wp_featured_video":"","42wp_featured_image_hidden":false,"42wp_authors_list":[],"footnotes":""},"categories":[2],"tags":[970,5660,969,147,29516,642,160,180,47182,350,1505,47427,40176,1491,30103,28285,3632,46650,31927],"42wp_author":[47160],"class_list":["post-149142","post","type-post","status-publish","format-standard","has-post-thumbnail","hentry","category-f1","tag-audi","tag-classificacao","tag-corrida","tag-f1","tag-f1-2026","tag-f1-ao-vivo","tag-f1-tv","tag-formula-1","tag-formula-1-2026-2","tag-gabriel-bortoleto","tag-gp-da-inglaterra","tag-gp-da-inglaterra-2026","tag-gp-da-inglaterra-f1","tag-grande-premio","tag-grande-premio-f1","tag-grandepremio","tag-silverstone","tag-silverstone-2026","tag-silverstone-f1","42wp_author-vicente-soella"],"_links":{"self":[{"href":"https:\/\/grandepremio.com\/br\/wp-json\/wp\/v2\/posts\/149142","targetHints":{"allow":["GET"]}}],"collection":[{"href":"https:\/\/grandepremio.com\/br\/wp-json\/wp\/v2\/posts"}],"about":[{"href":"https:\/\/grandepremio.com\/br\/wp-json\/wp\/v2\/types\/post"}],"author":[{"embeddable":true,"href":"https:\/\/grandepremio.com\/br\/wp-json\/wp\/v2\/users\/19"}],"replies":[{"embeddable":true,"href":"https:\/\/grandepremio.com\/br\/wp-json\/wp\/v2\/comments?post=149142"}],"version-history":[{"count":2,"href":"https:\/\/grandepremio.com\/br\/wp-json\/wp\/v2\/posts\/149142\/revisions"}],"predecessor-version":[{"id":149144,"href":"https:\/\/grandepremio.com\/br\/wp-json\/wp\/v2\/posts\/149142\/revisions\/149144"}],"wp:featuredmedia":[{"embeddable":true,"href":"https:\/\/grandepremio.com\/br\/wp-json\/wp\/v2\/media\/1020308262"}],"wp:attachment":[{"href":"https:\/\/grandepremio.com\/br\/wp-json\/wp\/v2\/media?parent=149142"}],"wp:term":[{"taxonomy":"category","embeddable":true,"href":"https:\/\/grandepremio.com\/br\/wp-json\/wp\/v2\/categories?post=149142"},{"taxonomy":"post_tag","embeddable":true,"href":"https:\/\/grandepremio.com\/br\/wp-json\/wp\/v2\/tags?post=149142"},{"taxonomy":"42wp_author","embeddable":true,"href":"https:\/\/grandepremio.com\/br\/wp-json\/wp\/v2\/42wp_author?post=149142"}],"curies":[{"name":"wp","href":"https:\/\/api.w.org\/{rel}","templated":true}]}}