{"id":149349,"date":"2026-07-09T13:59:28","date_gmt":"2026-07-09T16:59:28","guid":{"rendered":"https:\/\/grandepremio.com\/br\/?p=149349"},"modified":"2026-07-22T13:21:24","modified_gmt":"2026-07-22T16:21:24","slug":"aix-mantem-ricardo-escotto-lugar-brad-benavides-rodada-f3-belgica","status":"publish","type":"post","link":"https:\/\/grandepremio.com\/br\/f3\/aix-mantem-ricardo-escotto-lugar-brad-benavides-rodada-f3-belgica\/","title":{"rendered":"AIX mant\u00e9m Escotto lugar de Benavides na rodada da F3 na B\u00e9lgica"},"content":{"rendered":"\n<p class=\"wp-block-paragraph\"><strong>Ricardo Escotto<\/strong> vai continuar defendendo a <strong>AIX <\/strong>durante a rodada dupla da <strong>F\u00f3rmula 3<\/strong> em <strong>Spa-Francorchamps<\/strong>, na <strong>B\u00e9lgica<\/strong>, que acontece entre 17 e 19 de julho. O piloto mexicano j\u00e1 guiou pela equipe em 2026 durante as etapas de <strong>Barcelona <\/strong>e da <strong>Inglaterra<\/strong>, quando substitutiu o lesionado <strong>Brad Benavides<\/strong>.<\/p>\n\n\n\n<p class=\"wp-block-paragraph\">Durante o fim de semana de <strong>M\u00f4naco<\/strong>, segunda rodada da temporada 2026, <strong>Benavides <\/strong><a href=\"https:\/\/grandepremio.com\/br\/f3\/brad-benavides-fratura-vertebras-acidente-corrida-sprint-f3-monaco\/\">se envolveu em uma colis\u00e3o<\/a> com <strong>Christian Ho <\/strong>no hairpin ainda na primeira volta da sprint. Embora o acidente n\u00e3o tenha parecido grave, o piloto foi hospitalizado e, horas mais tarde, confirmou que sofreu les\u00f5es em tr\u00eas v\u00e9rtebras.<\/p>\n\n\n\n<p class=\"wp-block-paragraph\">Na \u00e9poca, a vers\u00e3o alem\u00e3 da <strong>Sky Sports<\/strong> informou que Benavides precisaria passar por um processo de recupera\u00e7\u00e3o e seria desfalque para a <strong>AIX <\/strong>por pelo menos dois meses. Assim, na etapa seguinte, em <strong>Barcelona<\/strong>, <strong>Escotto <\/strong>foi escolhido como substituto. Na \u00c1ustria, no entanto, o titular foi <strong>Salim Hanna<\/strong>. Na <strong>Inglaterra<\/strong>, Ricardo retomou o posto e foi mantido para o fim de semana na <strong>B\u00e9lgica<\/strong>.<\/p>\n\n\n\n<p class=\"wp-block-paragraph\">Com quatro corridas completadas em 2026, <strong>Escotto <\/strong>tem como melhor resultado o 22\u00ba lugar na sprint em Barcelona.<\/p>\n\n\n\n<figure class=\"wp-block-image size-full\"><img loading=\"lazy\" decoding=\"async\" width=\"612\" height=\"408\" src=\"https:\/\/grandepremio.com\/br\/wp-content\/uploads\/2026\/06\/Acidente-Benavides-Monaco-Foto-Reproducao.jpg\" alt=\"\" class=\"wp-image-1001095860\" srcset=\"https:\/\/grandepremio.com\/wp-content\/uploads\/2026\/06\/Acidente-Benavides-Monaco-Foto-Reproducao.jpg 612w, https:\/\/grandepremio.com\/wp-content\/uploads\/2026\/06\/Acidente-Benavides-Monaco-Foto-Reproducao-300x200.jpg 300w, https:\/\/grandepremio.com\/wp-content\/uploads\/2026\/06\/Acidente-Benavides-Monaco-Foto-Reproducao-150x100.jpg 150w\" sizes=\"(max-width: 612px) 100vw, 612px\" \/><figcaption class=\"wp-element-caption\">Benavides fraturou as v\u00e9rtebras no acidente em M\u00f4naco (Foto: Reprodu\u00e7\u00e3o)<\/figcaption><\/figure>\n\n\n\n<p class=\"wp-block-paragraph\">Com a conclus\u00e3o da etapa da\u00a0<strong>Inglaterra<\/strong>, a\u00a0<strong>F3\u00a0<\/strong>enfrenta um hiato de duas semanas e retoma as atividades entre 17 e 19 de julho com a rodada dupla da B\u00e9lgica. O\u00a0<strong>GRANDE PR\u00caMIO<\/strong>\u00a0faz a cobertura completa da temporada.<\/p>\n","protected":false},"excerpt":{"rendered":"<p>Em meio ao processo de recupera\u00e7\u00e3o de Brad Benavides, a AIX confirmou que Ricardo Escotto vai seguir como titular no fim de semana da F3 na B\u00e9lgica<\/p>\n","protected":false},"author":17,"featured_media":1020308965,"comment_status":"closed","ping_status":"closed","sticky":false,"template":"","format":"standard","meta":{"42wp_featured_image_caption":"Ricardo Escotto segue com a AIX na B\u00e9lgica","42wp_featured_image_credits":"F3","42wp_featured_video":"","42wp_featured_image_hidden":false,"42wp_authors_list":[],"footnotes":""},"categories":[10],"tags":[39506,33170,29655,1008,43859,24945,35181,35651,34804],"42wp_author":[47149],"class_list":["post-149349","post","type-post","status-publish","format-standard","has-post-thumbnail","hentry","category-f3","tag-aix","tag-brad-benavides","tag-calendario-f3","tag-f3","tag-f3-2026","tag-formula-3-2","tag-horarios-f3","tag-onde-assistir-f3","tag-ricardo-escotto","42wp_author-bernardo-castro"],"_links":{"self":[{"href":"https:\/\/grandepremio.com\/br\/wp-json\/wp\/v2\/posts\/149349","targetHints":{"allow":["GET"]}}],"collection":[{"href":"https:\/\/grandepremio.com\/br\/wp-json\/wp\/v2\/posts"}],"about":[{"href":"https:\/\/grandepremio.com\/br\/wp-json\/wp\/v2\/types\/post"}],"author":[{"embeddable":true,"href":"https:\/\/grandepremio.com\/br\/wp-json\/wp\/v2\/users\/17"}],"replies":[{"embeddable":true,"href":"https:\/\/grandepremio.com\/br\/wp-json\/wp\/v2\/comments?post=149349"}],"version-history":[{"count":1,"href":"https:\/\/grandepremio.com\/br\/wp-json\/wp\/v2\/posts\/149349\/revisions"}],"predecessor-version":[{"id":149354,"href":"https:\/\/grandepremio.com\/br\/wp-json\/wp\/v2\/posts\/149349\/revisions\/149354"}],"wp:featuredmedia":[{"embeddable":true,"href":"https:\/\/grandepremio.com\/br\/wp-json\/wp\/v2\/media\/1020308965"}],"wp:attachment":[{"href":"https:\/\/grandepremio.com\/br\/wp-json\/wp\/v2\/media?parent=149349"}],"wp:term":[{"taxonomy":"category","embeddable":true,"href":"https:\/\/grandepremio.com\/br\/wp-json\/wp\/v2\/categories?post=149349"},{"taxonomy":"post_tag","embeddable":true,"href":"https:\/\/grandepremio.com\/br\/wp-json\/wp\/v2\/tags?post=149349"},{"taxonomy":"42wp_author","embeddable":true,"href":"https:\/\/grandepremio.com\/br\/wp-json\/wp\/v2\/42wp_author?post=149349"}],"curies":[{"name":"wp","href":"https:\/\/api.w.org\/{rel}","templated":true}]}}