{"id":149361,"date":"2026-07-09T15:12:34","date_gmt":"2026-07-09T18:12:34","guid":{"rendered":"https:\/\/grandepremio.com\/br\/?p=149361"},"modified":"2026-07-09T15:12:35","modified_gmt":"2026-07-09T18:12:35","slug":"kiro-anuncia-renovacao-cupra-mantem-patrocinio-principal-gen4-formula-e","status":"publish","type":"post","link":"https:\/\/grandepremio.com\/br\/formula-e\/kiro-anuncia-renovacao-cupra-mantem-patrocinio-principal-gen4-formula-e\/","title":{"rendered":"Kiro anuncia renova\u00e7\u00e3o com Cupra e mant\u00e9m patroc\u00ednio principal para Gen4 da F\u00f3rmula E"},"content":{"rendered":"\n<p class=\"wp-block-paragraph\">A semana de an\u00fancios da <strong>Kiro<\/strong> continua de vento em popa. <strong><a href=\"https:\/\/grandepremio.com\/br\/formula-e\/cupra-kiro-sela-futuro-e-segue-cliente-da-porsche-na-era-gen4-da-formula-e\/\">Ap\u00f3s confirmar a manuten\u00e7\u00e3o j\u00e1 esperada como equipe cliente<\/a><\/strong> da <strong>Porsche<\/strong> para a era <strong>Gen4<\/strong> de carros da <strong>F\u00f3rmula E<\/strong>, nesta quinta-feira (9) tamb\u00e9m confirmou que mant\u00e9m a patrocinadora principal. A <strong>Cupra<\/strong>, bra\u00e7o esportivo da montadora espanhola Seat, continua dando nome ao time.<\/p>\n\n\n\n<figure class=\"wp-block-embed is-type-video is-provider-youtube wp-block-embed-youtube wp-embed-aspect-9-16 wp-has-aspect-ratio\"><div class=\"wp-block-embed__wrapper\">\n<iframe loading=\"lazy\" title=\"\ud83c\udfc6&quot;Di Grassi conquista feito mais inacredit\u00e1vel do Brasil em anos&quot;, opina JP Nascimento\" width=\"422\" height=\"750\" src=\"https:\/\/www.youtube.com\/embed\/rcr0o6rjQOM?feature=oembed\" frameborder=\"0\" allow=\"accelerometer; autoplay; clipboard-write; encrypted-media; gyroscope; picture-in-picture; web-share\" referrerpolicy=\"strict-origin-when-cross-origin\" allowfullscreen><\/iframe>\n<\/div><figcaption class=\"wp-element-caption\">&#8220;Di Grassi conquista feito mais inacredit\u00e1vel do Brasil em anos&#8221;, opina JP Nascimento<\/figcaption><\/figure>\n\n\n\n<p class=\"wp-block-paragraph\">Desta maneira, a equipe continua sendo chamada de <strong>Cupra Kiro<\/strong> pelos pr\u00f3ximos anos. Embora a dura\u00e7\u00e3o do acordo n\u00e3o tenha sido especificada, acertos na F\u00f3rmula E costumam levar em conta as atualiza\u00e7\u00f5es de carros, que acontecem a cada dois anos.<\/p>\n\n\n\n<p class=\"wp-block-paragraph\">A Cupra ingressou na F\u00f3rmula E como parceira da Abt, h\u00e1 3 anos, mas saiu apenas uma temporada depois ap\u00f3s a companhia alem\u00e3 costurar um acordo com a f\u00e1brica inglesa Lola para fazer os pr\u00f3prios tr\u00eas de for\u00e7a \u2014 posteriormente, a Lola passou a comandar o time. Imediatamente, a Cupra se acertou com a Kiro, que entrava na categoria com esse nome, ap\u00f3s a antiga NIO ser adquirida pelo grupo estadunidense de investimento Forest Road Company.<\/p>\n\n\n\n<p class=\"wp-block-paragraph\">&#8220;Continuar a parceria com a Cupra para a era Gen4 \u00e9 um marco significativo da Kiro. Em menos de dois anos, estabelecemos uma parceria de sucesso na pista e que criou oportunidades que se conectam \u00e0s audi\u00eancias al\u00e9m do esporte a motor&#8221;, afirmou <strong>Jeremy Tarica, diretor-administrativo da Forest Road Company<\/strong>.<\/p>\n\n\n\n<p class=\"wp-block-paragraph\">&#8220;Na F\u00f3rmula E, o sucesso n\u00e3o \u00e9 constru\u00eddo da noite para o dia&#8221;, continuou o <strong>chefe da Cupra Kiro, Russell O&#8217;Hagan<\/strong>. &#8220;\u00c9 constru\u00eddo atrav\u00e9s de consist\u00eancia, confian\u00e7a e parcerias de longo prazo. Aumentar nossa rela\u00e7\u00e3o com a Cupra para a era Gen4 \u00e9 uma not\u00edcia fant\u00e1stica para todos no time. Definir a continuidade antes mesmo da atual temporada terminar nos d\u00e1 plataforma importante para continuar nos preparando para o futuro. O alinhamento entre as partes moldou como corremos e nos ajudou a estabelecer identidade clara na pista e fora dela. J\u00e1 mostramos o que podemos alcan\u00e7ar, mas acredito que o melhor est\u00e1 por vir&#8221;, comentou.<\/p>\n\n\n\n<figure class=\"wp-block-image size-full\"><img loading=\"lazy\" decoding=\"async\" width=\"1000\" height=\"667\" src=\"https:\/\/grandepremio.com\/br\/wp-content\/uploads\/2026\/06\/2282462135-1000x1000-1.jpg\" alt=\"\" class=\"wp-image-1020307040\" srcset=\"https:\/\/grandepremio.com\/wp-content\/uploads\/2026\/06\/2282462135-1000x1000-1.jpg 1000w, https:\/\/grandepremio.com\/wp-content\/uploads\/2026\/06\/2282462135-1000x1000-1-300x200.jpg 300w, https:\/\/grandepremio.com\/wp-content\/uploads\/2026\/06\/2282462135-1000x1000-1-768x512.jpg 768w, https:\/\/grandepremio.com\/wp-content\/uploads\/2026\/06\/2282462135-1000x1000-1-150x100.jpg 150w\" sizes=\"(max-width: 1000px) 100vw, 1000px\" \/><figcaption class=\"wp-element-caption\">Pepe Mart\u00ed j\u00e1 foi a dois p\u00f3dios com a Cupra Kiro na temporada 2025\/26 (Foto: F\u00f3rmula E)<\/figcaption><\/figure>\n\n\n\n<p class=\"wp-block-paragraph\">&#8220;O fato de Cupra estender o acordo com a Kiro serve como poderosa satisfa\u00e7\u00e3o da plataforma que constru\u00edmos e da vis\u00e3o comercial que marca nossa companhia&#8221;, falou <strong>Jon Wilde, diretor-comercial da Cupra Kiro<\/strong>. &#8220;Desde o primeiro dia, nossa ambi\u00e7\u00e3o tem sido criar algo mais que apenas uma equipe ou os resultados. Montamos um neg\u00f3cio que permite marcas l\u00edderes em seus ramos a atingirem audi\u00eancias numa intersec\u00e7\u00e3o \u00fanica de esporte, entretenimento e tecnologia&#8221;, apontou.<\/p>\n\n\n\n<p class=\"wp-block-paragraph\">A Cupra Kiro ainda n\u00e3o anunciou oficialmente a dupla de pilotos para o ano que vem, mas a expectativa \u00e9 que mantenha o novato <strong>Jos\u00e9 Mar\u00eda Mart\u00ed<\/strong>, que j\u00e1 anotou dois p\u00f3dios no campeonato, e troque <strong>Dan Ticktum<\/strong> por outro nome. <\/p>\n\n\n\n<p class=\"wp-block-paragraph\">A&nbsp;<strong>F\u00f3rmula E<\/strong>&nbsp;retorna entre os dias&nbsp;<strong>24 e 25 de julho<\/strong>, com a realiza\u00e7\u00e3o da rodada dupla do&nbsp;<strong>eP de T\u00f3quio<\/strong>. Emissora oficial no Brasil, o&nbsp;<strong>GRANDE PR\u00caMIO<\/strong>&nbsp;transmite todas as atividades de pista&nbsp;<strong>AO VIVO<\/strong>&nbsp;e&nbsp;<strong>COM IMAGENS<\/strong>&nbsp;no&nbsp;<strong><a href=\"https:\/\/www.youtube.com\/@GrandePremio1\">YouTube<\/a>&nbsp;<\/strong>e na&nbsp;<strong>GPTV<\/strong>.<\/p>\n\n\n\n<p class=\"wp-block-paragraph\"><strong>&nbsp;Inscreva-se nos dois canais do GRANDE PR\u00caMIO no YouTube:&nbsp;<a href=\"https:\/\/www.youtube.com\/channel\/UC9OlHEgxoaY6QY6nWPoiqQg?sub_confirmation=1\">GP<\/a>&nbsp;|&nbsp;<a href=\"https:\/\/www.youtube.com\/channel\/UC9csiS6q_C3C0FYhyr1rnFA?sub_confirmation=1\">GPTV<\/a><\/strong><\/p>\n\n\n\n<h2 class=\"wp-block-heading\">F\u00f3rmula E hoje: saiba aqui as not\u00edcias mais importantes do dia da F\u00f3rmula E<\/h2>\n\n\n\n<p class=\"wp-block-paragraph\">A reda\u00e7\u00e3o do&nbsp;<strong>GRANDE PR\u00caMIO<\/strong>&nbsp;selecionou as not\u00edcias mais importantes das \u00faltimas horas para voc\u00ea ficar por dentro de tudo que acontece na F\u00f3rmula E.<\/p>\n\n\n\n<p class=\"wp-block-paragraph\"><strong><a href=\"https:\/\/grandepremio.com\/br\/formula-e\/5-coisas-aprendemos-ep-de-xangai-formula-e-2025-26\/\">5 coisas que aprendemos no eP de Xangai da F\u00f3rmula E 2025\/26<\/a><\/strong><br><a href=\"https:\/\/grandepremio.com\/br\/formula-e\/lucas-di-grassi-abre-bastidores-revela-aposta-ultima-hora-rendeu-vitoria-xangai\/\">Di Grassi abre bastidores e revela aposta de \u00faltima hora que rendeu vit\u00f3ria em Xangai<\/a><br><a href=\"https:\/\/grandepremio.com\/br\/formula-e\/fernando-barrichello-carro-gen4-jaguar-1a-aparicao-goodwood\/\">Fernando Barrichello comanda carro Gen4 da Jaguar em 1\u00aa apari\u00e7\u00e3o em Goodwood<\/a><br><strong><a href=\"https:\/\/grandepremio.com\/br\/formula-e\/felipe-drugovich-admite-dia-amargo-explica-razao-6o-lugar-ep-de-xangai\/\">Drugovich admite \u201cdia amargo\u201d e explica raz\u00e3o para 6\u00ba lugar no eP de Xangai<\/a><br>\u00a0<a href=\"https:\/\/grandepremio.com\/br\/formula-e\/pascal-wehrlein-retoma-lideranca-mitch-evans-xangai-confira-classificacao-formula-e\/\">Wehrlein retoma lideran\u00e7a de Evans em Xangai. Confira classifica\u00e7\u00e3o da F\u00f3rmula E<\/a><\/strong><\/p>\n","protected":false},"excerpt":{"rendered":"<p>Kiro, que vai continuar usando trens de for\u00e7a da Porsche pelos pr\u00f3ximos anos, tamb\u00e9m anunciou acordo para continuar dividindo nome com a patrocinadora principal, a Cupra, durante a era Gen4 da F\u00f3rmula E<\/p>\n","protected":false},"author":3,"featured_media":1020308400,"comment_status":"closed","ping_status":"closed","sticky":false,"template":"","format":"standard","meta":{"42wp_featured_image_caption":"Cupra Kiro se mant\u00e9m assim na F\u00f3rmula E para era Gen 4","42wp_featured_image_credits":"F\u00f3rmula E","42wp_featured_video":"","42wp_featured_image_hidden":false,"42wp_authors_list":[],"footnotes":""},"categories":[19],"tags":[37542,37543,5660,41812,985,34647,37545,33841,33769,736],"42wp_author":[],"class_list":["post-149361","post","type-post","status-publish","format-standard","has-post-thumbnail","hentry","category-formula-e","tag-assistir-formula-e-gratis","tag-assistir-formula-e-online","tag-classificacao","tag-cupra-kiro","tag-dan-ticktum","tag-formula-e-ao-vivo","tag-formula-e-live","tag-formula-e-no-grande-premio","tag-pepe-marti","tag-porsche"],"_links":{"self":[{"href":"https:\/\/grandepremio.com\/br\/wp-json\/wp\/v2\/posts\/149361","targetHints":{"allow":["GET"]}}],"collection":[{"href":"https:\/\/grandepremio.com\/br\/wp-json\/wp\/v2\/posts"}],"about":[{"href":"https:\/\/grandepremio.com\/br\/wp-json\/wp\/v2\/types\/post"}],"author":[{"embeddable":true,"href":"https:\/\/grandepremio.com\/br\/wp-json\/wp\/v2\/users\/3"}],"replies":[{"embeddable":true,"href":"https:\/\/grandepremio.com\/br\/wp-json\/wp\/v2\/comments?post=149361"}],"version-history":[{"count":1,"href":"https:\/\/grandepremio.com\/br\/wp-json\/wp\/v2\/posts\/149361\/revisions"}],"predecessor-version":[{"id":149365,"href":"https:\/\/grandepremio.com\/br\/wp-json\/wp\/v2\/posts\/149361\/revisions\/149365"}],"wp:featuredmedia":[{"embeddable":true,"href":"https:\/\/grandepremio.com\/br\/wp-json\/wp\/v2\/media\/1020308400"}],"wp:attachment":[{"href":"https:\/\/grandepremio.com\/br\/wp-json\/wp\/v2\/media?parent=149361"}],"wp:term":[{"taxonomy":"category","embeddable":true,"href":"https:\/\/grandepremio.com\/br\/wp-json\/wp\/v2\/categories?post=149361"},{"taxonomy":"post_tag","embeddable":true,"href":"https:\/\/grandepremio.com\/br\/wp-json\/wp\/v2\/tags?post=149361"},{"taxonomy":"42wp_author","embeddable":true,"href":"https:\/\/grandepremio.com\/br\/wp-json\/wp\/v2\/42wp_author?post=149361"}],"curies":[{"name":"wp","href":"https:\/\/api.w.org\/{rel}","templated":true}]}}