{"id":149364,"date":"2026-07-09T18:55:00","date_gmt":"2026-07-09T21:55:00","guid":{"rendered":"https:\/\/grandepremio.com\/br\/?p=149364"},"modified":"2026-07-09T18:25:04","modified_gmt":"2026-07-09T21:25:04","slug":"wgp-rafael-camara-cada-vez-mais-perto-haas-problema-oliver-bearman","status":"publish","type":"post","link":"https:\/\/grandepremio.com\/br\/f1\/wgp-rafael-camara-cada-vez-mais-perto-haas-problema-oliver-bearman\/","title":{"rendered":"WGP: C\u00e2mara cada vez mais perto da Haas \u00e9 problema para Bearman?"},"content":{"rendered":"\n<p class=\"wp-block-paragraph\">A subida de <strong>Rafael C\u00e2mara <\/strong>para a <strong>F\u00f3rmula 1 <\/strong>est\u00e1 cada vez mais certa, e fontes da It\u00e1lia j\u00e1 apontam para um acordo com a <strong>Haas <\/strong>encaminhado, o que deixaria a equipe norte-americana com dois pilotos apoiados pela <strong>Ferrari <\/strong>na<strong> temporada 2027<\/strong>, com Oliver Bearman por l\u00e1. O brit\u00e2nico, ali\u00e1s, falou muito sobre se sentir pronto para defender a escuderia italiana depois do in\u00edcio de ano promissor, mas o que significa para as ambi\u00e7\u00f5es dele ter outro protegido de Maranello lado a lado?<\/p>\n\n\n\n<p class=\"wp-block-paragraph\">Se a Ferrari pode se ver num dilema, Pato O&#8217;Ward tratou de sanar todas as d\u00favidas que ainda existiam sobre a F1 ao pedir \u00e0 McLaren para deixar o programa ligado \u00e0 categoria. Com as portas fechadas por l\u00e1, o momento \u00e9 focar a Indy, enquanto o time de Woking se v\u00ea \u00e0s voltas com o futuro em meio a rumores que trazem Max Verstappen.<\/p>\n\n\n\n<p class=\"wp-block-paragraph\">Estes s\u00e3o alguns dos temas do WGP desta quinta-feira (9), programa comandado pelas jornalistas do <strong>GRANDE PR\u00caMIO<\/strong>. <strong>Luana Marino <\/strong>apresenta, com coment\u00e1rios de <strong>Evelyn Guimar\u00e3es<\/strong>. <strong>Gabrielle Tiepolo <\/strong>e <strong>Rodrigo Munhoz<\/strong> assinam a produ\u00e7\u00e3o.<\/p>\n\n\n\n<figure class=\"wp-block-embed is-type-video is-provider-youtube wp-block-embed-youtube wp-embed-aspect-16-9 wp-has-aspect-ratio\"><div class=\"wp-block-embed__wrapper\">\n<iframe loading=\"lazy\" title=\"C\u00c2MARA CADA VEZ MAIS PERTO DA HAAS \u00c9 PROBLEMA PARA BEARMAN? | WGP\" width=\"500\" height=\"281\" src=\"https:\/\/www.youtube.com\/embed\/xWxTtOtCzkQ?feature=oembed\" frameborder=\"0\" allow=\"accelerometer; autoplay; clipboard-write; encrypted-media; gyroscope; picture-in-picture; web-share\" referrerpolicy=\"strict-origin-when-cross-origin\" allowfullscreen><\/iframe>\n<\/div><\/figure>\n\n\n\n<p class=\"wp-block-paragraph\">A<strong>&nbsp;F\u00f3rmula 1<\/strong>&nbsp;volta de 17 a 19 de julho no<strong>&nbsp;GP da B\u00e9lgica<\/strong>, em&nbsp;<strong>Spa-Francorchamps<\/strong>, d\u00e9cimo da&nbsp;<strong>temporada 2026<\/strong>.<\/p>\n\n\n\n<p class=\"wp-block-paragraph\">\u25b6\ufe0f&nbsp;<strong>F1:&nbsp;<a href=\"https:\/\/www.grandepremio.com\/br\/f1\/calendario\/\">confira o calend\u00e1rio completo de 2026<\/a><\/strong>&nbsp;<br>\u25b6\ufe0f&nbsp;<strong>Inscreva-se nos dois canais do GRANDE PR\u00caMIO no YouTube:&nbsp;<a href=\"https:\/\/www.youtube.com\/channel\/UC9OlHEgxoaY6QY6nWPoiqQg?sub_confirmation=1\">GP<\/a>&nbsp;|&nbsp;<a href=\"https:\/\/www.youtube.com\/channel\/UC9csiS6q_C3C0FYhyr1rnFA?sub_confirmation=1\">GPTV<\/a><\/strong><\/p>\n\n\n\n<h2 class=\"wp-block-heading\"><strong>F1 hoje: saiba aqui as not\u00edcias mais importantes do dia da F\u00f3rmula 1<\/strong><\/h2>\n\n\n\n<p class=\"wp-block-paragraph\">A reda\u00e7\u00e3o do&nbsp;<strong>GRANDE PR\u00caMIO<\/strong>&nbsp;selecionou as not\u00edcias mais importantes das \u00faltimas horas para voc\u00ea ficar por dentro de tudo que acontece na F1.<\/p>\n\n\n\n<p class=\"wp-block-paragraph\">\u25b6\ufe0f&nbsp;<a href=\"https:\/\/grandepremio.com\/br\/f1\/gabriel-bortoleto-volta-defender-f1-2026-indaga-criticos-vao-reclamar-por-3-anos\/\">Bortoleto volta a defender F1 2026 e indaga cr\u00edticos: \u201cV\u00e3o reclamar por 3 anos?\u201d<\/a><br>\u25b6\ufe0f&nbsp;<a href=\"https:\/\/grandepremio.com\/br\/f1\/pato-oward-revela-pediu-deixar-programa-f1-mclaren-sem-interesse\/\">O\u2019Ward revela que pediu para deixar programa da F1 da McLaren: \u201cSem interesse\u201d<\/a><br>\u25b6\ufe0f&nbsp;<a href=\"https:\/\/grandepremio.com\/br\/grandepremium\/f1\/materias\/o-que-mudou-relacao-lewis-hamilton-ferrari-2025-2026\/\">O que mudou na rela\u00e7\u00e3o de Hamilton e Ferrari de 2025 para 2026<\/a><br>\u25b6\ufe0f&nbsp;<a href=\"https:\/\/grandepremio.com\/br\/f1\/ferrari-destaca-amadurecimento-relacao-lewis-hamilton-f1-partiu-2-lados\/\">Ferrari destaca amadurecimento da rela\u00e7\u00e3o com Hamilton na F1: \u201cPartiu dos 2 lados\u201d<\/a><\/p>\n","protected":false},"excerpt":{"rendered":"<p>Rafael C\u00e2mara na Haas parece ser quest\u00e3o de tempo, mas o quanto a subida do brasileiro pode atravancar a inten\u00e7\u00e3o de Oliver Bearman de conseguir uma vaga na Ferrari no futuro?<\/p>\n","protected":false},"author":4,"featured_media":1020308968,"comment_status":"closed","ping_status":"closed","sticky":false,"template":"","format":"standard","meta":{"42wp_featured_image_caption":"Rafael C\u00e2mara na Haas em 2027 pode complicar ida de Oliver Bearman \u00e0 Ferrari no futuro?","42wp_featured_image_credits":"F2","42wp_featured_video":"","42wp_featured_image_hidden":false,"42wp_authors_list":[],"footnotes":""},"categories":[2],"tags":[27861,26271,209,5273,147,29516,29148,176,207,180,31425,28995,350,1491,28285,30840,87,90,29923,35129,99,27860,31470,27473],"42wp_author":[47147],"class_list":["post-149364","post","type-post","status-publish","format-standard","has-post-thumbnail","hentry","category-f1","tag-andrea-kimi-antonelli","tag-calendario-f1","tag-charles-leclerc","tag-classificacao-f1","tag-f1","tag-f1-2026","tag-f1-hoje","tag-fernando-alonso","tag-ferrari","tag-formula-1","tag-formula-1-2026","tag-formula-1-hoje","tag-gabriel-bortoleto","tag-grande-premio","tag-grandepremio","tag-horarios-f1","tag-lewis-hamilton","tag-mclaren","tag-oliver-bearman","tag-onde-assistir-f1","tag-pato-oward","tag-rafael-camara","tag-temporada-2026-f1","tag-wgp","42wp_author-luana-marino"],"_links":{"self":[{"href":"https:\/\/grandepremio.com\/br\/wp-json\/wp\/v2\/posts\/149364","targetHints":{"allow":["GET"]}}],"collection":[{"href":"https:\/\/grandepremio.com\/br\/wp-json\/wp\/v2\/posts"}],"about":[{"href":"https:\/\/grandepremio.com\/br\/wp-json\/wp\/v2\/types\/post"}],"author":[{"embeddable":true,"href":"https:\/\/grandepremio.com\/br\/wp-json\/wp\/v2\/users\/4"}],"replies":[{"embeddable":true,"href":"https:\/\/grandepremio.com\/br\/wp-json\/wp\/v2\/comments?post=149364"}],"version-history":[{"count":3,"href":"https:\/\/grandepremio.com\/br\/wp-json\/wp\/v2\/posts\/149364\/revisions"}],"predecessor-version":[{"id":149397,"href":"https:\/\/grandepremio.com\/br\/wp-json\/wp\/v2\/posts\/149364\/revisions\/149397"}],"wp:featuredmedia":[{"embeddable":true,"href":"https:\/\/grandepremio.com\/br\/wp-json\/wp\/v2\/media\/1020308968"}],"wp:attachment":[{"href":"https:\/\/grandepremio.com\/br\/wp-json\/wp\/v2\/media?parent=149364"}],"wp:term":[{"taxonomy":"category","embeddable":true,"href":"https:\/\/grandepremio.com\/br\/wp-json\/wp\/v2\/categories?post=149364"},{"taxonomy":"post_tag","embeddable":true,"href":"https:\/\/grandepremio.com\/br\/wp-json\/wp\/v2\/tags?post=149364"},{"taxonomy":"42wp_author","embeddable":true,"href":"https:\/\/grandepremio.com\/br\/wp-json\/wp\/v2\/42wp_author?post=149364"}],"curies":[{"name":"wp","href":"https:\/\/api.w.org\/{rel}","templated":true}]}}