{"id":14942,"date":"2025-11-17T19:06:32","date_gmt":"2025-11-17T22:06:32","guid":{"rendered":"https:\/\/grandepremio.com\/br\/noticias\/quais-horarios-etapa-las-vegas-f1-academy\/"},"modified":"2025-11-17T19:11:25","modified_gmt":"2025-11-17T22:11:25","slug":"quais-horarios-etapa-las-vegas-f1-academy","status":"publish","type":"post","link":"https:\/\/grandepremio.com\/br\/f1-academy\/quais-horarios-etapa-las-vegas-f1-academy\/","title":{"rendered":"Quais os hor\u00e1rios da etapa de Las Vegas da F1 Academy"},"content":{"rendered":"\n<p class=\"wp-block-paragraph\"><strong>Las Vegas<\/strong> \u00e9 o palco da \u00faltima etapa da temporada 2025 da<strong> F1 Academy<\/strong>, depois de mais de um m\u00eas sem corridas. Ser\u00e1 a primeira vez que a categoria correr\u00e1 no circuito de rua estadunidense.<\/p>\n\n\n\n<p class=\"wp-block-paragraph\">As atividades come\u00e7am j\u00e1 na quinta-feira (20), com o treino livre. A classifica\u00e7\u00e3o ser\u00e1 disputada na madrugada de quinta para sexta-feira, e a corrida 1 est\u00e1 marcada para a noite de sexta. A segunda prova do fim de semana ser\u00e1 no s\u00e1bado.<\/p>\n\n\n\n<p class=\"wp-block-paragraph\">Todas as sess\u00f5es ter\u00e3o&nbsp;<a href=\"https:\/\/formula1aovivo.com\/\" target=\"_blank\" rel=\"noreferrer noopener\">transmiss\u00e3o<\/a>&nbsp;do&nbsp;<strong>BandSports<\/strong>&nbsp;e&nbsp;<strong>F1TV<\/strong>&nbsp;no&nbsp;<strong>Brasil<\/strong>.<\/p>\n\n\n\n<p class=\"wp-block-paragraph\">Confira a programa\u00e7\u00e3o do fim de semana:<\/p>\n\n\n\n<figure class=\"wp-block-image size-full\"><img decoding=\"async\" src=\"https:\/\/www.grandepremio.com\/br\/wp-content\/uploads\/2025\/03\/imagem_2025-03-24_170356649.png\" alt=\"\" class=\"wp-image-944286\"\/><figcaption class=\"wp-element-caption\">Rafaela Ferreira (Foto: F1 Academy)<\/figcaption><\/figure>\n\n\n\n<h2 class=\"wp-block-heading\" id=\"h-f1-academy-em-las-vegas-veja-os-horarios-em-brasil-cabo-verde-nbsp-portugal-angola-e-mocambique\"><strong>F1 Academy em Las Vegas: veja os hor\u00e1rios em Brasil, Cabo Verde,&nbsp;<a href=\"https:\/\/grandepremio.pt\/\" target=\"_blank\" rel=\"noreferrer noopener\">Portugal<\/a>, Angola e Mo\u00e7ambique:<\/strong><\/h2>\n\n\n\n<figure class=\"wp-block-table\"><table class=\"has-fixed-layout\"><tbody><tr><td>Dia<\/td><td><strong>Sess\u00e3o<\/strong><\/td><td><strong>BRA*<\/strong><\/td><td><strong>CBV<\/strong><\/td><td><strong>POR<\/strong><br><strong>ANG<\/strong><\/td><td><strong>MOZ<\/strong><\/td><\/tr><tr><td>Sexta-feira<\/td><td>Classifica\u00e7\u00e3o<\/td><td>2:30<\/td><td>4:30<\/td><td>6:30<\/td><td>7:30<\/td><\/tr><tr><td>Sexta-feira<\/td><td>Corrida 1<\/td><td>23:15<\/td><td>1:15 (S\u00c1B)<\/td><td>3:15 (S\u00c1B)<\/td><td>4:15 (S\u00c1B)<\/td><\/tr><tr><td>S\u00e1bado<\/td><td>Corrida 2<\/td><td>21:15<\/td><td>23:15<\/td><td>1:15 (DOM)<\/td><td>2:15 (DOM)<\/td><\/tr><\/tbody><\/table><\/figure>\n\n\n\n<p class=\"wp-block-paragraph\"><em>*Hor\u00e1rios de Bras\u00edlia<\/em><\/p>\n\n\n\n<p class=\"wp-block-paragraph\">\u25b6\ufe0f&nbsp;<strong>Inscreva-se nos dois canais do GRANDE PR\u00caMIO no YouTube:&nbsp;<a href=\"https:\/\/www.youtube.com\/channel\/UC9OlHEgxoaY6QY6nWPoiqQg?sub_confirmation=1\" target=\"_blank\" rel=\"noreferrer noopener\">GP<\/a>&nbsp;|&nbsp;<a href=\"https:\/\/www.youtube.com\/channel\/UC9csiS6q_C3C0FYhyr1rnFA?sub_confirmation=1\" target=\"_blank\" rel=\"noreferrer noopener\">GP2<\/a><\/strong><\/p>\n\n\n\n<figure class=\"wp-block-embed is-type-video is-provider-youtube wp-block-embed-youtube wp-embed-aspect-16-9 wp-has-aspect-ratio\"><div class=\"wp-block-embed__wrapper\">\n<iframe loading=\"lazy\" title=\"BORTOLETO? HADJAR? QUEM \u00c9 O MELHOR NOVATO DA F1 2025? | Paddock Sprint\" width=\"500\" height=\"281\" src=\"https:\/\/www.youtube.com\/embed\/NSXOwiKubhU?feature=oembed\" frameborder=\"0\" allow=\"accelerometer; autoplay; clipboard-write; encrypted-media; gyroscope; picture-in-picture; web-share\" referrerpolicy=\"strict-origin-when-cross-origin\" allowfullscreen><\/iframe>\n<\/div><\/figure>\n","protected":false},"excerpt":{"rendered":"<p>F1 Academy ter\u00e1 a decis\u00e3o do campeonato em Las Vegas neste fim de semana. Confira a programa\u00e7\u00e3o da etapa no circuito de rua<\/p>\n","protected":false},"author":0,"featured_media":1000981204,"comment_status":"closed","ping_status":"closed","sticky":false,"template":"","format":"standard","meta":{"42wp_featured_image_caption":"","42wp_featured_image_credits":"","42wp_featured_video":"","42wp_featured_image_hidden":false,"42wp_authors_list":[],"footnotes":""},"categories":[48],"tags":[31559,37989,1491,28285,37990,3595,27154,34456,42465],"42wp_author":[47163],"class_list":["post-14942","post","type-post","status-publish","format-standard","has-post-thumbnail","hentry","category-f1-academy","tag-aurelia-nobels","tag-classificacao-f1-academy","tag-grande-premio","tag-grandepremio","tag-horarios-f1-academy","tag-las-vegas","tag-maya-weug","tag-rafaela-ferreira","tag-temporada-2025-f1-academy","42wp_author-caio-cavalcante"],"_links":{"self":[{"href":"https:\/\/grandepremio.com\/br\/wp-json\/wp\/v2\/posts\/14942","targetHints":{"allow":["GET"]}}],"collection":[{"href":"https:\/\/grandepremio.com\/br\/wp-json\/wp\/v2\/posts"}],"about":[{"href":"https:\/\/grandepremio.com\/br\/wp-json\/wp\/v2\/types\/post"}],"replies":[{"embeddable":true,"href":"https:\/\/grandepremio.com\/br\/wp-json\/wp\/v2\/comments?post=14942"}],"version-history":[{"count":0,"href":"https:\/\/grandepremio.com\/br\/wp-json\/wp\/v2\/posts\/14942\/revisions"}],"wp:featuredmedia":[{"embeddable":true,"href":"https:\/\/grandepremio.com\/br\/wp-json\/wp\/v2\/media\/1000981204"}],"wp:attachment":[{"href":"https:\/\/grandepremio.com\/br\/wp-json\/wp\/v2\/media?parent=14942"}],"wp:term":[{"taxonomy":"category","embeddable":true,"href":"https:\/\/grandepremio.com\/br\/wp-json\/wp\/v2\/categories?post=14942"},{"taxonomy":"post_tag","embeddable":true,"href":"https:\/\/grandepremio.com\/br\/wp-json\/wp\/v2\/tags?post=14942"},{"taxonomy":"42wp_author","embeddable":true,"href":"https:\/\/grandepremio.com\/br\/wp-json\/wp\/v2\/42wp_author?post=14942"}],"curies":[{"name":"wp","href":"https:\/\/api.w.org\/{rel}","templated":true}]}}