{"id":149876,"date":"2026-07-11T13:32:27","date_gmt":"2026-07-11T16:32:27","guid":{"rendered":"https:\/\/grandepremio.com\/br\/?p=149876"},"modified":"2026-07-11T19:16:38","modified_gmt":"2026-07-11T22:16:38","slug":"daniel-juncadella-destaca-genesis-sao-paulo-mesmo-limitacoes-parecemos-competitivos","status":"publish","type":"post","link":"https:\/\/grandepremio.com\/br\/endurance\/wec\/daniel-juncadella-destaca-genesis-sao-paulo-mesmo-limitacoes-parecemos-competitivos\/","title":{"rendered":"Juncadella destaca Genesis em S\u00e3o Paulo: &#8220;Com limita\u00e7\u00f5es, parecemos competitivos&#8221;"},"content":{"rendered":"\n<p class=\"wp-block-paragraph\"><strong>Daniel Juncadella<\/strong> busca somar os primeiros pontos com o <strong>Genesis #19<\/strong> neste fim de semana em <strong>Interlagos<\/strong>. E o carro do espanhol surpreendeu a todos com uma excelente atua\u00e7\u00e3o nos treinos livres, fechando na<a href=\"https:\/\/grandepremio.com\/br\/endurance\/wec\/victor-martins-dita-ritmo-poe-alpine-36-ponta-tl3-6h-de-sao-paulo-pipo-derani-4o\/\"> segunda coloca\u00e7\u00e3o no TL3 deste s\u00e1bado (11)<\/a>, antes da classifica\u00e7\u00e3o.<\/p>\n\n\n\n<p class=\"wp-block-paragraph\">Com exclusividade ao <strong>GRANDE PR\u00caMIO<\/strong>, o piloto destacou que o rendimento do b\u00f3lido sul-coreano surpreendeu at\u00e9 a ele mesmo. &#8220;Acho que foi uma surpresa para todos, Obviamente, o carro parece bem competitivo. Tenho que dizer que ainda h\u00e1 muitos pontos em que podemos melhorar nesta pista&#8221;, disse.<\/p>\n\n\n\n<figure class=\"wp-block-embed is-type-video is-provider-youtube wp-block-embed-youtube wp-embed-aspect-16-9 wp-has-aspect-ratio\"><div class=\"wp-block-embed__wrapper\">\n<iframe loading=\"lazy\" title=\"\ud83d\udd346H DE S\u00c3O PAULO AO VIVO E COM IMAGENS | TREINO LIVRE 3 FIA WEC 2026 | 4\u00aa etapa [live grande pr\u00eamio]\" width=\"500\" height=\"281\" src=\"https:\/\/www.youtube.com\/embed\/iLIhDUQytK0?feature=oembed\" frameborder=\"0\" allow=\"accelerometer; autoplay; clipboard-write; encrypted-media; gyroscope; picture-in-picture; web-share\" referrerpolicy=\"strict-origin-when-cross-origin\" allowfullscreen><\/iframe>\n<\/div><\/figure>\n\n\n\n<p class=\"wp-block-paragraph\">&#8220;<strong>S\u00e3o Paulo<\/strong> tem uma pista com caracter\u00edsticas bem espec\u00edficas em rela\u00e7\u00e3o ao asfalto. Ela sempre parece muito escorregadia, ent\u00e3o \u00e9 preciso ajustar o equil\u00edbrio com bastante precis\u00e3o. Mas, mesmo com as limita\u00e7\u00f5es que temos, parecemos estar muito competitivos&#8221;. <\/p>\n\n\n\n<p class=\"wp-block-paragraph\">Para a defini\u00e7\u00e3o do grid de largada, Juncadella prefere fazer compara\u00e7\u00f5es apenas entre a performance de seu carro. E acredita que houve uma melhora significativa j\u00e1 para esta quarta etapa do <strong>Mundial de Endurance<\/strong>.<\/p>\n\n\n\n<figure class=\"wp-block-image size-large\"><img loading=\"lazy\" decoding=\"async\" width=\"1024\" height=\"683\" src=\"https:\/\/grandepremio.com\/br\/wp-content\/uploads\/2026\/07\/DPPIPRODUCTION_00004738_0002-1024x683.jpg\" alt=\"\" class=\"wp-image-1020309049\" srcset=\"https:\/\/grandepremio.com\/wp-content\/uploads\/2026\/07\/DPPIPRODUCTION_00004738_0002-1024x683.jpg 1024w, https:\/\/grandepremio.com\/wp-content\/uploads\/2026\/07\/DPPIPRODUCTION_00004738_0002-300x200.jpg 300w, https:\/\/grandepremio.com\/wp-content\/uploads\/2026\/07\/DPPIPRODUCTION_00004738_0002-768x512.jpg 768w, https:\/\/grandepremio.com\/wp-content\/uploads\/2026\/07\/DPPIPRODUCTION_00004738_0002-1536x1024.jpg 1536w, https:\/\/grandepremio.com\/wp-content\/uploads\/2026\/07\/DPPIPRODUCTION_00004738_0002-2048x1365.jpg 2048w, https:\/\/grandepremio.com\/wp-content\/uploads\/2026\/07\/DPPIPRODUCTION_00004738_0002-150x100.jpg 150w\" sizes=\"(max-width: 1024px) 100vw, 1024px\" \/><figcaption class=\"wp-element-caption\">Juncadella fechou em 2\u00ba \u00faltima atividades antes da classifica\u00e7\u00e3o em Interlagos (Foto: Andrea Lorenzina \/ DPPI)<\/figcaption><\/figure>\n\n\n\n<p class=\"wp-block-paragraph\"><strong>Inscreva-se nos dois canais do GRANDE PR\u00caMIO no YouTube:&nbsp;<a href=\"https:\/\/www.youtube.com\/channel\/UC9OlHEgxoaY6QY6nWPoiqQg?sub_confirmation=1\">GP<\/a>&nbsp;|&nbsp;<a href=\"https:\/\/www.youtube.com\/channel\/UC9csiS6q_C3C0FYhyr1rnFA?sub_confirmation=1\">GPTV<\/a><\/strong><\/p>\n\n\n\n<p class=\"wp-block-paragraph\">&#8220;Sempre \u00e9 uma sensa\u00e7\u00e3o boa estar na frente. Como melhoramos a confiabilidade e conseguimos terminar as corridas mantendo uma const\u00e2ncia, mudamos o foco. Agora j\u00e1 vemos que estamos extraindo um grande desempenho e \u00e9 \u00f3timo ver esses primeiros sinais s\u00e3o muito animadores&#8221;, completou o piloto.<\/p>\n\n\n\n<p class=\"wp-block-paragraph\">Os carros voltam \u00e0 pista ainda neste s\u00e1bado (11). A partir das 14h20 (hor\u00e1rio de Bras\u00edlia, GMT-3) voc\u00ea acompanha a classifica\u00e7\u00e3o que define o grid de largada das&nbsp;<strong>6 Horas de S\u00e3o Paulo<\/strong>. O&nbsp;<strong>GRANDE PR\u00caMIO<\/strong>&nbsp;transmite todas as etapas da temporada 2026 do&nbsp;<strong>Mundial de Endurance<\/strong>&nbsp;<strong>AO VIVO<\/strong>&nbsp;e com&nbsp;<strong>IMAGENS<\/strong>&nbsp;no YouTube e na&nbsp;<strong>GPTV<\/strong>.<\/p>\n","protected":false},"excerpt":{"rendered":"<p>Daniel Juncadella lidera o trio do Genesis #19 que surpreendeu com excelente ritmo nos treinos livres de Interlagos. Agora, o espanhol acredita que carro tem ritmo suficiente para somar primeiros pontos no WEC 2026<\/p>\n","protected":false},"author":23,"featured_media":1020309050,"comment_status":"closed","ping_status":"closed","sticky":false,"template":"","format":"standard","meta":{"42wp_featured_image_caption":"WEC 2026, 6 HORAS DE S\u00c3O PAULO, INTERLAGOS, GENESIS 19, PAUL-LOUP CHATIN, MATHIEU JAMINET, DANIEL JUNCADELLA","42wp_featured_image_credits":"","42wp_featured_video":"","42wp_featured_image_hidden":false,"42wp_authors_list":[],"footnotes":""},"categories":[52],"tags":[35263,35266,36399,36401,36398,36400,807,427,1491,28285,45501,44105,43326,124,45861,44102,357,45496,45499,2380,45270,45497,45498,356,43320,45500],"42wp_author":[47162,47128],"class_list":["post-149876","post","type-post","status-publish","format-standard","has-post-thumbnail","hentry","category-wec","tag-6-horas-sao-paulo","tag-6h-sao-paulo","tag-calendario-mundial-de-endurance","tag-calendario-wec","tag-classificacao-mundial-de-endurance","tag-classificacao-wec","tag-daniel-juncadella","tag-endurance","tag-grande-premio","tag-grandepremio","tag-horarios-mundial-de-endurance","tag-horarios-sao-paulo","tag-horarios-wec","tag-interlagos","tag-interlagos-2026","tag-interlagos-wec","tag-mundial-de-endurance","tag-mundial-de-endurance-2026","tag-mundial-de-endurance-hoje","tag-sao-paulo","tag-sao-paulo-2026","tag-temporada-2026-do-mundial-de-endurance","tag-temporada-2026-do-wec","tag-wec","tag-wec-2026","tag-wec-hoje","42wp_author-giovani-danjo","42wp_author-guilherme-bloisi"],"_links":{"self":[{"href":"https:\/\/grandepremio.com\/br\/wp-json\/wp\/v2\/posts\/149876","targetHints":{"allow":["GET"]}}],"collection":[{"href":"https:\/\/grandepremio.com\/br\/wp-json\/wp\/v2\/posts"}],"about":[{"href":"https:\/\/grandepremio.com\/br\/wp-json\/wp\/v2\/types\/post"}],"author":[{"embeddable":true,"href":"https:\/\/grandepremio.com\/br\/wp-json\/wp\/v2\/users\/23"}],"replies":[{"embeddable":true,"href":"https:\/\/grandepremio.com\/br\/wp-json\/wp\/v2\/comments?post=149876"}],"version-history":[{"count":3,"href":"https:\/\/grandepremio.com\/br\/wp-json\/wp\/v2\/posts\/149876\/revisions"}],"predecessor-version":[{"id":149881,"href":"https:\/\/grandepremio.com\/br\/wp-json\/wp\/v2\/posts\/149876\/revisions\/149881"}],"wp:featuredmedia":[{"embeddable":true,"href":"https:\/\/grandepremio.com\/br\/wp-json\/wp\/v2\/media\/1020309050"}],"wp:attachment":[{"href":"https:\/\/grandepremio.com\/br\/wp-json\/wp\/v2\/media?parent=149876"}],"wp:term":[{"taxonomy":"category","embeddable":true,"href":"https:\/\/grandepremio.com\/br\/wp-json\/wp\/v2\/categories?post=149876"},{"taxonomy":"post_tag","embeddable":true,"href":"https:\/\/grandepremio.com\/br\/wp-json\/wp\/v2\/tags?post=149876"},{"taxonomy":"42wp_author","embeddable":true,"href":"https:\/\/grandepremio.com\/br\/wp-json\/wp\/v2\/42wp_author?post=149876"}],"curies":[{"name":"wp","href":"https:\/\/api.w.org\/{rel}","templated":true}]}}