{"id":150123,"date":"2026-07-12T13:23:19","date_gmt":"2026-07-12T16:23:19","guid":{"rendered":"https:\/\/grandepremio.com\/br\/?p=150123"},"modified":"2026-07-12T19:59:33","modified_gmt":"2026-07-12T22:59:33","slug":"aston-martin-reconhece-falha-comunicacao-pilotos-decisao-dolorosa","status":"publish","type":"post","link":"https:\/\/grandepremio.com\/br\/f1\/aston-martin-reconhece-falha-comunicacao-pilotos-decisao-dolorosa\/","title":{"rendered":"Aston Martin reconhece falha de comunica\u00e7\u00e3o com pilotos: &#8220;Decis\u00e3o dolorosa&#8221;"},"content":{"rendered":"\n<p class=\"wp-block-paragraph\"><strong>Adrian Newey<\/strong> reconheceu que a <strong>Aston Martin<\/strong> falhou ao n\u00e3o consultar a dupla de pilotos &#8211; <strong>Fernando Alonso<\/strong> e <strong>Lance Stroll<\/strong> &#8211; durante o desenvolvimento do <strong>AMR26<\/strong> para esta temporada da <strong>F\u00f3rmula 1<\/strong>. O trem de for\u00e7a com motor <strong>Honda <\/strong>tem sido, na m\u00e9dia, o mais lento do grid, o que gerou apenas um ponto conquistado nas nove primeiras etapas.<\/p>\n\n\n\n<p class=\"wp-block-paragraph\">O time brit\u00e2nico estagnou ao optar por adiar as atualiza\u00e7\u00f5es para o GP da <strong>Hungria<\/strong> &#8211; decis\u00e3o tomada em parte por conta do teto or\u00e7ament\u00e1rio. Alonso n\u00e3o esconde a frustra\u00e7\u00e3o com a estrat\u00e9gia adotada e, por isso, ainda n\u00e3o decidiu se vai seguir com a carreira na <strong>F1<\/strong>.<\/p>\n\n\n\n<figure class=\"wp-block-embed is-type-video is-provider-youtube wp-block-embed-youtube wp-embed-aspect-16-9 wp-has-aspect-ratio\"><div class=\"wp-block-embed__wrapper\">\n<iframe loading=\"lazy\" title=\"C\u00c2MARA CADA VEZ MAIS PERTO DA HAAS \u00c9 PROBLEMA PARA BEARMAN? | WGP\" width=\"500\" height=\"281\" src=\"https:\/\/www.youtube.com\/embed\/xWxTtOtCzkQ?feature=oembed\" frameborder=\"0\" allow=\"accelerometer; autoplay; clipboard-write; encrypted-media; gyroscope; picture-in-picture; web-share\" referrerpolicy=\"strict-origin-when-cross-origin\" allowfullscreen><\/iframe>\n<\/div><\/figure>\n\n\n\n<p class=\"wp-block-paragraph\">&#8220;Embora possa n\u00e3o parecer, estamos analisando com eles o que planejamos com o pacote de atualiza\u00e7\u00f5es e o que temos pensado para a temporada 2027. Se as pessoas sentem que n\u00e3o est\u00e3o sendo ouvidas, naturalmente a frustra\u00e7\u00e3o aparece. Ent\u00e3o, pecamos por n\u00e3o dedicar tempo suficiente aos pilotos para explicar exatamente o que estamos tentando alcan\u00e7ar&#8221;.<\/p>\n\n\n\n<p class=\"wp-block-paragraph\">A primeira etapa de atualiza\u00e7\u00e3o acontece antes das f\u00e9rias de ver\u00e3o, com uma segunda planejada para <strong>Zandvoort<\/strong>. Nesta mesma corrida, a Honda vai apresentar um \u00fanico upgrade no motor planejado para este ano. A Aston Martin deve resultar em um carro com revis\u00f5es aerodin\u00e2micas profundas e tamb\u00e9m significativamente mais leve; atualmente, estima-se que o modelo esteja entre 10 kg e 15 kg acima do peso ideal.<\/p>\n\n\n\n<figure class=\"wp-block-image size-large\"><img loading=\"lazy\" decoding=\"async\" width=\"1024\" height=\"683\" src=\"https:\/\/grandepremio.com\/br\/wp-content\/uploads\/2026\/07\/f1-2026-inglaterra-corrida-sprint-aston-martin-fernando-alonso-01-1-1536x1025-1-1024x683.jpeg\" alt=\"\" class=\"wp-image-1020309012\" srcset=\"https:\/\/grandepremio.com\/wp-content\/uploads\/2026\/07\/f1-2026-inglaterra-corrida-sprint-aston-martin-fernando-alonso-01-1-1536x1025-1-1024x683.jpeg 1024w, https:\/\/grandepremio.com\/wp-content\/uploads\/2026\/07\/f1-2026-inglaterra-corrida-sprint-aston-martin-fernando-alonso-01-1-1536x1025-1-300x200.jpeg 300w, https:\/\/grandepremio.com\/wp-content\/uploads\/2026\/07\/f1-2026-inglaterra-corrida-sprint-aston-martin-fernando-alonso-01-1-1536x1025-1-768x513.jpeg 768w, https:\/\/grandepremio.com\/wp-content\/uploads\/2026\/07\/f1-2026-inglaterra-corrida-sprint-aston-martin-fernando-alonso-01-1-1536x1025-1-150x100.jpeg 150w, https:\/\/grandepremio.com\/wp-content\/uploads\/2026\/07\/f1-2026-inglaterra-corrida-sprint-aston-martin-fernando-alonso-01-1-1536x1025-1.jpeg 1536w\" sizes=\"(max-width: 1024px) 100vw, 1024px\" \/><figcaption class=\"wp-element-caption\">Fernando Alonso est\u00e1 insatisfeito com a Aston Martin em 2026 (Foto: Aston Martin)<\/figcaption><\/figure>\n\n\n\n<p class=\"wp-block-paragraph\"><strong>F1:\u00a0<a href=\"https:\/\/www.grandepremio.com\/br\/f1\/calendario\/\">confira o calend\u00e1rio completo de 2026<\/a><\/strong>\u00a0<br><strong>Inscreva-se nos dois canais do GRANDE PR\u00caMIO no YouTube:\u00a0<a href=\"https:\/\/www.youtube.com\/channel\/UC9OlHEgxoaY6QY6nWPoiqQg?sub_confirmation=1\">GP<\/a>\u00a0|\u00a0<a href=\"https:\/\/www.youtube.com\/channel\/UC9csiS6q_C3C0FYhyr1rnFA?sub_confirmation=1\">GPTV<\/a><\/strong><\/p>\n\n\n\n<p class=\"wp-block-paragraph\">&#8220;Nossa curva de aprendizado estava atrasada, mas ficou muito \u00f3bvio, de in\u00edcio, que n\u00e3o ser\u00edamos competitivos nas primeiras corridas. Por isso, tomamos a decis\u00e3o dolorosa \u2014 mas que acredito ter sido a correta \u2014 de n\u00e3o realizar nenhum desenvolvimento durante a primeira metade do ano, cientes de que isso significaria, naturalmente, que a diferen\u00e7a para os l\u00edderes aumentaria \u00e0 medida que as outras equipes evolu\u00edssem&#8221;, disse Newey.<\/p>\n\n\n\n<p class=\"wp-block-paragraph\">&#8220;Mas com o objetivo de realmente nos organizarmos melhor, implementando diversos sistemas para o futuro e conduzindo nossas pesquisas de forma adequada \u2014 j\u00e1 que o carro de 2026 foi desenvolvido em um prazo muito apertado&#8221;. <\/p>\n\n\n\n<p class=\"wp-block-paragraph\">&#8220;Isso nos permitiu dar um passo atr\u00e1s e aliviar um pouco a press\u00e3o \u2014 pois acredito que n\u00f3s mesmos nos cobramos demais durante o inverno \u2014, respirar fundo e realmente compreender nossos problemas: o que precisamos alcan\u00e7ar. Esperamos que isso logo se torne uma mem\u00f3ria distante, ainda dolorosa, mas distante&#8221;, completou.<\/p>\n\n\n\n<p class=\"wp-block-paragraph\">A<strong>&nbsp;F\u00f3rmula 1<\/strong>&nbsp;volta de 17 a 19 de julho no<strong>&nbsp;GP da B\u00e9lgica<\/strong>, em&nbsp;<strong>Spa-Francorchamps<\/strong>, d\u00e9cimo da&nbsp;<strong>temporada 2026<\/strong>.<\/p>\n","protected":false},"excerpt":{"rendered":"<p>Adrian Newey falou que falta de consulta \u00e0 Fernando Alonso e Lance Stroll ao optar por adiar as atualiza\u00e7\u00f5es da Aston Martin gerou frustra\u00e7\u00f5es aos pilotos<\/p>\n","protected":false},"author":23,"featured_media":1001095047,"comment_status":"closed","ping_status":"closed","sticky":false,"template":"","format":"standard","meta":{"42wp_featured_image_caption":"F1 2026, M\u00d4NACO, TREINO LIVRE 1, ASTON MARTIN, ADRIAN NEWEY","42wp_featured_image_credits":"","42wp_featured_video":"","42wp_featured_image_hidden":false,"42wp_authors_list":[],"footnotes":""},"categories":[2],"tags":[3547,45840,309,26271,5273,147,29516,29148,176,180,31425,28995,1491,28285,30840,485,35129,31470],"42wp_author":[47128],"class_list":["post-150123","post","type-post","status-publish","format-standard","has-post-thumbnail","hentry","category-f1","tag-adrian-newey","tag-amr26","tag-aston-martin","tag-calendario-f1","tag-classificacao-f1","tag-f1","tag-f1-2026","tag-f1-hoje","tag-fernando-alonso","tag-formula-1","tag-formula-1-2026","tag-formula-1-hoje","tag-grande-premio","tag-grandepremio","tag-horarios-f1","tag-lance-stroll","tag-onde-assistir-f1","tag-temporada-2026-f1","42wp_author-guilherme-bloisi"],"_links":{"self":[{"href":"https:\/\/grandepremio.com\/br\/wp-json\/wp\/v2\/posts\/150123","targetHints":{"allow":["GET"]}}],"collection":[{"href":"https:\/\/grandepremio.com\/br\/wp-json\/wp\/v2\/posts"}],"about":[{"href":"https:\/\/grandepremio.com\/br\/wp-json\/wp\/v2\/types\/post"}],"author":[{"embeddable":true,"href":"https:\/\/grandepremio.com\/br\/wp-json\/wp\/v2\/users\/23"}],"replies":[{"embeddable":true,"href":"https:\/\/grandepremio.com\/br\/wp-json\/wp\/v2\/comments?post=150123"}],"version-history":[{"count":1,"href":"https:\/\/grandepremio.com\/br\/wp-json\/wp\/v2\/posts\/150123\/revisions"}],"predecessor-version":[{"id":150136,"href":"https:\/\/grandepremio.com\/br\/wp-json\/wp\/v2\/posts\/150123\/revisions\/150136"}],"wp:featuredmedia":[{"embeddable":true,"href":"https:\/\/grandepremio.com\/br\/wp-json\/wp\/v2\/media\/1001095047"}],"wp:attachment":[{"href":"https:\/\/grandepremio.com\/br\/wp-json\/wp\/v2\/media?parent=150123"}],"wp:term":[{"taxonomy":"category","embeddable":true,"href":"https:\/\/grandepremio.com\/br\/wp-json\/wp\/v2\/categories?post=150123"},{"taxonomy":"post_tag","embeddable":true,"href":"https:\/\/grandepremio.com\/br\/wp-json\/wp\/v2\/tags?post=150123"},{"taxonomy":"42wp_author","embeddable":true,"href":"https:\/\/grandepremio.com\/br\/wp-json\/wp\/v2\/42wp_author?post=150123"}],"curies":[{"name":"wp","href":"https:\/\/api.w.org\/{rel}","templated":true}]}}