{"id":150239,"date":"2026-07-13T07:17:06","date_gmt":"2026-07-13T10:17:06","guid":{"rendered":"https:\/\/grandepremio.com\/br\/?p=150239"},"modified":"2026-07-13T08:25:55","modified_gmt":"2026-07-13T11:25:55","slug":"red-bull-teme-regeneracao-energia-spa-garante-nao-vamos-desistir","status":"publish","type":"post","link":"https:\/\/grandepremio.com\/br\/f1\/red-bull-teme-regeneracao-energia-spa-garante-nao-vamos-desistir\/","title":{"rendered":"Red Bull teme regenera\u00e7\u00e3o de energia em Spa, mas garante: &#8220;N\u00e3o vamos desistir&#8221;"},"content":{"rendered":"\n<p class=\"wp-block-paragraph\">A<strong> Red Bull <\/strong>se mostrou realista quanto \u00e0 expectativa para o final de semana em <strong>Spa-Francorchamps<\/strong>, que tem caracter\u00edsticas semelhantes \u00e0s vistas no veloz circuito de Silverstone, que recebeu a F1 h\u00e1 duas semanas. O chefe, <strong>Laurent Mekies<\/strong>, explicou que o <strong>RB22 <\/strong>encontra mais dificuldades em pistas onde a recupera\u00e7\u00e3o de energia \u00e9 mais limitada, mas recusou-se a dar a etapa como perdida.<\/p>\n\n\n\n<p class=\"wp-block-paragraph\">O franc\u00eas ainda garantiu que, apesar do progn\u00f3stico n\u00e3o t\u00e3o favor\u00e1vel para o <strong>GP da B\u00e9lgica<\/strong>, a equipe acredita no progresso ao longo das pr\u00f3ximas etapas, uma vez que este \u00e9 o primeiro ano do novo regulamento \u2014 e, consequentemente, do motor <strong>Red Bull Ford<\/strong>, o primeiro constru\u00eddo pela base em Milton Keynes.<\/p>\n\n\n\n<figure class=\"wp-block-embed is-type-video is-provider-youtube wp-block-embed-youtube wp-embed-aspect-16-9 wp-has-aspect-ratio\"><div class=\"wp-block-embed__wrapper\">\n<iframe loading=\"lazy\" title=\"C\u00c2MARA CADA VEZ MAIS PERTO DA HAAS \u00c9 PROBLEMA PARA BEARMAN? | WGP\" width=\"500\" height=\"281\" src=\"https:\/\/www.youtube.com\/embed\/xWxTtOtCzkQ?start=971&amp;feature=oembed\" frameborder=\"0\" allow=\"accelerometer; autoplay; clipboard-write; encrypted-media; gyroscope; picture-in-picture; web-share\" referrerpolicy=\"strict-origin-when-cross-origin\" allowfullscreen><\/iframe>\n<\/div><\/figure>\n\n\n\n<p class=\"wp-block-paragraph\">Durante a passagem da F1 pela <strong>Inglaterra<\/strong>, Mekies fez um balan\u00e7o das \u00faltimas corridas. &#8220;\u00c9 uma boa representa\u00e7\u00e3o da complexidade da nossa situa\u00e7\u00e3o atual com esses carros&#8221;, come\u00e7ou.<\/p>\n\n\n\n<p class=\"wp-block-paragraph\">&#8220;[Na <strong>\u00c1ustria<\/strong>], est\u00e1vamos brigando pela vit\u00f3ria e, praticamente poucos dias depois, em Silverstone, enfrentamos limita\u00e7\u00f5es severas que nos impediram de extrair todo o potencial do nosso pacote. Acreditamos que o problema \u00e9 agravado em pistas como Silverstone, que exige muito em termos de gest\u00e3o de energia. Parece que temos mais dificuldades l\u00e1&#8221;, avaliou.<\/p>\n\n\n\n<p class=\"wp-block-paragraph\">&#8220;Portanto, em pistas onde as limita\u00e7\u00f5es de energia s\u00e3o acentuadas, parece que sofremos mais do que a concorr\u00eancia e, nesse aspecto, receio que Spa-Francorchamps tamb\u00e9m se enquadre nessa categoria&#8221;, admitiu.<\/p>\n\n\n\n<p class=\"wp-block-paragraph\">A etapa seguinte, contudo, ser\u00e1 no <strong>Hungaroring<\/strong>, circuito mais travado, com curvas de m\u00e9dia e baixa velocidade. Mekies aposta em melhora da Red Bull, mas deixou claro que cada etapa \u00e9 um aprendizado necess\u00e1rio.<\/p>\n\n\n\n<p class=\"wp-block-paragraph\">&#8220;N\u00e3o quer dizer que vamos desistir ou virar a p\u00e1gina. Significa que precisaremos de conhecimento para melhorar nesse aspecto Trata-se de uma evolu\u00e7\u00e3o em 360 graus, \u00e9 isso que tentamos fazer todos os dias&#8221;, frisou.<\/p>\n\n\n\n<figure class=\"wp-block-image size-large\"><img loading=\"lazy\" decoding=\"async\" width=\"1024\" height=\"576\" src=\"https:\/\/grandepremio.com\/br\/wp-content\/uploads\/2026\/07\/f1-2026-inglaterra-treino-livre-red-bull-max-verstappen-01-1024x576.jpeg\" alt=\"F1 2026, INGLATERRA, TREINO LIVRE, RED BULL RACING, MAX VERSTAPPEN, CARRO\" class=\"wp-image-1020308247\" srcset=\"https:\/\/grandepremio.com\/wp-content\/uploads\/2026\/07\/f1-2026-inglaterra-treino-livre-red-bull-max-verstappen-01-1024x576.jpeg 1024w, https:\/\/grandepremio.com\/wp-content\/uploads\/2026\/07\/f1-2026-inglaterra-treino-livre-red-bull-max-verstappen-01-300x169.jpeg 300w, https:\/\/grandepremio.com\/wp-content\/uploads\/2026\/07\/f1-2026-inglaterra-treino-livre-red-bull-max-verstappen-01-768x432.jpeg 768w, https:\/\/grandepremio.com\/wp-content\/uploads\/2026\/07\/f1-2026-inglaterra-treino-livre-red-bull-max-verstappen-01-1536x864.jpeg 1536w, https:\/\/grandepremio.com\/wp-content\/uploads\/2026\/07\/f1-2026-inglaterra-treino-livre-red-bull-max-verstappen-01-1200x675.jpeg 1200w, https:\/\/grandepremio.com\/wp-content\/uploads\/2026\/07\/f1-2026-inglaterra-treino-livre-red-bull-max-verstappen-01-150x84.jpeg 150w, https:\/\/grandepremio.com\/wp-content\/uploads\/2026\/07\/f1-2026-inglaterra-treino-livre-red-bull-max-verstappen-01.jpeg 2048w\" sizes=\"(max-width: 1024px) 100vw, 1024px\" \/><figcaption class=\"wp-element-caption\">Max Verstappen: Red Bull sofreu em Silverstone e manteve os p\u00e9s no ch\u00e3o ao falar de Spa (Foto: Red Bull Content Pool)<\/figcaption><\/figure>\n\n\n\n<p class=\"wp-block-paragraph\">&#8220;Confio que, mais uma vez, a equipe est\u00e1 aprendendo muito r\u00e1pido. Ainda \u00e9 o primeiro ano com nossa pr\u00f3pria unidade de pot\u00eancia, e vamos superar os desafios desse tipo de pista que exige tanto da gest\u00e3o de energia&#8221;, garantiu.<\/p>\n\n\n\n<p class=\"wp-block-paragraph\">&#8220;Podem existir limita\u00e7\u00f5es de hardware, mas tamb\u00e9m sei que a equipe tem uma capacidade extraordin\u00e1ria de aprendizado r\u00e1pido. Por isso, espero que possamos estar em uma situa\u00e7\u00e3o um pouco melhor em Spa-Francorchamps. Mas voc\u00ea tem raz\u00e3o ao dizer que, em termos de caracter\u00edsticas, a pista deve ser bem parecida com Silverstone. Esperamos que, em Budapeste, o cen\u00e1rio seja diferente&#8221;, encerrou o l\u00edder da Red Bull.<\/p>\n\n\n\n<p class=\"wp-block-paragraph\">A <strong>F\u00f3rmula 1<\/strong> volta neste fim de semana, de<strong> 17 a 19 de julho<\/strong>, com o <strong>GP da B\u00e9lgica<\/strong>, em <strong>Spa-Francorchamps<\/strong>, d\u00e9cimo da temporada 2026. O&nbsp;<strong>GRANDE PR\u00caMIO<\/strong>&nbsp;acompanha todas as atividades <a href=\"https:\/\/www.grandepremio.com\/br\/ao-vivo\/f1\/\">&nbsp;<strong>AO VIVO E EM&nbsp;<\/strong><\/a><strong><a href=\"https:\/\/www.grandepremio.com\/br\/ao-vivo\/\" target=\"_blank\" rel=\"noreferrer noopener\">TEMPO REAL<\/a><\/strong>,&nbsp;<a href=\"https:\/\/www.youtube.com\/@GrandePremio1\/streams\">al\u00e9m de classifica\u00e7\u00e3o e corrida em&nbsp;<strong>SEGUNDA TELA&nbsp;<\/strong>no YouTube<\/a>, em parceria com a&nbsp;<strong>Voz do Esporte<\/strong>. O&nbsp;<strong>Briefing&nbsp;<\/strong>chega para analisar ap\u00f3s o fim de cada dia de atividades nas redes sociais e na&nbsp;<strong>GPTV<\/strong>.<\/p>\n\n\n\n<p class=\"wp-block-paragraph\">Al\u00e9m da cobertura completa das atividades, o&nbsp;<strong>GRANDE PR\u00caMIO<\/strong>&nbsp;tamb\u00e9m estar\u00e1 in loco em&nbsp;<strong>Spa <\/strong>com o rep\u00f3rter&nbsp;<strong>Leonid Kliuev<\/strong>.<\/p>\n\n\n\n<h2 class=\"wp-block-heading\">GP da B\u00e9lgica de F1: veja os hor\u00e1rios em Brasil, Cabo Verde,&nbsp;<a href=\"https:\/\/grandepremio.pt\/\" target=\"_blank\" rel=\"noreferrer noopener\"><strong>Portugal<\/strong><\/a>, Angola e Mo\u00e7ambique:<\/h2>\n\n\n\n<figure class=\"wp-block-table\"><table class=\"has-fixed-layout\"><tbody><tr><td><strong>Sess\u00e3o<\/strong><\/td><td><strong>BRA*<\/strong><\/td><td><strong>CBV<\/strong><\/td><td><strong>POR<\/strong><br><strong>ANG<\/strong><\/td><td><strong>MOZ<\/strong><\/td><\/tr><tr><td>Treino livre 1<\/td><td>08:30<\/td><td>10:30<\/td><td>12:30<\/td><td>13:30<\/td><\/tr><tr><td>Treino livre 2<\/td><td>12:00<\/td><td>14:00<\/td><td>16:00<\/td><td>17:00<\/td><\/tr><tr><td>Treino livre 3<\/td><td>07:30<\/td><td>09:30<\/td><td>11:30<\/td><td>12:30<\/td><\/tr><tr><td>Classifica\u00e7\u00e3o<\/td><td>11:00<\/td><td>13:00<\/td><td>15:00<\/td><td>16:00<\/td><\/tr><tr><td>Corrida<\/td><td>10:00<\/td><td>12:00<\/td><td>14:00<\/td><td>15:00<\/td><\/tr><\/tbody><\/table><\/figure>\n\n\n\n<p class=\"wp-block-paragraph\"><em>*Hor\u00e1rio de Bras\u00edlia<\/em><\/p>\n\n\n\n<p class=\"wp-block-paragraph\">\u25b6\ufe0f <strong>F1:&nbsp;<a href=\"https:\/\/www.grandepremio.com\/br\/f1\/calendario\/\">confira o calend\u00e1rio completo de 2026<\/a><\/strong><br>\u25b6\ufe0f <strong>Inscreva-se nos dois canais do GRANDE PR\u00caMIO no YouTube:&nbsp;<a href=\"https:\/\/www.youtube.com\/channel\/UC9OlHEgxoaY6QY6nWPoiqQg?sub_confirmation=1\">GP<\/a>&nbsp;|&nbsp;<a href=\"https:\/\/www.youtube.com\/channel\/UC9csiS6q_C3C0FYhyr1rnFA?sub_confirmation=1\">GPTV<\/a><\/strong><\/p>\n\n\n\n<h2 class=\"wp-block-heading\"><strong>F1 hoje: saiba aqui as not\u00edcias mais importantes do dia da F\u00f3rmula 1<\/strong><\/h2>\n\n\n\n<p class=\"wp-block-paragraph\">A reda\u00e7\u00e3o do&nbsp;<strong>GRANDE PR\u00caMIO<\/strong>&nbsp;selecionou as not\u00edcias mais importantes das \u00faltimas horas para voc\u00ea ficar por dentro de tudo que acontece na F1.<\/p>\n\n\n\n<p class=\"wp-block-paragraph\">\u25b6\ufe0f <a href=\"https:\/\/grandepremio.com\/br\/f1\/questao-confianca-mutua-engenheiro-fala-relacao-george-russell-formula-1\/\">&#8216;Quest\u00e3o de confian\u00e7a m\u00fatua&#8217;: Engenheiro fala de rela\u00e7\u00e3o com Russell<\/a><br>\u25b6\ufe0f <a href=\"https:\/\/grandepremio.com\/br\/f1\/aston-martin-reconhece-falha-comunicacao-pilotos-decisao-dolorosa\/\">Aston Martin reconhece falha de comunica\u00e7\u00e3o com pilotos: &#8216;Decis\u00e3o dolorosa&#8217;<\/a><br>\u25b6\ufe0f <a href=\"https:\/\/grandepremio.com\/br\/f1\/ayrton-senna-recebe-homenagem-reconhecido-oficialmente-como-heroi-da-patria\/\">Senna recebe homenagem e \u00e9 reconhecido oficialmente como Her\u00f3i da P\u00e1tria<\/a><br>\u25b6\ufe0f <a href=\"https:\/\/grandepremio.com\/br\/f1\/lando-norris-celebra-sonho-encontrar-valentino-rossi-goodwood-conhecam-seus-herois\/\">Norris celebra \u201csonho\u201d ao encontrar Rossi em Goodwood: \u201cConhe\u00e7am seus her\u00f3is\u201d<\/a><\/p>\n","protected":false},"excerpt":{"rendered":"<p>Chefe da Red Bull, Laurent Mekies foi realista ao comentar as chances da Red Bull em Spa, mas disse que tamb\u00e9m aposta em melhorias a partir dos dados coletados em Silverstone<\/p>\n","protected":false},"author":4,"featured_media":1001092740,"comment_status":"closed","ping_status":"closed","sticky":false,"template":"","format":"standard","meta":{"42wp_featured_image_caption":"Laurent Mekies avaliou as chances da Red Bull em Spa ap\u00f3s Silverstone","42wp_featured_image_credits":"(Red Bull Content Pool)","42wp_featured_video":"","42wp_featured_image_hidden":false,"42wp_authors_list":[],"footnotes":""},"categories":[2],"tags":[25062,26271,5273,147,29516,29148,180,31425,28995,22936,32276,1491,28285,30840,10753,35129,45637,204,32013,108,32260,31470],"42wp_author":[47147],"class_list":["post-150239","post","type-post","status-publish","format-standard","has-post-thumbnail","hentry","category-f1","tag-belgica","tag-calendario-f1","tag-classificacao-f1","tag-f1","tag-f1-2026","tag-f1-hoje","tag-formula-1","tag-formula-1-2026","tag-formula-1-hoje","tag-gp-da-belgica","tag-gp-da-belgica-f1","tag-grande-premio","tag-grandepremio","tag-horarios-f1","tag-laurent-mekies","tag-onde-assistir-f1","tag-rb22","tag-red-bull","tag-spa-f1","tag-spa-francorchamps","tag-spa-francorchamps-f1","tag-temporada-2026-f1","42wp_author-luana-marino"],"_links":{"self":[{"href":"https:\/\/grandepremio.com\/br\/wp-json\/wp\/v2\/posts\/150239","targetHints":{"allow":["GET"]}}],"collection":[{"href":"https:\/\/grandepremio.com\/br\/wp-json\/wp\/v2\/posts"}],"about":[{"href":"https:\/\/grandepremio.com\/br\/wp-json\/wp\/v2\/types\/post"}],"author":[{"embeddable":true,"href":"https:\/\/grandepremio.com\/br\/wp-json\/wp\/v2\/users\/4"}],"replies":[{"embeddable":true,"href":"https:\/\/grandepremio.com\/br\/wp-json\/wp\/v2\/comments?post=150239"}],"version-history":[{"count":7,"href":"https:\/\/grandepremio.com\/br\/wp-json\/wp\/v2\/posts\/150239\/revisions"}],"predecessor-version":[{"id":150264,"href":"https:\/\/grandepremio.com\/br\/wp-json\/wp\/v2\/posts\/150239\/revisions\/150264"}],"wp:featuredmedia":[{"embeddable":true,"href":"https:\/\/grandepremio.com\/br\/wp-json\/wp\/v2\/media\/1001092740"}],"wp:attachment":[{"href":"https:\/\/grandepremio.com\/br\/wp-json\/wp\/v2\/media?parent=150239"}],"wp:term":[{"taxonomy":"category","embeddable":true,"href":"https:\/\/grandepremio.com\/br\/wp-json\/wp\/v2\/categories?post=150239"},{"taxonomy":"post_tag","embeddable":true,"href":"https:\/\/grandepremio.com\/br\/wp-json\/wp\/v2\/tags?post=150239"},{"taxonomy":"42wp_author","embeddable":true,"href":"https:\/\/grandepremio.com\/br\/wp-json\/wp\/v2\/42wp_author?post=150239"}],"curies":[{"name":"wp","href":"https:\/\/api.w.org\/{rel}","templated":true}]}}