{"id":150292,"date":"2026-07-13T09:55:14","date_gmt":"2026-07-13T12:55:14","guid":{"rendered":"https:\/\/grandepremio.com\/br\/?p=150292"},"modified":"2026-07-13T09:55:14","modified_gmt":"2026-07-13T12:55:14","slug":"augusto-farfus-exalta-bmw-busca-respostas-apos-12o-lugar-frustrante-sao-paulo","status":"publish","type":"post","link":"https:\/\/grandepremio.com\/br\/endurance\/wec\/augusto-farfus-exalta-bmw-busca-respostas-apos-12o-lugar-frustrante-sao-paulo\/","title":{"rendered":"Farfus exalta BMW, mas busca respostas ap\u00f3s 12\u00ba lugar &#8220;frustrante&#8221; em S\u00e3o Paulo"},"content":{"rendered":"\n<p class=\"wp-block-paragraph\"><strong>Augusto Farfus<\/strong> saiu frustrado com o resultado das <strong>6 Horas de S\u00e3o Paulo<\/strong>, <a href=\"https:\/\/grandepremio.com\/br\/endurance\/wec\/bmw-15-acerta-estrategia-vence-6-horas-sao-paulo-corvette-34-triunfa-lmgt3\/\">disputadas no \u00faltimo domingo (12)<\/a>, em <strong>Interlagos<\/strong>. Ap\u00f3s terminar apenas na 12\u00aa coloca\u00e7\u00e3o da classe <strong>LMGT3 <\/strong>com o <strong>BMW #32<\/strong>, o brasileiro admitiu decep\u00e7\u00e3o com o desempenho, mas ressaltou a evolu\u00e7\u00e3o apresentada pela equipe ao longo do fim de semana e celebrou o forte resultado da fabricante alem\u00e3 na etapa brasileira do <strong>Mundial de Endurance (WEC)<\/strong>.<\/p>\n\n\n\n<p class=\"wp-block-paragraph\">Enquanto Farfus, <strong>Sean Gelael<\/strong> e <strong>Darren Leung<\/strong> ficaram fora da zona de pontua\u00e7\u00e3o, o <strong>BMW #69<\/strong>, pilotado por <strong>Dan Harper<\/strong>, <strong>Anthony McIntosh<\/strong> e <strong>Parker Thompson<\/strong>, cruzou a linha de chegada na segunda coloca\u00e7\u00e3o da LMGT3. Nos Hipercarros, a marca conquistou a vit\u00f3ria geral com o trio <strong>Kevin Magnussen<\/strong>, <strong>Raffaele Marciello<\/strong> e <strong>Dries Vanthoor<\/strong>, no carro <strong>#15<\/strong>.<\/p>\n\n\n\n<figure class=\"wp-block-embed is-type-video is-provider-youtube wp-block-embed-youtube wp-embed-aspect-16-9 wp-has-aspect-ratio\"><div class=\"wp-block-embed__wrapper\">\n<iframe loading=\"lazy\" title=\"\ud83d\udd346H DE S\u00c3O PAULO AO VIVO E COM IMAGENS | CORRIDA FIA WEC 2026 | 4\u00aa etapa [live grande pr\u00eamio]\" width=\"500\" height=\"281\" src=\"https:\/\/www.youtube.com\/embed\/r_9JrS4vszE?feature=oembed\" frameborder=\"0\" allow=\"accelerometer; autoplay; clipboard-write; encrypted-media; gyroscope; picture-in-picture; web-share\" referrerpolicy=\"strict-origin-when-cross-origin\" allowfullscreen><\/iframe>\n<\/div><\/figure>\n\n\n\n<p class=\"wp-block-paragraph\">Farfus destacou que a equipe conseguiu encontrar melhorias importantes no acerto do carro durante o fim de semana, o que ficou evidente com o desempenho do #69. Ao mesmo tempo, lamentou o tempo perdido ao longo da corrida e afirmou que ser\u00e1 preciso entender o motivo da diferen\u00e7a de rendimento entre os dois carros da marca.<\/p>\n\n\n\n<p class=\"wp-block-paragraph\">&#8220;Parab\u00e9ns ao outro carro da BMW pelo segundo lugar. Fizemos melhorias significativas no carro ao longo do fim de semana, e o #69 recompensou os esfor\u00e7os da equipe com um p\u00f3dio. \u00c9 frustrante termos perdido 1min para eles durante a corrida. Precisamos analisar cuidadosamente por que isso aconteceu&#8221;, declarou.<\/p>\n\n\n\n<p class=\"wp-block-paragraph\">O piloto brasileiro tamb\u00e9m reconheceu que a BMW vive uma sequ\u00eancia abaixo do esperado na LMGT3, mas garantiu que o time est\u00e1 determinado a reagir na reta final da temporada. Por fim, Farfus fez quest\u00e3o de parabenizar a equipe da BMW que disputa a classe Hipercarro, respons\u00e1vel por conquistar a vit\u00f3ria geral das 6 Horas de S\u00e3o Paulo<\/p>\n\n\n\n<p class=\"wp-block-paragraph\">&#8220;Tivemos algumas corridas decepcionantes recentemente, mas estamos firmemente determinados a alcan\u00e7ar resultados melhores na segunda metade da temporada&#8221;, afirmou.<\/p>\n\n\n\n<figure class=\"wp-block-image size-large\"><img loading=\"lazy\" decoding=\"async\" width=\"1024\" height=\"683\" src=\"https:\/\/grandepremio.com\/br\/wp-content\/uploads\/2026\/07\/DPPIPRODUCTION_00004738_0441-1024x683.jpg\" alt=\"\" class=\"wp-image-1020309197\" srcset=\"https:\/\/grandepremio.com\/wp-content\/uploads\/2026\/07\/DPPIPRODUCTION_00004738_0441-1024x683.jpg 1024w, https:\/\/grandepremio.com\/wp-content\/uploads\/2026\/07\/DPPIPRODUCTION_00004738_0441-300x200.jpg 300w, https:\/\/grandepremio.com\/wp-content\/uploads\/2026\/07\/DPPIPRODUCTION_00004738_0441-768x512.jpg 768w, https:\/\/grandepremio.com\/wp-content\/uploads\/2026\/07\/DPPIPRODUCTION_00004738_0441-1536x1024.jpg 1536w, https:\/\/grandepremio.com\/wp-content\/uploads\/2026\/07\/DPPIPRODUCTION_00004738_0441-2048x1365.jpg 2048w, https:\/\/grandepremio.com\/wp-content\/uploads\/2026\/07\/DPPIPRODUCTION_00004738_0441-150x100.jpg 150w\" sizes=\"(max-width: 1024px) 100vw, 1024px\" \/><figcaption class=\"wp-element-caption\">Farfus e o BMW #32 deixaram Interlagos sem pontuar (Foto: Andrea Lorenzina \/ DPPI)<\/figcaption><\/figure>\n\n\n\n<p class=\"wp-block-paragraph\">&#8220;Parab\u00e9ns \u00e0 equipe do Hipercarro pela vit\u00f3ria geral&#8221;, encerrou.<\/p>\n\n\n\n<p class=\"wp-block-paragraph\">O Mundial de Endurance agora faz uma pausa e retorna para a&nbsp;<strong>Lone Star Le Mans<\/strong>, no&nbsp;<strong>Circuito das Am\u00e9ricas<\/strong>, entre os dias 4 e 6 de setembro. A prova no&nbsp;<strong>Texas<\/strong>, nos&nbsp;<strong>Estados Unidos<\/strong>, \u00e9 v\u00e1lida pela quinta rodada da temporada 2026 do WEC.<\/p>\n\n\n\n<p class=\"wp-block-paragraph\"><strong>\u25b6\ufe0f Inscreva-se nos dois canais do GRANDE PR\u00caMIO no YouTube:&nbsp;<a href=\"https:\/\/www.youtube.com\/channel\/UC9OlHEgxoaY6QY6nWPoiqQg?sub_confirmation=1\">GP<\/a>&nbsp;|&nbsp;<a href=\"https:\/\/www.youtube.com\/channel\/UC9csiS6q_C3C0FYhyr1rnFA?sub_confirmation=1\">GPTV<\/a><\/strong><\/p>\n\n\n\n<h2 class=\"wp-block-heading\"><strong>WEC hoje: saiba aqui as not\u00edcias mais importantes do dia<\/strong><\/h2>\n\n\n\n<p class=\"wp-block-paragraph\">A reda\u00e7\u00e3o do&nbsp;<strong>GRANDE PR\u00caMIO<\/strong>&nbsp;selecionou as not\u00edcias mais importantes das \u00faltimas horas para voc\u00ea ficar por dentro de tudo que acontece no WEC.<\/p>\n\n\n\n<p class=\"wp-block-paragraph\"><strong>\u25b6\ufe0f <a href=\"https:\/\/grandepremio.com\/br\/endurance\/wec\/pipo-derani-lastima-resultado-sao-paulo-destaca-grande-passo-genesis-wec\/\">Derani lastima resultado em S\u00e3o Paulo, mas destaca \u201cgrande passo\u201d da Genesis no WEC<\/a><br>\u25b6\ufe0f <a href=\"https:\/\/grandepremio.com\/br\/endurance\/wec\/bmw-enaltece-kevin-magnussen-apos-vitoria-6-horas-de-sao-paulo-fundamental\/\">BMW enaltece Magnussen ap\u00f3s vit\u00f3ria nas 6 Horas de S\u00e3o Paulo: \u201cFundamental\u201d<\/a><br>\u25b6\ufe0f <a href=\"https:\/\/grandepremio.com\/br\/endurance\/wec\/james-calado-comemora-2o-lugar-necessario-sao-paulo-sem-ele-estariamos-fora\/\">Calado comemora 2\u00ba lugar \u201cnecess\u00e1rio\u201d em S\u00e3o Paulo: \u201cSem ele, estar\u00edamos fora\u201d<\/a><br>\u25b6\ufe0f <a href=\"https:\/\/grandepremio.com\/br\/endurance\/wec\/kevin-magnussen-celebra-vitoria-bmw-sao-paulo-demorou-mas-aconteceu\/\">Magnussen celebra vit\u00f3ria da BMW em S\u00e3o Paulo: \u201cDemorou, mas aconteceu\u201d<\/a><br>\u25b6\ufe0f <a href=\"https:\/\/grandepremio.com\/br\/endurance\/wec\/bmw-15-acerta-estrategia-vence-6-horas-sao-paulo-corvette-34-triunfa-lmgt3\/\">BMW #15 acerta estrat\u00e9gia e vence 6 Horas de S\u00e3o Paulo. Corvette #34 triunfa na LMGT3<\/a><\/strong><\/p>\n","protected":false},"excerpt":{"rendered":"<p>Augusto Farfus destacou vit\u00f3ria da BMW nos Hipercarros e segundo lugar do carro #69 na LMGT3, mas n\u00e3o escondeu a decep\u00e7\u00e3o por cruzar a linha de chegada apenas na 12\u00aa posi\u00e7\u00e3o em Interlagos<\/p>\n","protected":false},"author":9,"featured_media":1020309334,"comment_status":"closed","ping_status":"closed","sticky":false,"template":"","format":"standard","meta":{"42wp_featured_image_caption":"Augusto Farfus n\u00e3o escondeu a frustra\u00e7\u00e3o pelo 12\u00ba lugar em Interlagos","42wp_featured_image_credits":"Julien Delfosse \/ DPPI","42wp_featured_video":"","42wp_featured_image_hidden":false,"42wp_authors_list":[],"footnotes":""},"categories":[52],"tags":[35263,35266,72,707,7532,44105,124,45861,44102,117,4464,7524,25505,45270,1935],"42wp_author":[47164],"class_list":["post-150292","post","type-post","status-publish","format-standard","has-post-thumbnail","hentry","category-wec","tag-6-horas-sao-paulo","tag-6h-sao-paulo","tag-augusto-farfus","tag-bmw","tag-dries-vanthoor","tag-horarios-sao-paulo","tag-interlagos","tag-interlagos-2026","tag-interlagos-wec","tag-kevin-magnussen","tag-parker-thompson","tag-raffaele-marciello","tag-sao-paulo-2","tag-sao-paulo-2026","tag-sean-gelael","42wp_author-marcos-gil-ribeiro"],"_links":{"self":[{"href":"https:\/\/grandepremio.com\/br\/wp-json\/wp\/v2\/posts\/150292","targetHints":{"allow":["GET"]}}],"collection":[{"href":"https:\/\/grandepremio.com\/br\/wp-json\/wp\/v2\/posts"}],"about":[{"href":"https:\/\/grandepremio.com\/br\/wp-json\/wp\/v2\/types\/post"}],"author":[{"embeddable":true,"href":"https:\/\/grandepremio.com\/br\/wp-json\/wp\/v2\/users\/9"}],"replies":[{"embeddable":true,"href":"https:\/\/grandepremio.com\/br\/wp-json\/wp\/v2\/comments?post=150292"}],"version-history":[{"count":5,"href":"https:\/\/grandepremio.com\/br\/wp-json\/wp\/v2\/posts\/150292\/revisions"}],"predecessor-version":[{"id":150306,"href":"https:\/\/grandepremio.com\/br\/wp-json\/wp\/v2\/posts\/150292\/revisions\/150306"}],"wp:featuredmedia":[{"embeddable":true,"href":"https:\/\/grandepremio.com\/br\/wp-json\/wp\/v2\/media\/1020309334"}],"wp:attachment":[{"href":"https:\/\/grandepremio.com\/br\/wp-json\/wp\/v2\/media?parent=150292"}],"wp:term":[{"taxonomy":"category","embeddable":true,"href":"https:\/\/grandepremio.com\/br\/wp-json\/wp\/v2\/categories?post=150292"},{"taxonomy":"post_tag","embeddable":true,"href":"https:\/\/grandepremio.com\/br\/wp-json\/wp\/v2\/tags?post=150292"},{"taxonomy":"42wp_author","embeddable":true,"href":"https:\/\/grandepremio.com\/br\/wp-json\/wp\/v2\/42wp_author?post=150292"}],"curies":[{"name":"wp","href":"https:\/\/api.w.org\/{rel}","templated":true}]}}