{"id":150328,"date":"2026-07-13T10:44:26","date_gmt":"2026-07-13T13:44:26","guid":{"rendered":"https:\/\/grandepremio.com\/br\/?p=150328"},"modified":"2026-07-13T10:48:43","modified_gmt":"2026-07-13T13:48:43","slug":"aston-martin-saca-fernando-alonso-nova-chance-jak-crawford-tl1-gp-da-belgica","status":"publish","type":"post","link":"https:\/\/grandepremio.com\/br\/f1\/aston-martin-saca-fernando-alonso-nova-chance-jak-crawford-tl1-gp-da-belgica\/","title":{"rendered":"Aston Martin saca Alonso e d\u00e1 nova chance a Crawford no TL1 do GP da B\u00e9lgica"},"content":{"rendered":"\n<p class=\"wp-block-paragraph\">A <strong>Aston Martin<\/strong> ter\u00e1 uma novidade no <strong>GP da B\u00e9lgica<\/strong> de <strong>F\u00f3rmula 1<\/strong>, disputado neste fim de semana. Cumprindo a regra de dar oportunidades a novatos, a equipe escalou o americano <strong>Jak Crawford<\/strong>, piloto reserva e de desenvolvimento da esquadra, para comandar o carro que seria de <strong>Fernando Alonso<\/strong> no <strong>TL1 <\/strong>em <strong>Spa<\/strong>. Do outro lado da garagem, <strong>Lance Stroll<\/strong> realiza a atividade normalmente.<\/p>\n\n\n\n<p class=\"wp-block-paragraph\">Essa ser\u00e1 a terceira oportunidade de Crawford em um treino livre da F1 apenas nesta temporada. Antes, o americano j\u00e1 havia sido escalado para a atividade que abriu o fim de semana do <strong>GP do Jap\u00e3o<\/strong> e repetiu a participa\u00e7\u00e3o na <strong>\u00c1ustria<\/strong>: foi <strong>22\u00ba<\/strong> em <strong>Suzuka <\/strong>e <strong>20\u00ba <\/strong>no <strong>Red Bull Ring<\/strong>, inclusive \u00e0 frente de Alonso por pouco mais de <strong>0s1<\/strong>.<\/p>\n\n\n\n<figure class=\"wp-block-embed is-type-video is-provider-youtube wp-block-embed-youtube wp-embed-aspect-16-9 wp-has-aspect-ratio\"><div class=\"wp-block-embed__wrapper\">\n<iframe loading=\"lazy\" title=\"C\u00c2MARA CADA VEZ MAIS PERTO DA HAAS \u00c9 PROBLEMA PARA BEARMAN? | WGP\" width=\"500\" height=\"281\" src=\"https:\/\/www.youtube.com\/embed\/xWxTtOtCzkQ?start=971&amp;feature=oembed\" frameborder=\"0\" allow=\"accelerometer; autoplay; clipboard-write; encrypted-media; gyroscope; picture-in-picture; web-share\" referrerpolicy=\"strict-origin-when-cross-origin\" allowfullscreen><\/iframe>\n<\/div><\/figure>\n\n\n\n<p class=\"wp-block-paragraph\">Vivendo dias terr\u00edveis desde o in\u00edcio do campeonato, com um carro que simplesmente n\u00e3o compete sob o novo regulamento, a Aston Martin \u00e9 a pen\u00faltima colocada no <strong>Mundial de Construtores<\/strong>, com apenas <strong>um<\/strong> ponto, cortesia de Alonso em <strong>M\u00f4naco<\/strong>. S\u00f3 a novata <strong>Cadillac<\/strong>, que ainda n\u00e3o conseguiu terminar dentro da zona de pontua\u00e7\u00e3o, est\u00e1 atr\u00e1s.<\/p>\n\n\n\n<p class=\"wp-block-paragraph\">A <strong>F\u00f3rmula 1<\/strong> volta neste fim de semana, de<strong> 17 a 19 de julho<\/strong>, com o <strong>GP da B\u00e9lgica<\/strong>, em <strong>Spa-Francorchamps<\/strong>, d\u00e9cimo da temporada 2026. O&nbsp;<strong>GRANDE PR\u00caMIO<\/strong>&nbsp;acompanha todas as atividades <a href=\"https:\/\/www.grandepremio.com\/br\/ao-vivo\/f1\/\">&nbsp;<strong>AO VIVO E EM&nbsp;<\/strong><\/a><strong><a href=\"https:\/\/www.grandepremio.com\/br\/ao-vivo\/\" target=\"_blank\" rel=\"noreferrer noopener\">TEMPO REAL<\/a><\/strong>,&nbsp;<a href=\"https:\/\/www.youtube.com\/@GrandePremio1\/streams\">al\u00e9m de classifica\u00e7\u00e3o e corrida em&nbsp;<strong>SEGUNDA TELA&nbsp;<\/strong>no YouTube<\/a>, em parceria com a&nbsp;<strong>Voz do Esporte<\/strong>. O&nbsp;<strong>Briefing&nbsp;<\/strong>chega para analisar ap\u00f3s o fim de cada dia de atividades nas redes sociais e na&nbsp;<strong>GPTV<\/strong>.<\/p>\n\n\n\n<p class=\"wp-block-paragraph\">Al\u00e9m da cobertura completa das atividades, o&nbsp;<strong>GRANDE PR\u00caMIO<\/strong>&nbsp;tamb\u00e9m estar\u00e1 in loco em&nbsp;<strong>Spa <\/strong>com o rep\u00f3rter&nbsp;<strong>Leonid Kliuev<\/strong>.<\/p>\n\n\n\n<figure class=\"wp-block-image size-large\"><img loading=\"lazy\" decoding=\"async\" width=\"1024\" height=\"683\" src=\"https:\/\/grandepremio.com\/br\/wp-content\/uploads\/2026\/01\/abu-dhabi-2025-f1-sexta-feira-aston-martin-jak-crawford-01-1200x800-1-1024x683.jpg\" alt=\"\" class=\"wp-image-1010387769\" srcset=\"https:\/\/grandepremio.com\/wp-content\/uploads\/2026\/01\/abu-dhabi-2025-f1-sexta-feira-aston-martin-jak-crawford-01-1200x800-1-1024x683.jpg 1024w, https:\/\/grandepremio.com\/wp-content\/uploads\/2026\/01\/abu-dhabi-2025-f1-sexta-feira-aston-martin-jak-crawford-01-1200x800-1-300x200.jpg 300w, https:\/\/grandepremio.com\/wp-content\/uploads\/2026\/01\/abu-dhabi-2025-f1-sexta-feira-aston-martin-jak-crawford-01-1200x800-1-768x512.jpg 768w, https:\/\/grandepremio.com\/wp-content\/uploads\/2026\/01\/abu-dhabi-2025-f1-sexta-feira-aston-martin-jak-crawford-01-1200x800-1-150x100.jpg 150w, https:\/\/grandepremio.com\/wp-content\/uploads\/2026\/01\/abu-dhabi-2025-f1-sexta-feira-aston-martin-jak-crawford-01-1200x800-1.jpg 1200w\" sizes=\"(max-width: 1024px) 100vw, 1024px\" \/><figcaption class=\"wp-element-caption\">Crawford ter\u00e1 nova oportunidade de impressionar a Aston Martin no TL1 da B\u00e9lgica (Foto: Aston Martin)<\/figcaption><\/figure>\n\n\n\n<h2 class=\"wp-block-heading\">GP da B\u00e9lgica de F1: veja os hor\u00e1rios em Brasil, Cabo Verde,&nbsp;<a href=\"https:\/\/grandepremio.pt\/\" target=\"_blank\" rel=\"noreferrer noopener\"><strong>Portugal<\/strong><\/a>, Angola e Mo\u00e7ambique:<\/h2>\n\n\n\n<figure class=\"wp-block-table\"><table class=\"has-fixed-layout\"><tbody><tr><td><strong>Sess\u00e3o<\/strong><\/td><td><strong>BRA*<\/strong><\/td><td><strong>CBV<\/strong><\/td><td><strong>POR<\/strong><br><strong>ANG<\/strong><\/td><td><strong>MOZ<\/strong><\/td><\/tr><tr><td>Treino livre 1<\/td><td>08:30<\/td><td>10:30<\/td><td>12:30<\/td><td>13:30<\/td><\/tr><tr><td>Treino livre 2<\/td><td>12:00<\/td><td>14:00<\/td><td>16:00<\/td><td>17:00<\/td><\/tr><tr><td>Treino livre 3<\/td><td>07:30<\/td><td>09:30<\/td><td>11:30<\/td><td>12:30<\/td><\/tr><tr><td>Classifica\u00e7\u00e3o<\/td><td>11:00<\/td><td>13:00<\/td><td>15:00<\/td><td>16:00<\/td><\/tr><tr><td>Corrida<\/td><td>10:00<\/td><td>12:00<\/td><td>14:00<\/td><td>15:00<\/td><\/tr><\/tbody><\/table><\/figure>\n\n\n\n<p class=\"wp-block-paragraph\"><em>*Hor\u00e1rio de Bras\u00edlia<\/em><\/p>\n\n\n\n<p class=\"wp-block-paragraph\">\u25b6\ufe0f <strong>F1:&nbsp;<a href=\"https:\/\/www.grandepremio.com\/br\/f1\/calendario\/\">confira o calend\u00e1rio completo de 2026<\/a><\/strong><br>\u25b6\ufe0f <strong>Inscreva-se nos dois canais do GRANDE PR\u00caMIO no YouTube:&nbsp;<a href=\"https:\/\/www.youtube.com\/channel\/UC9OlHEgxoaY6QY6nWPoiqQg?sub_confirmation=1\">GP<\/a>&nbsp;|&nbsp;<a href=\"https:\/\/www.youtube.com\/channel\/UC9csiS6q_C3C0FYhyr1rnFA?sub_confirmation=1\">GPTV<\/a><\/strong><\/p>\n\n\n\n<h2 class=\"wp-block-heading\"><strong>F1 hoje: saiba aqui as not\u00edcias mais importantes do dia da F\u00f3rmula 1<\/strong><\/h2>\n\n\n\n<p class=\"wp-block-paragraph\">A reda\u00e7\u00e3o do&nbsp;<strong>GRANDE PR\u00caMIO<\/strong>&nbsp;selecionou as not\u00edcias mais importantes das \u00faltimas horas para voc\u00ea ficar por dentro de tudo que acontece na F1.<\/p>\n\n\n\n<p class=\"wp-block-paragraph\">\u25b6\ufe0f<a href=\"https:\/\/grandepremio.com\/br\/f1\/audi-reitera-proximos-anos-serao-organizacao-disputar-titulo-2030-f1\/\"> Audi reitera que pr\u00f3ximos anos ser\u00e3o &#8220;de organiza\u00e7\u00e3o&#8221; para &#8220;disputar t\u00edtulo na F1&#8221;<\/a><br>\u25b6\ufe0f <a href=\"https:\/\/grandepremio.com\/br\/f1\/aston-martin-reconhece-falha-comunicacao-pilotos-decisao-dolorosa\/\">Aston Martin reconhece falha de comunica\u00e7\u00e3o com pilotos: &#8216;Decis\u00e3o dolorosa&#8217;<\/a><br>\u25b6\ufe0f <a href=\"https:\/\/grandepremio.com\/br\/f1\/red-bull-teme-regeneracao-energia-spa-garante-nao-vamos-desistir\/\">Red Bull teme regenera\u00e7\u00e3o de energia em Spa, mas garante: &#8220;N\u00e3o vamos desistir&#8221;<\/a><br>\u25b6\ufe0f <a href=\"https:\/\/grandepremio.com\/br\/f1\/lando-norris-celebra-sonho-encontrar-valentino-rossi-goodwood-conhecam-seus-herois\/\">Norris celebra \u201csonho\u201d ao encontrar Rossi em Goodwood: \u201cConhe\u00e7am seus her\u00f3is\u201d<\/a><\/p>\n","protected":false},"excerpt":{"rendered":"<p>Pela terceira vez na temporada 2026 da F\u00f3rmula 1, Jak Crawford vai comandar o carro da Aston Martin em um TL1. Agora, americano assume o posto de Fernando Alonso na primeira atividade do GP da B\u00e9lgica<\/p>\n","protected":false},"author":13,"featured_media":1001071610,"comment_status":"closed","ping_status":"closed","sticky":false,"template":"","format":"standard","meta":{"42wp_featured_image_caption":"Jak Crawford vai comandar o carro de Fernando Alonso no TL1 do GP da B\u00e9lgica","42wp_featured_image_credits":"Aston Martin","42wp_featured_video":"","42wp_featured_image_hidden":false,"42wp_authors_list":[],"footnotes":""},"categories":[2],"tags":[309,26271,5273,147,29516,29148,176,180,31425,28995,22936,1491,28285,30840,598,35129,108,31470],"42wp_author":[47142],"class_list":["post-150328","post","type-post","status-publish","format-standard","has-post-thumbnail","hentry","category-f1","tag-aston-martin","tag-calendario-f1","tag-classificacao-f1","tag-f1","tag-f1-2026","tag-f1-hoje","tag-fernando-alonso","tag-formula-1","tag-formula-1-2026","tag-formula-1-hoje","tag-gp-da-belgica","tag-grande-premio","tag-grandepremio","tag-horarios-f1","tag-jak-crawford","tag-onde-assistir-f1","tag-spa-francorchamps","tag-temporada-2026-f1","42wp_author-jp-nascimento"],"_links":{"self":[{"href":"https:\/\/grandepremio.com\/br\/wp-json\/wp\/v2\/posts\/150328","targetHints":{"allow":["GET"]}}],"collection":[{"href":"https:\/\/grandepremio.com\/br\/wp-json\/wp\/v2\/posts"}],"about":[{"href":"https:\/\/grandepremio.com\/br\/wp-json\/wp\/v2\/types\/post"}],"author":[{"embeddable":true,"href":"https:\/\/grandepremio.com\/br\/wp-json\/wp\/v2\/users\/13"}],"replies":[{"embeddable":true,"href":"https:\/\/grandepremio.com\/br\/wp-json\/wp\/v2\/comments?post=150328"}],"version-history":[{"count":2,"href":"https:\/\/grandepremio.com\/br\/wp-json\/wp\/v2\/posts\/150328\/revisions"}],"predecessor-version":[{"id":150347,"href":"https:\/\/grandepremio.com\/br\/wp-json\/wp\/v2\/posts\/150328\/revisions\/150347"}],"wp:featuredmedia":[{"embeddable":true,"href":"https:\/\/grandepremio.com\/br\/wp-json\/wp\/v2\/media\/1001071610"}],"wp:attachment":[{"href":"https:\/\/grandepremio.com\/br\/wp-json\/wp\/v2\/media?parent=150328"}],"wp:term":[{"taxonomy":"category","embeddable":true,"href":"https:\/\/grandepremio.com\/br\/wp-json\/wp\/v2\/categories?post=150328"},{"taxonomy":"post_tag","embeddable":true,"href":"https:\/\/grandepremio.com\/br\/wp-json\/wp\/v2\/tags?post=150328"},{"taxonomy":"42wp_author","embeddable":true,"href":"https:\/\/grandepremio.com\/br\/wp-json\/wp\/v2\/42wp_author?post=150328"}],"curies":[{"name":"wp","href":"https:\/\/api.w.org\/{rel}","templated":true}]}}