{"id":15037,"date":"2025-11-15T12:05:57","date_gmt":"2025-11-15T15:05:57","guid":{"rendered":"https:\/\/grandepremio.com\/br\/noticias\/antonio-fuoco-puxa-1-2-ferrari-vence-corrida-classificacao-gp-macau-gt\/"},"modified":"2025-11-15T12:27:41","modified_gmt":"2025-11-15T15:27:41","slug":"antonio-fuoco-puxa-1-2-ferrari-vence-corrida-classificacao-gp-macau-gt","status":"publish","type":"post","link":"https:\/\/grandepremio.com\/br\/turismo\/antonio-fuoco-puxa-1-2-ferrari-vence-corrida-classificacao-gp-macau-gt\/","title":{"rendered":"Fuoco puxa 1-2 da Ferrari e vence corrida de classifica\u00e7\u00e3o do GP de Macau do GT"},"content":{"rendered":"\n<p class=\"wp-block-paragraph\"><strong>Antonio Fuoco<\/strong> foi um dos grandes nomes deste s\u00e1bado (15) no <strong>GP de Macau<\/strong>, j\u00e1 que n\u00e3o teve dificuldades para superar os rivais na corrida de classifica\u00e7\u00e3o do <strong>GT<\/strong>. O italiano largou da pole-position e soube se defender bem das investidas iniciais de <strong>Yifei Ye<\/strong>, que se manteve na segunda posi\u00e7\u00e3o at\u00e9 o fim e completou o 1-2 da <strong>Ferrari<\/strong> no <strong>Circuito da Guia<\/strong>.<\/p>\n\n\n\n<p class=\"wp-block-paragraph\">O \u00fanico grande incidente da prova aconteceu logo na volta de abertura, quando diversos pilotos passaram reto na curva <strong>Lisboa<\/strong>, incluindo <strong>Edoardo Mortara<\/strong>, que come\u00e7ou em d\u00e9cimo e for\u00e7ou demais na tentativa de recuperar terreno, tendo ent\u00e3o de se contentar com a 16\u00aa posi\u00e7\u00e3o. Mas quem levou a pior foi <strong>Christopher Haase<\/strong>, que bateu com o <strong>Audi #45<\/strong> no muro, embora <strong>Benjamin Goethe<\/strong> e <strong>Sheldon van der Linde<\/strong> tamb\u00e9m tenham se envolvido.<\/p>\n\n\n\n<p class=\"wp-block-paragraph\">Depois de se manter na primeira posi\u00e7\u00e3o, Fuoco foi capaz de abrir cerca de 3s6 em cima de Ye ap\u00f3s somente duas voltas realizadas. O chin\u00eas, por sua vez, precisou ficar com olhos fixos nos retrovisores durante boa parte da corrida, pois <strong>Alessio Picariello<\/strong> apresentou um forte ritmo com a <strong>Porsche<\/strong>, assim como <strong>Raffaele Marciello<\/strong>, que pressionou o belga no in\u00edcio, embora tenha despencado com a <strong>BMW<\/strong> momentos mais tarde.<\/p>\n\n\n\n<p class=\"wp-block-paragraph\">Sem mudan\u00e7as na parte de cima do grid, Antonio cruzou a linha de chegada com 2s543 de margem em rela\u00e7\u00e3o a Yifei, que viu Picariello terminar com apenas 0s6 de atraso. Marciello ficou mesmo com o quarto lugar, mais de 7s3 atr\u00e1s do ponteiro, enquanto <strong>Joel Eriksson<\/strong> e <strong>Ayhancan G\u00fcven<\/strong>, da <strong>Audi<\/strong> e Porsche, respectivamente, fizeram uma prova discreta e garantiram o quinto e sexto posto.<\/p>\n\n\n\n<figure class=\"wp-block-image size-large\"><img decoding=\"async\" src=\"https:\/\/www.grandepremio.com\/br\/wp-content\/uploads\/2025\/11\/Adobe-Express-file-10-1200x800.jpg\" alt=\"\" class=\"wp-image-1034320\"\/><figcaption class=\"wp-element-caption\">A largada do GP de Macau do GT contou com um grande incidente (Foto: Reprodu\u00e7\u00e3o\/GP de Macau)<\/figcaption><\/figure>\n\n\n\n<p class=\"wp-block-paragraph\">\u25b6\ufe0f <strong>Inscreva-se nos dois canais do GRANDE PR\u00caMIO no YouTube:\u00a0<a href=\"https:\/\/www.youtube.com\/channel\/UC9OlHEgxoaY6QY6nWPoiqQg?sub_confirmation=1\" target=\"_blank\" rel=\"noreferrer noopener\">GP<\/a>\u00a0|\u00a0<a href=\"https:\/\/www.youtube.com\/channel\/UC9csiS6q_C3C0FYhyr1rnFA?sub_confirmation=1\" target=\"_blank\" rel=\"noreferrer noopener\">GP2<\/a><\/strong><\/p>\n\n\n\n<p class=\"wp-block-paragraph\"><strong>Luca Engstler<\/strong> tirou proveito do tra\u00e7ado estreito e de dif\u00edcil ultrapassagem para suportar a press\u00e3o de <strong>Laurin Heinrich<\/strong> na briga pela s\u00e9tima posi\u00e7\u00e3o em Macau. A lista dos dez primeiros colocados ainda contou com <strong>Dorian Boccolacci<\/strong>, em nono, e <strong>Deng Yi<\/strong>, que teve um bom desempenho na estreia pela Ferrari.<\/p>\n\n\n\n<p class=\"wp-block-paragraph\"><strong>Laurens Vanthoor<\/strong> e <strong>Adderly Fong<\/strong>, que acabaram sendo atrapalhados no incidente da primeira volta, conclu\u00edram a corrida de classifica\u00e7\u00e3o na 11\u00aa e 12\u00aa posi\u00e7\u00e3o, respectivamente. Van der Linde, Goethe, Haase e Mortara completaram o restante do grid.<\/p>\n\n\n\n<p class=\"wp-block-paragraph\">O\u00a0<strong>GRANDE PR\u00caMIO<\/strong>\u00a0transmite a corrida que define o campe\u00e3o do <strong>GP de Macau do GT<\/strong> neste domingo (16), a partir das 1h20 (de Bras\u00edlia, GMT -3).<\/p>\n\n\n\n<figure class=\"wp-block-embed is-type-video is-provider-youtube wp-block-embed-youtube wp-embed-aspect-16-9 wp-has-aspect-ratio\"><div class=\"wp-block-embed__wrapper\">\n<iframe loading=\"lazy\" title=\"\ud83d\udd34GP DE MACAU 2025 AO VIVO E COM IMAGENS | GT | CORRIDA DE CLASSIFICA\u00c7\u00c3O\" width=\"500\" height=\"281\" src=\"https:\/\/www.youtube.com\/embed\/6j90zS3J1jA?feature=oembed\" frameborder=\"0\" allow=\"accelerometer; autoplay; clipboard-write; encrypted-media; gyroscope; picture-in-picture; web-share\" referrerpolicy=\"strict-origin-when-cross-origin\" allowfullscreen><\/iframe>\n<\/div><\/figure>\n","protected":false},"excerpt":{"rendered":"<p>Ao largar da pole-position, Antonio Fuoco n\u00e3o teve dificuldades para segurar Yifei Ye ao longo das 12 voltas da corrida de classifica\u00e7\u00e3o em Macau. Alessio Picariello fechou o top-3<\/p>\n","protected":false},"author":0,"featured_media":1001034321,"comment_status":"closed","ping_status":"closed","sticky":false,"template":"","format":"standard","meta":{"42wp_featured_image_caption":"","42wp_featured_image_credits":"","42wp_featured_video":"","42wp_featured_image_hidden":false,"42wp_authors_list":[],"footnotes":""},"categories":[7],"tags":[2262],"42wp_author":[47160],"class_list":["post-15037","post","type-post","status-publish","format-standard","has-post-thumbnail","hentry","category-turismo","tag-gp-de-macau","42wp_author-vicente-soella"],"_links":{"self":[{"href":"https:\/\/grandepremio.com\/br\/wp-json\/wp\/v2\/posts\/15037","targetHints":{"allow":["GET"]}}],"collection":[{"href":"https:\/\/grandepremio.com\/br\/wp-json\/wp\/v2\/posts"}],"about":[{"href":"https:\/\/grandepremio.com\/br\/wp-json\/wp\/v2\/types\/post"}],"replies":[{"embeddable":true,"href":"https:\/\/grandepremio.com\/br\/wp-json\/wp\/v2\/comments?post=15037"}],"version-history":[{"count":0,"href":"https:\/\/grandepremio.com\/br\/wp-json\/wp\/v2\/posts\/15037\/revisions"}],"wp:featuredmedia":[{"embeddable":true,"href":"https:\/\/grandepremio.com\/br\/wp-json\/wp\/v2\/media\/1001034321"}],"wp:attachment":[{"href":"https:\/\/grandepremio.com\/br\/wp-json\/wp\/v2\/media?parent=15037"}],"wp:term":[{"taxonomy":"category","embeddable":true,"href":"https:\/\/grandepremio.com\/br\/wp-json\/wp\/v2\/categories?post=15037"},{"taxonomy":"post_tag","embeddable":true,"href":"https:\/\/grandepremio.com\/br\/wp-json\/wp\/v2\/tags?post=15037"},{"taxonomy":"42wp_author","embeddable":true,"href":"https:\/\/grandepremio.com\/br\/wp-json\/wp\/v2\/42wp_author?post=15037"}],"curies":[{"name":"wp","href":"https:\/\/api.w.org\/{rel}","templated":true}]}}