{"id":150383,"date":"2026-07-13T13:35:14","date_gmt":"2026-07-13T16:35:14","guid":{"rendered":"https:\/\/grandepremio.com\/br\/?p=150383"},"modified":"2026-07-13T13:37:03","modified_gmt":"2026-07-13T16:37:03","slug":"ex-f1-dupla-andrea-kimi-antonelli-max-verstappen-receita-desastre-mercedes","status":"publish","type":"post","link":"https:\/\/grandepremio.com\/br\/f1\/ex-f1-dupla-andrea-kimi-antonelli-max-verstappen-receita-desastre-mercedes\/","title":{"rendered":"Ex-F1 v\u00ea dupla entre Antonelli e Verstappen como &#8220;receita do desastre&#8221; na Mercedes"},"content":{"rendered":"\n<p class=\"wp-block-paragraph\">O interesse assumido nos \u00faltimos anos da <strong>Mercedes<\/strong> em contar com <strong>Max Verstappen<\/strong> voltou a levantar interroga\u00e7\u00f5es na temporada 2026 da <strong>F\u00f3rmula 1<\/strong>, principalmente pelas dificuldades de <strong>George Russell<\/strong> ao volante. Longe de <strong>Andrea Kimi Antonelli<\/strong> em termos de ritmo durante v\u00e1rias etapas do campeonato, o ingl\u00eas s\u00f3 n\u00e3o tem um preju\u00edzo maior devido \u00e0s quebras recentes do italiano, o que tem gerado rumores at\u00e9 sobre o futuro do <strong>#63<\/strong> em <strong>Brackley<\/strong>.<\/p>\n\n\n\n<p class=\"wp-block-paragraph\">Ainda que tenha contrato com a Mercedes, o momento de Russell (refor\u00e7ado pelo des\u00e2nimo em algumas entrevistas e a admiss\u00e3o de que Antonelli tem extra\u00eddo mais do carro) inevitavelmente leva a perguntas sobre uma poss\u00edvel substitui\u00e7\u00e3o no time. E, neste cen\u00e1rio, Verstappen obviamente surge como t\u00f3pico principal da conversa.<\/p>\n\n\n\n<figure class=\"wp-block-embed is-type-video is-provider-youtube wp-block-embed-youtube wp-embed-aspect-16-9 wp-has-aspect-ratio\"><div class=\"wp-block-embed__wrapper\">\n<iframe loading=\"lazy\" title=\"C\u00c2MARA CADA VEZ MAIS PERTO DA HAAS \u00c9 PROBLEMA PARA BEARMAN? | WGP\" width=\"500\" height=\"281\" src=\"https:\/\/www.youtube.com\/embed\/xWxTtOtCzkQ?start=971&amp;feature=oembed\" frameborder=\"0\" allow=\"accelerometer; autoplay; clipboard-write; encrypted-media; gyroscope; picture-in-picture; web-share\" referrerpolicy=\"strict-origin-when-cross-origin\" allowfullscreen><\/iframe>\n<\/div><\/figure>\n\n\n\n<p class=\"wp-block-paragraph\">No entanto, de acordo com o ex-F1 <strong>Jolyon Palmer<\/strong>, caso Russell decida deixar a equipe em algum momento, juntar Antonelli e Verstappen no mesmo time seria uma &#8220;receita para o desastre&#8221;. Para o hoje comentarista, Kimi j\u00e1 tem n\u00edvel para se colocar como nome principal da Mercedes, o que geraria um racha inevit\u00e1vel com Max.<\/p>\n\n\n\n<p class=\"wp-block-paragraph\">&#8220;A \u00fanica coisa que vejo na Mercedes \u00e9: se George decidir sair e come\u00e7ar vida nova em outro lugar, o que \u00e9 um grande &#8216;se&#8217;, Toto Wolff iria querer colocar seu grande talento, Kimi Antonelli, como parceiro de Max Verstappen?&#8221;, questionou Palmer. &#8220;Isso parece uma receita para o desastre&#8221;, analisou.<\/p>\n\n\n\n<p class=\"wp-block-paragraph\">&#8220;Acho que Kimi provou ser o primeiro piloto. Ele n\u00e3o vai chegar e fazer o papel de escudeiro&#8221;, refor\u00e7ou Palmer. &#8220;Ent\u00e3o, acho que Kimi j\u00e1 elevou o n\u00edvel a ponto de, se George sair, fazer com que Max n\u00e3o seja o substituto ideal&#8221;, finalizou o ex-F1.<\/p>\n\n\n\n<p class=\"wp-block-paragraph\">A <strong>F\u00f3rmula 1<\/strong> volta neste fim de semana, de<strong> 17 a 19 de julho<\/strong>, com o <strong>GP da B\u00e9lgica<\/strong>, em <strong>Spa-Francorchamps<\/strong>, d\u00e9cimo da temporada 2026. O&nbsp;<strong>GRANDE PR\u00caMIO<\/strong>&nbsp;acompanha todas as atividades <a href=\"https:\/\/www.grandepremio.com\/br\/ao-vivo\/f1\/\">&nbsp;<strong>AO VIVO E EM&nbsp;<\/strong><\/a><strong><a href=\"https:\/\/www.grandepremio.com\/br\/ao-vivo\/\" target=\"_blank\" rel=\"noreferrer noopener\">TEMPO REAL<\/a><\/strong>,&nbsp;<a href=\"https:\/\/www.youtube.com\/@GrandePremio1\/streams\">al\u00e9m de classifica\u00e7\u00e3o e corrida em&nbsp;<strong>SEGUNDA TELA&nbsp;<\/strong>no YouTube<\/a>, em parceria com a&nbsp;<strong>Voz do Esporte<\/strong>. O&nbsp;<strong>Briefing&nbsp;<\/strong>chega para analisar ap\u00f3s o fim de cada dia de atividades nas redes sociais e na&nbsp;<strong>GPTV<\/strong>.<\/p>\n\n\n\n<p class=\"wp-block-paragraph\">Al\u00e9m da cobertura completa das atividades, o&nbsp;<strong>GRANDE PR\u00caMIO<\/strong>&nbsp;tamb\u00e9m estar\u00e1 in loco em&nbsp;<strong>Spa <\/strong>com o rep\u00f3rter&nbsp;<strong>Leonid Kliuev<\/strong>.<\/p>\n\n\n\n<figure class=\"wp-block-image size-large\"><img loading=\"lazy\" decoding=\"async\" width=\"1200\" height=\"789\" src=\"https:\/\/grandepremio.com\/br\/wp-content\/uploads\/2026\/05\/miami-corrida-f1-2026-mercedes-kimi-antonelli-red-bull-racing-max-verstappen-01-1200x789.jpeg\" alt=\"\" class=\"wp-image-1001083110\" srcset=\"https:\/\/grandepremio.com\/wp-content\/uploads\/2026\/05\/miami-corrida-f1-2026-mercedes-kimi-antonelli-red-bull-racing-max-verstappen-01-1200x789.jpeg 1200w, https:\/\/grandepremio.com\/wp-content\/uploads\/2026\/05\/miami-corrida-f1-2026-mercedes-kimi-antonelli-red-bull-racing-max-verstappen-01-300x197.jpeg 300w, https:\/\/grandepremio.com\/wp-content\/uploads\/2026\/05\/miami-corrida-f1-2026-mercedes-kimi-antonelli-red-bull-racing-max-verstappen-01-768x505.jpeg 768w, https:\/\/grandepremio.com\/wp-content\/uploads\/2026\/05\/miami-corrida-f1-2026-mercedes-kimi-antonelli-red-bull-racing-max-verstappen-01-1536x1010.jpeg 1536w, https:\/\/grandepremio.com\/wp-content\/uploads\/2026\/05\/miami-corrida-f1-2026-mercedes-kimi-antonelli-red-bull-racing-max-verstappen-01-150x99.jpeg 150w, https:\/\/grandepremio.com\/wp-content\/uploads\/2026\/05\/miami-corrida-f1-2026-mercedes-kimi-antonelli-red-bull-racing-max-verstappen-01.jpeg 2048w\" sizes=\"(max-width: 1200px) 100vw, 1200px\" \/><figcaption class=\"wp-element-caption\">Antonelli e Verstappen nutrem boa rela\u00e7\u00e3o, algo que poderia mudar rapidamente (Foto: Red Bull Content Pool)<\/figcaption><\/figure>\n\n\n\n<h2 class=\"wp-block-heading\">GP da B\u00e9lgica de F1: veja os hor\u00e1rios em Brasil, Cabo Verde,&nbsp;<a href=\"https:\/\/grandepremio.pt\/\" target=\"_blank\" rel=\"noreferrer noopener\"><strong>Portugal<\/strong><\/a>, Angola e Mo\u00e7ambique:<\/h2>\n\n\n\n<figure class=\"wp-block-table\"><table class=\"has-fixed-layout\"><tbody><tr><td><strong>Sess\u00e3o<\/strong><\/td><td><strong>BRA*<\/strong><\/td><td><strong>CBV<\/strong><\/td><td><strong>POR<\/strong><br><strong>ANG<\/strong><\/td><td><strong>MOZ<\/strong><\/td><\/tr><tr><td>Treino livre 1<\/td><td>08:30<\/td><td>10:30<\/td><td>12:30<\/td><td>13:30<\/td><\/tr><tr><td>Treino livre 2<\/td><td>12:00<\/td><td>14:00<\/td><td>16:00<\/td><td>17:00<\/td><\/tr><tr><td>Treino livre 3<\/td><td>07:30<\/td><td>09:30<\/td><td>11:30<\/td><td>12:30<\/td><\/tr><tr><td>Classifica\u00e7\u00e3o<\/td><td>11:00<\/td><td>13:00<\/td><td>15:00<\/td><td>16:00<\/td><\/tr><tr><td>Corrida<\/td><td>10:00<\/td><td>12:00<\/td><td>14:00<\/td><td>15:00<\/td><\/tr><\/tbody><\/table><\/figure>\n\n\n\n<p class=\"wp-block-paragraph\"><em>*Hor\u00e1rio de Bras\u00edlia<\/em><\/p>\n\n\n\n<p class=\"wp-block-paragraph\">\u25b6\ufe0f <strong>F1:&nbsp;<a href=\"https:\/\/www.grandepremio.com\/br\/f1\/calendario\/\">confira o calend\u00e1rio completo de 2026<\/a><\/strong><br>\u25b6\ufe0f <strong>Inscreva-se nos dois canais do GRANDE PR\u00caMIO no YouTube:&nbsp;<a href=\"https:\/\/www.youtube.com\/channel\/UC9OlHEgxoaY6QY6nWPoiqQg?sub_confirmation=1\">GP<\/a>&nbsp;|&nbsp;<a href=\"https:\/\/www.youtube.com\/channel\/UC9csiS6q_C3C0FYhyr1rnFA?sub_confirmation=1\">GPTV<\/a><\/strong><\/p>\n\n\n\n<h2 class=\"wp-block-heading\"><strong>F1 hoje: saiba aqui as not\u00edcias mais importantes do dia da F\u00f3rmula 1<\/strong><\/h2>\n\n\n\n<p class=\"wp-block-paragraph\">A reda\u00e7\u00e3o do&nbsp;<strong>GRANDE PR\u00caMIO<\/strong>&nbsp;selecionou as not\u00edcias mais importantes das \u00faltimas horas para voc\u00ea ficar por dentro de tudo que acontece na F1.<\/p>\n\n\n\n<p class=\"wp-block-paragraph\">\u25b6\ufe0f<a href=\"https:\/\/grandepremio.com\/br\/f1\/audi-reitera-proximos-anos-serao-organizacao-disputar-titulo-2030-f1\/\"> Audi reitera que pr\u00f3ximos anos ser\u00e3o &#8220;de organiza\u00e7\u00e3o&#8221; para &#8220;disputar t\u00edtulo na F1&#8221;<\/a><br>\u25b6\ufe0f <a href=\"https:\/\/grandepremio.com\/br\/f1\/aston-martin-reconhece-falha-comunicacao-pilotos-decisao-dolorosa\/\">Aston Martin reconhece falha de comunica\u00e7\u00e3o com pilotos: &#8216;Decis\u00e3o dolorosa&#8217;<\/a><br>\u25b6\ufe0f <a href=\"https:\/\/grandepremio.com\/br\/f1\/red-bull-teme-regeneracao-energia-spa-garante-nao-vamos-desistir\/\">Red Bull teme regenera\u00e7\u00e3o de energia em Spa, mas garante: &#8220;N\u00e3o vamos desistir&#8221;<\/a><br>\u25b6\ufe0f <a href=\"https:\/\/grandepremio.com\/br\/f1\/lando-norris-celebra-sonho-encontrar-valentino-rossi-goodwood-conhecam-seus-herois\/\">Norris celebra \u201csonho\u201d ao encontrar Rossi em Goodwood: \u201cConhe\u00e7am seus her\u00f3is\u201d<\/a><\/p>\n","protected":false},"excerpt":{"rendered":"<p>Ao comentar possibilidade de ver George Russell deixar a Mercedes, ex-piloto da McLaren na F\u00f3rmula 1 disse que juntar Andrea Kimi Antonelli e Max Verstappen na mesma dupla n\u00e3o seria boa ideia. E explicou o motivo<\/p>\n","protected":false},"author":13,"featured_media":1001092316,"comment_status":"closed","ping_status":"closed","sticky":false,"template":"","format":"standard","meta":{"42wp_featured_image_caption":"Antonelli e Verstappen juntos seria \"receita do desastre\", segundo ex-F1","42wp_featured_image_credits":"Red Bull Content Pool","42wp_featured_video":"","42wp_featured_image_hidden":false,"42wp_authors_list":[],"footnotes":""},"categories":[2],"tags":[27861,26271,5273,147,29516,29148,180,31425,28995,22936,1491,28285,30840,203,82,35129,204,108,31470,150],"42wp_author":[47142],"class_list":["post-150383","post","type-post","status-publish","format-standard","has-post-thumbnail","hentry","category-f1","tag-andrea-kimi-antonelli","tag-calendario-f1","tag-classificacao-f1","tag-f1","tag-f1-2026","tag-f1-hoje","tag-formula-1","tag-formula-1-2026","tag-formula-1-hoje","tag-gp-da-belgica","tag-grande-premio","tag-grandepremio","tag-horarios-f1","tag-max-verstappen","tag-mercedes","tag-onde-assistir-f1","tag-red-bull","tag-spa-francorchamps","tag-temporada-2026-f1","tag-toto-wolff","42wp_author-jp-nascimento"],"_links":{"self":[{"href":"https:\/\/grandepremio.com\/br\/wp-json\/wp\/v2\/posts\/150383","targetHints":{"allow":["GET"]}}],"collection":[{"href":"https:\/\/grandepremio.com\/br\/wp-json\/wp\/v2\/posts"}],"about":[{"href":"https:\/\/grandepremio.com\/br\/wp-json\/wp\/v2\/types\/post"}],"author":[{"embeddable":true,"href":"https:\/\/grandepremio.com\/br\/wp-json\/wp\/v2\/users\/13"}],"replies":[{"embeddable":true,"href":"https:\/\/grandepremio.com\/br\/wp-json\/wp\/v2\/comments?post=150383"}],"version-history":[{"count":1,"href":"https:\/\/grandepremio.com\/br\/wp-json\/wp\/v2\/posts\/150383\/revisions"}],"predecessor-version":[{"id":150388,"href":"https:\/\/grandepremio.com\/br\/wp-json\/wp\/v2\/posts\/150383\/revisions\/150388"}],"wp:featuredmedia":[{"embeddable":true,"href":"https:\/\/grandepremio.com\/br\/wp-json\/wp\/v2\/media\/1001092316"}],"wp:attachment":[{"href":"https:\/\/grandepremio.com\/br\/wp-json\/wp\/v2\/media?parent=150383"}],"wp:term":[{"taxonomy":"category","embeddable":true,"href":"https:\/\/grandepremio.com\/br\/wp-json\/wp\/v2\/categories?post=150383"},{"taxonomy":"post_tag","embeddable":true,"href":"https:\/\/grandepremio.com\/br\/wp-json\/wp\/v2\/tags?post=150383"},{"taxonomy":"42wp_author","embeddable":true,"href":"https:\/\/grandepremio.com\/br\/wp-json\/wp\/v2\/42wp_author?post=150383"}],"curies":[{"name":"wp","href":"https:\/\/api.w.org\/{rel}","templated":true}]}}