{"id":15052,"date":"2025-11-15T01:11:12","date_gmt":"2025-11-15T04:11:12","guid":{"rendered":"https:\/\/grandepremio.com\/br\/noticias\/leonel-pernia-comanda-classificacao-crava-pole-etapa-cuiaba-tcr-south-america\/"},"modified":"2025-11-15T01:14:16","modified_gmt":"2025-11-15T04:14:16","slug":"leonel-pernia-comanda-classificacao-crava-pole-etapa-cuiaba-tcr-south-america","status":"publish","type":"post","link":"https:\/\/grandepremio.com\/br\/tcr\/leonel-pernia-comanda-classificacao-crava-pole-etapa-cuiaba-tcr-south-america\/","title":{"rendered":"Leonel Pern\u00eda comanda classifica\u00e7\u00e3o e crava pole da etapa de Cuiab\u00e1 do TCR South America"},"content":{"rendered":"\n<p class=\"wp-block-paragraph\">O <strong>TCR South America<\/strong> come\u00e7ou as atividades da pen\u00faltima etapa da temporada 2025 no <strong>Aut\u00f3dromo Internacional do Mato Grosso<\/strong>, em <strong>Cuiab\u00e1<\/strong>, com <strong>Leonel Pern\u00eda<\/strong> cravando a pole-position nesta sexta-feira (14). O l\u00edder do campeonato, que pode conquistar o t\u00edtulo de maneira antecipada neste final de semana, marcou 1min50s892 para comandar a sess\u00e3o com certa folga. <\/p>\n\n\n\n<p class=\"wp-block-paragraph\"><strong>Nelsinho Piquet<\/strong>, 0s254 mais lento, ficou com a segunda coloca\u00e7\u00e3o. No entanto, cumprir\u00e1 uma puni\u00e7\u00e3o de 12 posi\u00e7\u00f5es no grid de largada por conta de uma troca no motor. <strong>Enzo Gianfratti<\/strong> completou o top-3 da sess\u00e3o, 0s649 atr\u00e1s do tempo refer\u00eancia de Pern\u00eda. <\/p>\n\n\n\n<p class=\"wp-block-paragraph\"><strong>Leo Reis<\/strong>, que liderou o Q1, e <strong>Fabi\u00e1n Yannantuoni<\/strong> tamb\u00e9m ficaram no grupo dos cinco primeiros na classifica\u00e7\u00e3o. <strong>Raphael Reis<\/strong> ficou com a sexta coloca\u00e7\u00e3o depois de chegar a liderar o Q2. No entanto, com o cron\u00f4metro zerado, ficou mais de 1s do pole-postion.<\/p>\n\n\n\n<figure class=\"wp-block-image size-full\"><img decoding=\"async\" src=\"https:\/\/www.grandepremio.com\/br\/wp-content\/uploads\/2025\/11\/20251113_@luisfranca_03933.jpg\" alt=\"\" class=\"wp-image-1034209\"\/><figcaption class=\"wp-element-caption\">Leonel Pern\u00eda \u00e9 pole em Cuiab\u00e1 (Foto: Luis Fran\u00e7a\/Vicar)<\/figcaption><\/figure>\n\n\n\n<p class=\"wp-block-paragraph\"><strong>Juan \u00c1ngel Rosso<\/strong>, <strong>Genaro Rasetto<\/strong>, <strong>Tiago Pern\u00eda<\/strong> e <strong>Mariano Pern\u00eda<\/strong> completaram o top-10 da sess\u00e3o. <\/p>\n\n\n\n<p class=\"wp-block-paragraph\">A corrida 1 estava prevista para acontecer ainda nesta sexta-feira (14), com largada marcada para a parte da noite, mas <a href=\"https:\/\/www.grandepremio.com\/br\/stock-car\/noticias\/stock-car-muda-data-de-corrida-sprint-apos-tempestade-e-alagamentos-em-cuiaba\/\">todas as atividades de pista foram suspensas e adiadas por conta de uma forte tempestade<\/a> que atingiu Cuiab\u00e1. Com isso, ambas as provas foram remanejadas para o s\u00e1bado (15).<\/p>\n\n\n\n<p class=\"wp-block-paragraph\">Agora, a corrida 1 est\u00e1 marcada para as 16h20 (hor\u00e1rio de Bras\u00edlia, GMT-3), enquanto a corrida 2 acontece algumas horas depois, \u00e0s 19h30. Ambas as provas contam com transmiss\u00e3o AO VIVO e COM IMAGENS do <strong>GRANDE PR\u00caMIO<\/strong>. <\/p>\n\n\n\n<p class=\"wp-block-paragraph\">\u25b6\ufe0f&nbsp;<strong>Inscreva-se nos dois canais do GRANDE PR\u00caMIO no YouTube:&nbsp;<a href=\"https:\/\/www.youtube.com\/channel\/UC9OlHEgxoaY6QY6nWPoiqQg?sub_confirmation=1\" target=\"_blank\" rel=\"noreferrer noopener\">GP<\/a>&nbsp;|&nbsp;<a href=\"https:\/\/www.youtube.com\/channel\/UC9csiS6q_C3C0FYhyr1rnFA?sub_confirmation=1\" target=\"_blank\" rel=\"noreferrer noopener\">GP2<\/a><\/strong><\/p>\n","protected":false},"excerpt":{"rendered":"<p>Leonel Pern\u00eda cravou a pole-position da pen\u00faltima etapa da temporada 2025 do TCR South America, em Cuiab\u00e1, e deu um importante passo na busca pelo t\u00edtulo antecipado<\/p>\n","protected":false},"author":0,"featured_media":1001034199,"comment_status":"closed","ping_status":"closed","sticky":false,"template":"","format":"standard","meta":{"42wp_featured_image_caption":"","42wp_featured_image_credits":"","42wp_featured_video":"","42wp_featured_image_hidden":false,"42wp_authors_list":[],"footnotes":""},"categories":[45],"tags":[27879,5660,36883,27165,1491,28285,37401,31681,37302,1186,32087,1214,332,41976,24921,42561,41977,43127,26158],"42wp_author":[47162],"class_list":["post-15052","post","type-post","status-publish","format-standard","has-post-thumbnail","hentry","category-tcr","tag-calendario-tcr","tag-classificacao","tag-classificacao-tcr","tag-cuiaba","tag-grande-premio","tag-grandepremio","tag-horarios-tcr","tag-juan-angel-rosso","tag-leonel-pernia","tag-nelsinho-piquet","tag-onde-assistir","tag-pole-position","tag-tcr","tag-tcr-2025","tag-tcr-sul-americano","tag-tcr-sul-americano-2025","tag-temporada-2025-tcr","tag-tiago-pernia","tag-velocitta","42wp_author-giovani-danjo"],"_links":{"self":[{"href":"https:\/\/grandepremio.com\/br\/wp-json\/wp\/v2\/posts\/15052","targetHints":{"allow":["GET"]}}],"collection":[{"href":"https:\/\/grandepremio.com\/br\/wp-json\/wp\/v2\/posts"}],"about":[{"href":"https:\/\/grandepremio.com\/br\/wp-json\/wp\/v2\/types\/post"}],"replies":[{"embeddable":true,"href":"https:\/\/grandepremio.com\/br\/wp-json\/wp\/v2\/comments?post=15052"}],"version-history":[{"count":0,"href":"https:\/\/grandepremio.com\/br\/wp-json\/wp\/v2\/posts\/15052\/revisions"}],"wp:featuredmedia":[{"embeddable":true,"href":"https:\/\/grandepremio.com\/br\/wp-json\/wp\/v2\/media\/1001034199"}],"wp:attachment":[{"href":"https:\/\/grandepremio.com\/br\/wp-json\/wp\/v2\/media?parent=15052"}],"wp:term":[{"taxonomy":"category","embeddable":true,"href":"https:\/\/grandepremio.com\/br\/wp-json\/wp\/v2\/categories?post=15052"},{"taxonomy":"post_tag","embeddable":true,"href":"https:\/\/grandepremio.com\/br\/wp-json\/wp\/v2\/tags?post=15052"},{"taxonomy":"42wp_author","embeddable":true,"href":"https:\/\/grandepremio.com\/br\/wp-json\/wp\/v2\/42wp_author?post=15052"}],"curies":[{"name":"wp","href":"https:\/\/api.w.org\/{rel}","templated":true}]}}