{"id":150690,"date":"2026-07-15T04:00:00","date_gmt":"2026-07-15T07:00:00","guid":{"rendered":"https:\/\/grandepremio.com\/br\/?p=150690"},"modified":"2026-07-14T19:36:00","modified_gmt":"2026-07-14T22:36:00","slug":"charles-leclerc-explica-vitoria-inglaterra-elevou-otimismo-ferrari-belgica","status":"publish","type":"post","link":"https:\/\/grandepremio.com\/br\/f1\/charles-leclerc-explica-vitoria-inglaterra-elevou-otimismo-ferrari-belgica\/","title":{"rendered":"Leclerc explica como vit\u00f3ria na Inglaterra elevou otimismo da Ferrari para B\u00e9lgica"},"content":{"rendered":"\n<p class=\"wp-block-paragraph\">Ap\u00f3s a vit\u00f3ria no <strong><a href=\"https:\/\/grandepremio.com\/br\/f1\/charles-leclerc-bate-mercedes-vence-inglaterra-gabriel-bortoleto-pontua-andrea-kimi-antonelli-sofre\/\">GP da Inglaterra<\/a><\/strong>, <strong>Charles Leclerc<\/strong> admitiu que a <strong>Ferrari<\/strong> chega \u00e0 <strong>B\u00e9lgica<\/strong> mais otimista com a possibilidade de superar novamente a Mercedes. O monegasco, por\u00e9m, manteve os p\u00e9s no ch\u00e3o e disse que o objetivo primeiramente \u00e9 se entender com a <strong>SF-26<\/strong> em <strong>Spa-Francorchamps<\/strong> e que, a partir da\u00ed, a situa\u00e7\u00e3o tende a evoluir naturalmente no fim de semana.<\/p>\n\n\n\n<figure class=\"wp-block-embed is-type-video is-provider-youtube wp-block-embed-youtube wp-embed-aspect-16-9 wp-has-aspect-ratio\"><div class=\"wp-block-embed__wrapper\">\n<iframe loading=\"lazy\" title=\"\ud83d\udd346H DE S\u00c3O PAULO COMPLETA E COM IMAGENS | CORRIDA FIA WEC 2026 | 4\u00aa etapa [live grande pr\u00eamio]\" width=\"500\" height=\"281\" src=\"https:\/\/www.youtube.com\/embed\/r_9JrS4vszE?feature=oembed\" frameborder=\"0\" allow=\"accelerometer; autoplay; clipboard-write; encrypted-media; gyroscope; picture-in-picture; web-share\" referrerpolicy=\"strict-origin-when-cross-origin\" allowfullscreen><\/iframe>\n<\/div><figcaption class=\"wp-element-caption\">6H DE S\u00c3O PAULO COMPLETA E COM IMAGENS | CORRIDA FIA WEC 2026 | 4\u00aa etapa [live grande pr\u00eamio]<\/figcaption><\/figure>\n\n\n\n<p class=\"wp-block-paragraph\">O dono do #16 enfrentou um per\u00edodo turbulento entre os GPs do Canad\u00e1 e o da \u00c1ustria, quando problemas nos freios e uma sequ\u00eancia de erros o atrapalharam na briga do pelot\u00e3o de cima da <strong>F\u00f3rmula 1<\/strong>. \u00c9 verdade que o desempenho da Ferrari tamb\u00e9m variou bastante, mas <strong>Lewis Hamilton <\/strong>mesmo assim conseguiu fazer frente a <strong>Andrea Kimi Antonelli<\/strong> e <strong>George Russell<\/strong>, colocando-se como candidato ao t\u00edtulo da temporada 2026.<\/p>\n\n\n\n<p class=\"wp-block-paragraph\">Em <strong>Silverstone<\/strong>, Leclerc apresentou uma recupera\u00e7\u00e3o not\u00e1vel ao longo do fim de semana e subiu no degrau mais alto do p\u00f3dio pela primeira vez no atual certame. Agora, de olho no GP da B\u00e9lgica, onde o gerenciamento de energia e o desempenho nas retas se apresentam como fatores cruciais, o monegasco detalhou o plano para obter sucesso mais uma vez.<\/p>\n\n\n\n<p class=\"wp-block-paragraph\">&#8220;Meu principal objetivo ser\u00e1 recuperar aquele bom entrosamento com o carro. Se conseguir isso, tenho certeza de que poderei extrair todo o potencial. Caso contr\u00e1rio, a situa\u00e7\u00e3o pode ficar mais complicada&#8221;, disse em conversa com o site italiano <em>FormulaPassion<\/em>.<\/p>\n\n\n\n<p class=\"wp-block-paragraph\">&#8220;Em rela\u00e7\u00e3o ao desempenho geral, \u00e9 claro que, como equipe, estamos dando o m\u00e1ximo para brigar e desafiar a <strong>Mercedes<\/strong>. Esper\u00e1vamos um fim de semana muito dif\u00edcil em Silverstone e, antes daquela etapa, imagin\u00e1vamos que as coisas poderiam ser ainda piores em Spa. Talvez estejamos um pouco mais pr\u00f3ximos do que pens\u00e1vamos inicialmente, mas isso ainda precisa ser confirmado&#8221;, seguiu.<\/p>\n\n\n\n<figure class=\"wp-block-image size-large\"><img loading=\"lazy\" decoding=\"async\" width=\"1024\" height=\"576\" src=\"https:\/\/grandepremio.com\/br\/wp-content\/uploads\/2026\/07\/f1-2026-inglaterra-corrida-ferrari-charles-leclerc-03-1024x576.jpg\" alt=\"F1 2026, INGLATERRA, CORRIDA, FERRARI, CHARLES LECLERC\" class=\"wp-image-1020308766\" srcset=\"https:\/\/grandepremio.com\/wp-content\/uploads\/2026\/07\/f1-2026-inglaterra-corrida-ferrari-charles-leclerc-03-1024x576.jpg 1024w, https:\/\/grandepremio.com\/wp-content\/uploads\/2026\/07\/f1-2026-inglaterra-corrida-ferrari-charles-leclerc-03-300x169.jpg 300w, https:\/\/grandepremio.com\/wp-content\/uploads\/2026\/07\/f1-2026-inglaterra-corrida-ferrari-charles-leclerc-03-768x432.jpg 768w, https:\/\/grandepremio.com\/wp-content\/uploads\/2026\/07\/f1-2026-inglaterra-corrida-ferrari-charles-leclerc-03-1536x864.jpg 1536w, https:\/\/grandepremio.com\/wp-content\/uploads\/2026\/07\/f1-2026-inglaterra-corrida-ferrari-charles-leclerc-03-1200x675.jpg 1200w, https:\/\/grandepremio.com\/wp-content\/uploads\/2026\/07\/f1-2026-inglaterra-corrida-ferrari-charles-leclerc-03-150x84.jpg 150w, https:\/\/grandepremio.com\/wp-content\/uploads\/2026\/07\/f1-2026-inglaterra-corrida-ferrari-charles-leclerc-03.jpg 1920w\" sizes=\"(max-width: 1024px) 100vw, 1024px\" \/><figcaption class=\"wp-element-caption\">Charles Leclerc finalmente voltou a vencer (Foto: Ferrari)<\/figcaption><\/figure>\n\n\n\n<p class=\"wp-block-paragraph\">Para tentar superar a Mercedes, a vers\u00e3o italiana do <em>Motorsport <\/em><a href=\"https:\/\/grandepremio.com\/br\/f1\/ferrari-se-arma-pegar-mercedes-planeja-ganho-11-km-h-retas-spa-belgica\/\" target=\"_blank\" rel=\"noreferrer noopener\">informou que a Ferrari preparou algumas mudan\u00e7as na SF-26<\/a> para ganhar at\u00e9 11 km\/h nas retas da pista belga. Apesar de toda a anima\u00e7\u00e3o em Maranello, Charles deixou claro que a vit\u00f3ria ser\u00e1 uma consequ\u00eancia do bom trabalho \u2014 e, por isso, n\u00e3o coloca um novo triunfo como primeiro grande objetivo.<\/p>\n\n\n\n<p class=\"wp-block-paragraph\">&#8220;Pessoalmente, por\u00e9m, n\u00e3o vou me concentrar apenas na vit\u00f3ria, porque essa seria a abordagem errada. Meu foco estar\u00e1 no processo necess\u00e1rio para encontrar o acerto ideal e extrair o m\u00e1ximo desempenho do carro&#8221;, concluiu.<\/p>\n\n\n\n<p class=\"wp-block-paragraph\">A&nbsp;<strong>F\u00f3rmula 1<\/strong>&nbsp;volta neste fim de semana, de<strong>&nbsp;17 a 19 de julho<\/strong>, com o&nbsp;<strong>GP da B\u00e9lgica<\/strong>, em&nbsp;<strong>Spa-Francorchamps<\/strong>, d\u00e9cimo da temporada 2026. O&nbsp;<strong>GRANDE PR\u00caMIO<\/strong>&nbsp;acompanha todas as atividades&nbsp;<a href=\"https:\/\/www.grandepremio.com\/br\/ao-vivo\/f1\/\">&nbsp;<strong>AO VIVO E EM&nbsp;<\/strong><\/a><strong><a href=\"https:\/\/www.grandepremio.com\/br\/ao-vivo\/\" target=\"_blank\" rel=\"noreferrer noopener\">TEMPO REAL<\/a><\/strong>,&nbsp;<a href=\"https:\/\/www.youtube.com\/@GrandePremio1\/streams\">al\u00e9m de classifica\u00e7\u00e3o e corrida em&nbsp;<strong>SEGUNDA TELA&nbsp;<\/strong>no YouTube<\/a>, em parceria com a&nbsp;<strong>Voz do Esporte<\/strong>. O&nbsp;<strong>Briefing&nbsp;<\/strong>chega para analisar ap\u00f3s o fim de cada dia de atividades nas redes sociais e na&nbsp;<strong>GPTV<\/strong>.<\/p>\n\n\n\n<p class=\"wp-block-paragraph\">Al\u00e9m da cobertura completa das atividades, o&nbsp;<strong>GRANDE PR\u00caMIO<\/strong>&nbsp;tamb\u00e9m estar\u00e1 in loco em&nbsp;<strong>Spa&nbsp;<\/strong>com o rep\u00f3rter&nbsp;<strong>Leonid Kliuev<\/strong>.<\/p>\n\n\n\n<h2 class=\"wp-block-heading\">GP da B\u00e9lgica de F1: veja os hor\u00e1rios em Brasil, Cabo Verde,&nbsp;<a href=\"https:\/\/grandepremio.pt\/\" target=\"_blank\" rel=\"noreferrer noopener\"><strong>Portugal<\/strong><\/a>, Angola e Mo\u00e7ambique:<\/h2>\n\n\n\n<figure class=\"wp-block-table\"><table class=\"has-fixed-layout\"><tbody><tr><td><strong>Sess\u00e3o<\/strong><\/td><td><strong>BRA*<\/strong><\/td><td><strong>CBV<\/strong><\/td><td><strong>POR<\/strong><br><strong>ANG<\/strong><\/td><td><strong>MOZ<\/strong><\/td><\/tr><tr><td>Treino livre 1<\/td><td>08:30<\/td><td>10:30<\/td><td>12:30<\/td><td>13:30<\/td><\/tr><tr><td>Treino livre 2<\/td><td>12:00<\/td><td>14:00<\/td><td>16:00<\/td><td>17:00<\/td><\/tr><tr><td>Treino livre 3<\/td><td>07:30<\/td><td>09:30<\/td><td>11:30<\/td><td>12:30<\/td><\/tr><tr><td>Classifica\u00e7\u00e3o<\/td><td>11:00<\/td><td>13:00<\/td><td>15:00<\/td><td>16:00<\/td><\/tr><tr><td>Corrida<\/td><td>10:00<\/td><td>12:00<\/td><td>14:00<\/td><td>15:00<\/td><\/tr><\/tbody><\/table><\/figure>\n\n\n\n<p class=\"wp-block-paragraph\"><em>*Hor\u00e1rio de Bras\u00edlia<\/em><\/p>\n\n\n\n<p class=\"wp-block-paragraph\"><strong>F1:&nbsp;<a href=\"https:\/\/www.grandepremio.com\/br\/f1\/calendario\/\">confira o calend\u00e1rio completo de 2026<\/a><\/strong><br><strong>Inscreva-se nos dois canais do GRANDE PR\u00caMIO no YouTube:&nbsp;<a href=\"https:\/\/www.youtube.com\/channel\/UC9OlHEgxoaY6QY6nWPoiqQg?sub_confirmation=1\">GP<\/a>&nbsp;|&nbsp;<a href=\"https:\/\/www.youtube.com\/channel\/UC9csiS6q_C3C0FYhyr1rnFA?sub_confirmation=1\">GPTV<\/a><\/strong><\/p>\n\n\n\n<h2 class=\"wp-block-heading\"><strong>F1 hoje: saiba aqui as not\u00edcias mais importantes do dia da F\u00f3rmula 1<\/strong><\/h2>\n\n\n\n<p class=\"wp-block-paragraph\">A reda\u00e7\u00e3o do&nbsp;<strong>GRANDE PR\u00caMIO<\/strong>&nbsp;selecionou as not\u00edcias mais importantes das \u00faltimas horas para voc\u00ea ficar por dentro de tudo que acontece na F1.<\/p>\n\n\n\n<p class=\"wp-block-paragraph\"><a href=\"https:\/\/grandepremio.com\/br\/f1\/justica-britanica-pula-apelacoes-leva-acao-felipe-massa-contra-f1-suprema-corte\/\">Justi\u00e7a brit\u00e2nica pula apela\u00e7\u00f5es e leva a\u00e7\u00e3o de Massa contra F1 para Suprema Corte<\/a><br><a href=\"https:\/\/grandepremio.com\/br\/f1\/fia-mantem-investigacao-mas-libera-asa-macarena-red-bull-ferrari-em-spa\/\">FIA mant\u00e9m investiga\u00e7\u00e3o, mas libera asa Macarena de Red Bull e Ferrari em Spa<\/a><br><a href=\"https:\/\/grandepremio.com\/br\/f1\/helmut-marko-minimiza-reuniao-jura-nao-tem-ideia-futuro-max-verstappen-f1\/\">Marko minimiza reuni\u00e3o e jura que \u201cn\u00e3o tem nem ideia\u201d de futuro de Verstappen na F1<\/a><br><a href=\"https:\/\/grandepremio.com\/br\/f1\/mclaren-recebe-novo-motor-mercedes-gp-belgica-da-f1\/\">McLaren recebe novo motor Mercedes para GP da B\u00e9lgica da F1<\/a><br><a href=\"https:\/\/grandepremio.com\/br\/f1\/gabriel-bortoleto-anima-pontos-inglaterra-busca-bom-resultado-belgica\/\">Bortoleto se anima com pontos na Inglaterra e busca \u201cmais um bom resultado\u201d na B\u00e9lgica<\/a><\/p>\n","protected":false},"excerpt":{"rendered":"<p>Charles Leclerc admitiu que a Ferrari n\u00e3o esperava desafiar a Mercedes nos circuitos de alta velocidade, mas disse que a vit\u00f3ria em Silverstone mostrou um cen\u00e1rio diferente<\/p>\n","protected":false},"author":3,"featured_media":1020308701,"comment_status":"closed","ping_status":"closed","sticky":false,"template":"","format":"standard","meta":{"42wp_featured_image_caption":"Charles Leclerc brilhou na Inglaterra","42wp_featured_image_credits":"Reprodu\u00e7\u00e3o\/F1","42wp_featured_video":"","42wp_featured_image_hidden":false,"42wp_authors_list":[],"footnotes":""},"categories":[2],"tags":[26000,209,5660,29516,642,207,46211,578,33334,35558,24899,46212,30039,33934,1713,37187,39670,87],"42wp_author":[47160],"class_list":["post-150690","post","type-post","status-publish","format-standard","has-post-thumbnail","hentry","category-f1","tag-audiencia-da-tv","tag-charles-leclerc","tag-classificacao","tag-f1-2026","tag-f1-ao-vivo","tag-ferrari","tag-ferrari-2026","tag-ferrari-f1","tag-ferrari-formula-1","tag-gp-belgica","tag-gp-da-belgica-2","tag-hamilton-2026","tag-hamilton-f1","tag-hamilton-formula-1","tag-hamilton-na-ferrari","tag-leclerc-f1","tag-leclerc-formula-1","tag-lewis-hamilton","42wp_author-vicente-soella"],"_links":{"self":[{"href":"https:\/\/grandepremio.com\/br\/wp-json\/wp\/v2\/posts\/150690","targetHints":{"allow":["GET"]}}],"collection":[{"href":"https:\/\/grandepremio.com\/br\/wp-json\/wp\/v2\/posts"}],"about":[{"href":"https:\/\/grandepremio.com\/br\/wp-json\/wp\/v2\/types\/post"}],"author":[{"embeddable":true,"href":"https:\/\/grandepremio.com\/br\/wp-json\/wp\/v2\/users\/3"}],"replies":[{"embeddable":true,"href":"https:\/\/grandepremio.com\/br\/wp-json\/wp\/v2\/comments?post=150690"}],"version-history":[{"count":1,"href":"https:\/\/grandepremio.com\/br\/wp-json\/wp\/v2\/posts\/150690\/revisions"}],"predecessor-version":[{"id":150692,"href":"https:\/\/grandepremio.com\/br\/wp-json\/wp\/v2\/posts\/150690\/revisions\/150692"}],"wp:featuredmedia":[{"embeddable":true,"href":"https:\/\/grandepremio.com\/br\/wp-json\/wp\/v2\/media\/1020308701"}],"wp:attachment":[{"href":"https:\/\/grandepremio.com\/br\/wp-json\/wp\/v2\/media?parent=150690"}],"wp:term":[{"taxonomy":"category","embeddable":true,"href":"https:\/\/grandepremio.com\/br\/wp-json\/wp\/v2\/categories?post=150690"},{"taxonomy":"post_tag","embeddable":true,"href":"https:\/\/grandepremio.com\/br\/wp-json\/wp\/v2\/tags?post=150690"},{"taxonomy":"42wp_author","embeddable":true,"href":"https:\/\/grandepremio.com\/br\/wp-json\/wp\/v2\/42wp_author?post=150690"}],"curies":[{"name":"wp","href":"https:\/\/api.w.org\/{rel}","templated":true}]}}