{"id":15072,"date":"2025-11-14T12:22:42","date_gmt":"2025-11-14T15:22:42","guid":{"rendered":"https:\/\/grandepremio.com\/br\/noticias\/audi-preve-titulo-f1-2026-para-quem-reagir-melhor-longo-ano\/"},"modified":"2025-11-14T12:26:09","modified_gmt":"2025-11-14T15:26:09","slug":"audi-preve-titulo-f1-2026-para-quem-reagir-melhor-longo-ano","status":"publish","type":"post","link":"https:\/\/grandepremio.com\/br\/f1\/audi-preve-titulo-f1-2026-para-quem-reagir-melhor-longo-ano\/","title":{"rendered":"Audi prev\u00ea t\u00edtulo da F1 2026 para &#8220;quem reagir melhor ao longo do ano&#8221;"},"content":{"rendered":"\n<p class=\"wp-block-paragraph\">A temporada 2026 da <strong>F\u00f3rmula 1<\/strong> ter\u00e1 uma grande mudan\u00e7a no regulamento t\u00e9cnico, com a aerodin\u00e2mica e os motores sendo os principais afetados. <strong>Mattia Binotto<\/strong>, l\u00edder do projeto da <strong>Audi<\/strong> na categoria, acredita que o campe\u00e3o do ano que vem n\u00e3o ser\u00e1 quem come\u00e7ar vencendo, mas sim quem tiver o melhor poder de rea\u00e7\u00e3o ao longo do campeonato.<\/p>\n\n\n\n<p class=\"wp-block-paragraph\">Al\u00e9m de modifica\u00e7\u00f5es no \u00e2mbito das unidades de pot\u00eancia, com a parte el\u00e9trica passando a representar at\u00e9 50% da for\u00e7a total \u2014 frente aos 20% atuais \u2014 e combust\u00edvel 100% sustent\u00e1vel, a aerodin\u00e2mica dos carros tamb\u00e9m enfrentar\u00e1 uma verdadeira revolu\u00e7\u00e3o com o novo regulamento, incluindo o fim do DRS, o retorno da aerodin\u00e2mica ativa e a redu\u00e7\u00e3o significativa do efeito-solo.<\/p>\n\n\n\n<p class=\"wp-block-paragraph\">Apesar de a primeira corrida de 2026 ser apenas dia 8 de mar\u00e7o de 2026 na <strong>Austr\u00e1lia<\/strong>, a pr\u00e9-temporada come\u00e7a bem antes, em 26 de janeiro, em <strong>Barcelona<\/strong>. Com isso, as equipes j\u00e1 correm contra o tempo, pois os carros precisam estar prontos no in\u00edcio de janeiro.<\/p>\n\n\n\n<p class=\"wp-block-paragraph\">A Audi tamb\u00e9m contar\u00e1 com os pr\u00f3prios motores no ano que vem. Portanto, ter um b\u00f3lido confi\u00e1vel para acumular quilometragem logo de cara ser\u00e1 fundamental. Binotto ressaltou que a equipe que melhor reagir ao longo do campeonato, ser\u00e1 campe\u00e3.<\/p>\n\n\n\n<figure class=\"wp-block-image size-full\"><img decoding=\"async\" src=\"https:\/\/www.grandepremio.com\/br\/wp-content\/uploads\/2025\/03\/mattia-binotto-sauber-2.jpg\" alt=\"\" class=\"wp-image-935511\"\/><figcaption class=\"wp-element-caption\">Mattia Binotto comanda o projeto da Audi na F1 (Foto: Reprodu\u00e7\u00e3o\/X)<\/figcaption><\/figure>\n\n\n\n<p class=\"wp-block-paragraph\">\u201c\u00c9 uma mudan\u00e7a \u00e0 qual n\u00e3o estamos acostumados e pode acontecer que, no in\u00edcio da pr\u00f3xima temporada, algumas equipes tenham feito as escolhas certas e outras n\u00e3o, justamente porque as ferramentas n\u00e3o est\u00e3o calibradas&#8221;, disse o dirigente da Audi no evento de lan\u00e7amento da pintura conceitual do R26.<\/p>\n\n\n\n<p class=\"wp-block-paragraph\">&#8220;Por isso, costumo dizer que n\u00e3o ser\u00e1 poss\u00edvel julgar qual ser\u00e1 a melhor equipe logo no in\u00edcio da temporada. Ser\u00e1 mais importante entender quem saber\u00e1 reagir melhor posteriormente. Para mim, de fato, a melhor equipe ser\u00e1 aquela capaz de se adaptar rapidamente e desenvolver o carro com rapidez e efic\u00e1cia\u201d, finalizou Binotto.<\/p>\n\n\n\n<p class=\"wp-block-paragraph\">Ap\u00f3s a passagem pelo Brasil, a&nbsp;<a href=\"https:\/\/www.grandepremio.com\/br\/f1\/\" target=\"_blank\" rel=\"noreferrer noopener\">F\u00f3rmula 1<\/a>&nbsp;s\u00f3 retorna no fim do m\u00eas, para mais uma edi\u00e7\u00e3o do&nbsp;<strong>GP de Las Vegas<\/strong>. A antepen\u00faltima etapa da temporada 2025 acontece entre os dias&nbsp;<strong>21 e 23 de novembro<\/strong>, com cobertura completa do&nbsp;<strong>GRANDE PR\u00caMIO<\/strong>. Depois, restar\u00e3o apenas as passagens por&nbsp;<strong>Catar&nbsp;<\/strong>e&nbsp;<strong>Abu Dhabi<\/strong>.<\/p>\n\n\n\n<p class=\"wp-block-paragraph\"><strong>\u25b6\ufe0f<\/strong>&nbsp;<strong>Onde assistir F1?&nbsp;<a href=\"https:\/\/www.grandepremio.com\/br\/f1\/noticias\/formula-1-vai-passar-tv-hoje-onde-assistir-classificacao-gp-sao-paulo-brasil\/\" target=\"_blank\" rel=\"noreferrer noopener\">Veja aqui todas as informa\u00e7\u00f5es<\/a>.<br>\u25b6\ufe0f&nbsp;F1: faltam quantas corridas?&nbsp;<a href=\"https:\/\/www.grandepremio.com\/br\/f1\/calendario\/\" target=\"_blank\" rel=\"noreferrer noopener\">Veja o calend\u00e1rio da F1<\/a>.<\/strong><\/p>\n\n\n\n<figure class=\"wp-block-embed is-type-video is-provider-youtube wp-block-embed-youtube wp-embed-aspect-16-9 wp-has-aspect-ratio\"><div class=\"wp-block-embed__wrapper\">\n<iframe loading=\"lazy\" title=\"AUDI APRESENTA PINTURA CONCEITUAL DE 2026 E REFOR\u00c7A: META \u00c9 T\u00cdTULO AT\u00c9 2030 | WGP\" width=\"500\" height=\"281\" src=\"https:\/\/www.youtube.com\/embed\/xPa_uJ_DE6U?feature=oembed\" frameborder=\"0\" allow=\"accelerometer; autoplay; clipboard-write; encrypted-media; gyroscope; picture-in-picture; web-share\" referrerpolicy=\"strict-origin-when-cross-origin\" allowfullscreen><\/iframe>\n<\/div><\/figure>\n","protected":false},"excerpt":{"rendered":"<p>CEO da Audi na F1, Mattia Binotto disse que a equipe campe\u00e3 da pr\u00f3xima temporada ser\u00e1 aquela que ter\u00e1 a melhor capacidade de rea\u00e7\u00e3o durante o ano<\/p>\n","protected":false},"author":0,"featured_media":1001033625,"comment_status":"closed","ping_status":"closed","sticky":false,"template":"","format":"standard","meta":{"42wp_featured_image_caption":"","42wp_featured_image_credits":"","42wp_featured_video":"","42wp_featured_image_hidden":false,"42wp_authors_list":[],"footnotes":""},"categories":[2],"tags":[970,5660,969,147,3630,29516,642,160,180,3628,350,1491,30103,28285,442,1521,1197],"42wp_author":[47163],"class_list":["post-15072","post","type-post","status-publish","format-standard","has-post-thumbnail","hentry","category-f1","tag-audi","tag-classificacao","tag-corrida","tag-f1","tag-f1-2025","tag-f1-2026","tag-f1-ao-vivo","tag-f1-tv","tag-formula-1","tag-formula-1-2025","tag-gabriel-bortoleto","tag-grande-premio","tag-grande-premio-f1","tag-grandepremio","tag-mattia-binotto","tag-nico-hulkenberg","tag-sauber","42wp_author-caio-cavalcante"],"_links":{"self":[{"href":"https:\/\/grandepremio.com\/br\/wp-json\/wp\/v2\/posts\/15072","targetHints":{"allow":["GET"]}}],"collection":[{"href":"https:\/\/grandepremio.com\/br\/wp-json\/wp\/v2\/posts"}],"about":[{"href":"https:\/\/grandepremio.com\/br\/wp-json\/wp\/v2\/types\/post"}],"replies":[{"embeddable":true,"href":"https:\/\/grandepremio.com\/br\/wp-json\/wp\/v2\/comments?post=15072"}],"version-history":[{"count":0,"href":"https:\/\/grandepremio.com\/br\/wp-json\/wp\/v2\/posts\/15072\/revisions"}],"wp:featuredmedia":[{"embeddable":true,"href":"https:\/\/grandepremio.com\/br\/wp-json\/wp\/v2\/media\/1001033625"}],"wp:attachment":[{"href":"https:\/\/grandepremio.com\/br\/wp-json\/wp\/v2\/media?parent=15072"}],"wp:term":[{"taxonomy":"category","embeddable":true,"href":"https:\/\/grandepremio.com\/br\/wp-json\/wp\/v2\/categories?post=15072"},{"taxonomy":"post_tag","embeddable":true,"href":"https:\/\/grandepremio.com\/br\/wp-json\/wp\/v2\/tags?post=15072"},{"taxonomy":"42wp_author","embeddable":true,"href":"https:\/\/grandepremio.com\/br\/wp-json\/wp\/v2\/42wp_author?post=15072"}],"curies":[{"name":"wp","href":"https:\/\/api.w.org\/{rel}","templated":true}]}}